{"id":145542,"date":"2024-12-14T16:29:03","date_gmt":"2024-12-14T19:29:03","guid":{"rendered":"https:\/\/senoticias.com.br\/se\/?p=145542"},"modified":"2024-12-14T16:29:03","modified_gmt":"2024-12-14T19:29:03","slug":"sacola-de-dinheiro-e-obstrucao-de-investigacao-entenda-prisao-de-braga-netto","status":"publish","type":"post","link":"https:\/\/senoticias.com.br\/se\/sacola-de-dinheiro-e-obstrucao-de-investigacao-entenda-prisao-de-braga-netto\/","title":{"rendered":"Sacola de dinheiro e obstru\u00e7\u00e3o de investiga\u00e7\u00e3o; entenda pris\u00e3o de Braga Netto"},"content":{"rendered":"<p>O ministro Alexandre de Moraes do Supremo Tribunal Federal determinou a pris\u00e3o do ex-ministro Braga Netto (PL) por considerar que dados trazidos pela Pol\u00edcia Federal revelam a &#8220;efetiva a\u00e7\u00e3o&#8221; do general para &#8220;obstruir as investiga\u00e7\u00f5es em curso, mediante obten\u00e7\u00e3o de dados sigilosos em \u00e2mbito de acordo de colabora\u00e7\u00e3o premiada&#8221; do ex-ajudante de ordens, tenente-coronel Mauro Cid Barbosa.<\/p>\n<p><strong>A decis\u00e3o do ministro tem 33 p\u00e1ginas e foi tornada p\u00fablica ap\u00f3s a realiza\u00e7\u00e3o da opera\u00e7\u00e3o.<\/strong><\/p>\n<p>O pedido de pris\u00e3o feito pela PF considerou que as medidas cautelares adotadas ao longo da investiga\u00e7\u00e3o &#8220;n\u00e3o se revelam suficientes&#8221; e que a liberdade do general significa &#8220;risco concreto \u00e0 ordem p\u00fablica e \u00e0 aplica\u00e7\u00e3o da lei penal&#8221; sobre a investiga\u00e7\u00e3o da tentativa de golpe de Estado. O militar, Bolsonaro e outras 38 pessoas foram indiciadas no final de novembro por tentativa de golpe. Ambos negam e se dizem perseguidos. Sobre a pris\u00e3o, a defesa de Braga Netto n\u00e3o tinha se manifestado at\u00e9 \u00e0s 11h30 deste s\u00e1bado.<\/p>\n<p>As informa\u00e7\u00f5es, foram obtidas pelo rep\u00f3rter Guilherme Mazieiro, foi divulgada pela Portal Terra neste s\u00e1bado, 14.<\/p>\n<div id=\"attachment_145543\" style=\"width: 607px\" class=\"wp-caption aligncenter\"><a href=\"https:\/\/senoticias.com.br\/se\/wp-content\/uploads\/2024\/12\/Braga-Neto-preso-SE-Noticias.png\"><img loading=\"lazy\" decoding=\"async\" aria-describedby=\"caption-attachment-145543\" class=\"size-full wp-image-145543\" src=\"https:\/\/senoticias.com.br\/se\/wp-content\/uploads\/2024\/12\/Braga-Neto-preso-SE-Noticias.png\" alt=\"\" width=\"597\" height=\"444\" srcset=\"https:\/\/senoticias.com.br\/se\/wp-content\/uploads\/2024\/12\/Braga-Neto-preso-SE-Noticias.png 597w, https:\/\/senoticias.com.br\/se\/wp-content\/uploads\/2024\/12\/Braga-Neto-preso-SE-Noticias-300x223.png 300w\" sizes=\"(max-width: 597px) 100vw, 597px\" \/><\/a><p id=\"caption-attachment-145543\" class=\"wp-caption-text\">Braga Netto foi preso neste s\u00e1bado, 14 &#8211; Foto: Pedro Kirilos\/Estad\u00e3o\u00a0<\/p><\/div>\n<p>O pedido de pris\u00e3o de Braga Netto traz outras informa\u00e7\u00f5es da investiga\u00e7\u00e3o, como o financiamento dos &#8220;kids pretos&#8221;, nome dos membros das For\u00e7as Especiais, para avan\u00e7ar com o golpe. Segundo a PF, o general:<\/p>\n<p>\u2666tentou obter dados sigilosos da dela\u00e7\u00e3o de Mauro Cid, controlar e alinhar vers\u00f5es dos investigados;<\/p>\n<p>\u2666coordenou a\u00e7\u00f5es il\u00edcitas executadas por militares com forma\u00e7\u00e3o em For\u00e7as Especiais;<\/p>\n<p>\u2666entregou dinheiro em uma sacola de vinho para financiar as\u00a0opera\u00e7\u00f5es;<\/p>\n<p>\u2666coordenou as a\u00e7\u00f5es clandestinas para tentar prender e executar o ministro do Supremo Tribunal Federal Alexandre de Moraes.<\/p>\n<p>Na decis\u00e3o, o ministro diz que a Pol\u00edcia Federal apontou que o depoimento prestado por Mauro Cid trouxe elementos que permitem &#8220;caracterizar a exist\u00eancia de conduta dolosa&#8221; de Braga Netto no sentido de impedir ou obstruir as investiga\u00e7\u00f5es em curso, o que pode configurar crime.<\/p>\n<p>&#8220;Conforme detalhado pela Pol\u00edcia Federal, h\u00e1 diversos elementos de prova, nas Pets 12.100\/DF e 11.645\/DF, que evidenciam que Walter Souza Braga Netto atuou, dolosamente, para impedir a total elucida\u00e7\u00e3o dos fatos, notadamente por meio de atua\u00e7\u00e3o concreta para a obten\u00e7\u00e3o de dados fornecidos pelo colaborador MAURO C\u00c9SAR BARBOSA CID, em sua colabora\u00e7\u00e3o premiada, &#8216;com o objetivo de controlar as informa\u00e7\u00f5es fornecidas, alterar a realidade dos fatos apurados, al\u00e9m de consolidar o alinhamento de vers\u00f5es entre os investigados'&#8221;.<\/p>\n<p><strong>Dinheiro em sacola de vinho<\/strong><\/p>\n<p>Segundo a decis\u00e3o, durante audi\u00eancia no dia 21 de novembro, junto ao ministro Alexandre de Moraes, no STF, Mauro Cid relatou que Braga Netto financiou a a\u00e7\u00e3o de membros das for\u00e7as especiais para consumar o golpe.<\/p>\n<p>&#8220;O general repassou diretamente ao ent\u00e3o Major Rafael de Oliveira dinheiro em uma sacola de vinho, que serviria para o financiamento das despesas necess\u00e1rias a\u00a0realiza\u00e7\u00e3o da opera\u00e7\u00e3o\u201d, disse Cid.\u00a0Segundo o delator, Braga Netto disse aos militares que o dinheiro &#8220;havia sido obtido junto ao pessoal do agroneg\u00f3cio&#8221;. Nos documentos tornados p\u00fablicos n\u00e3o h\u00e1 detalhes sobre quem seriam essas pessoas e os valores.<\/p>\n<p>A Pol\u00edcia Federal aponta que a pris\u00e3o de Braga Netto se d\u00e1 sobre a investiga\u00e7\u00e3o de uma organiza\u00e7\u00e3o criminosa que atuou \u201ccom o fim de obten\u00e7\u00e3o de vantagem consistente em tentar manter o ent\u00e3o Presidente da Rep\u00fablica JAIR BOLSONARO no poder no final do ano de 2022, a partir da consuma\u00e7\u00e3o de um Golpe de Estado e da Aboli\u00e7\u00e3o do Estado Democr\u00e1tico de Direito, restringindo o exerc\u00edcio do Poder Judici\u00e1rio e impedindo a posse do ent\u00e3o presidente da rep\u00fablica eleito\u201d.<\/p>\n<p>Dentro dessa trama, os kid pretos seriam parte da execu\u00e7\u00e3o do plano. As investiga\u00e7\u00e3o reveleram que Mauro Cid e o Major Rafael de Oliveira, preso em novembro, haviam feito uma estimativa de custos com materiais para levar os &#8216;kids pretos&#8217; levarem o plano de assassinato de autoridades e do golpe adiante. O valor chegava a R$ 100 mil.<\/p>\n<p>O relat\u00f3rio da PF que pediu o indiciamento dos 40 investigados mostrou que para o plano &#8220;Copa 2022&#8221;, foram\u00a0comprados com dinheiro vivo, um aparelho celular e quatro chips.<\/p>\n<p><strong>Guilherme Mazieiro<\/strong> \u00e9 rep\u00f3rter\u00a0e cobre pol\u00edtica em Bras\u00edlia (DF). J\u00e1 trabalhou nas reda\u00e7\u00f5es de O Estado de S. Paulo, EPTV\/Globo Campinas, UOL e The Intercept Brasil. Formado em jornalismo na Puc-Campinas, com especializa\u00e7\u00e3o em Gest\u00e3o P\u00fablica e Governo na Unicamp.\u00a0As opini\u00f5es do\u00a0colunista n\u00e3o representam\u00a0a vis\u00e3o do Terra.<\/p>\n<p><strong><em>Acompanhe tamb\u00e9m o SE Not\u00edcias no\u00a0<a href=\"https:\/\/www.instagram.com\/senoticias\/\" target=\"_blank\" rel=\"noreferrer noopener\">Instagram<\/a><\/em><\/strong>,\u00a0<strong><em>\u00a0<a href=\"https:\/\/www.facebook.com\/senoticias1\" target=\"_blank\" rel=\"noreferrer noopener\">Facebook<\/a>\u00a0e\u00a0no<\/em>\u00a0<em><a href=\"https:\/\/twitter.com\/Senoticias\">X<\/a><\/em><\/strong><\/p>\n","protected":false},"excerpt":{"rendered":"<p>O ministro Alexandre de Moraes do Supremo Tribunal Federal determinou a pris\u00e3o do ex-ministro Braga Netto (PL) por considerar que dados trazidos pela Pol\u00edcia Federal revelam a &#8220;efetiva a\u00e7\u00e3o&#8221; do general para &#8220;obstruir as investiga\u00e7\u00f5es em curso, mediante obten\u00e7\u00e3o de dados sigilosos em \u00e2mbito de acordo de colabora\u00e7\u00e3o premiada&#8221; do ex-ajudante de ordens, tenente-coronel Mauro [&hellip;]<\/p>\n","protected":false},"author":6557,"featured_media":145543,"comment_status":"closed","ping_status":"closed","sticky":false,"template":"","format":"standard","meta":{"footnotes":""},"categories":[15,6],"tags":[42822,42823,42824,836],"class_list":{"0":"post-145542","1":"post","2":"type-post","3":"status-publish","4":"format-standard","5":"has-post-thumbnail","7":"category-destaques","8":"category-politica","9":"tag-braga-neto","10":"tag-braga-neto-preso","11":"tag-general-do-exercito-braga-neto","12":"tag-stf"},"_links":{"self":[{"href":"https:\/\/senoticias.com.br\/se\/wp-json\/wp\/v2\/posts\/145542"}],"collection":[{"href":"https:\/\/senoticias.com.br\/se\/wp-json\/wp\/v2\/posts"}],"about":[{"href":"https:\/\/senoticias.com.br\/se\/wp-json\/wp\/v2\/types\/post"}],"author":[{"embeddable":true,"href":"https:\/\/senoticias.com.br\/se\/wp-json\/wp\/v2\/users\/6557"}],"replies":[{"embeddable":true,"href":"https:\/\/senoticias.com.br\/se\/wp-json\/wp\/v2\/comments?post=145542"}],"version-history":[{"count":0,"href":"https:\/\/senoticias.com.br\/se\/wp-json\/wp\/v2\/posts\/145542\/revisions"}],"wp:featuredmedia":[{"embeddable":true,"href":"https:\/\/senoticias.com.br\/se\/wp-json\/wp\/v2\/media\/145543"}],"wp:attachment":[{"href":"https:\/\/senoticias.com.br\/se\/wp-json\/wp\/v2\/media?parent=145542"}],"wp:term":[{"taxonomy":"category","embeddable":true,"href":"https:\/\/senoticias.com.br\/se\/wp-json\/wp\/v2\/categories?post=145542"},{"taxonomy":"post_tag","embeddable":true,"href":"https:\/\/senoticias.com.br\/se\/wp-json\/wp\/v2\/tags?post=145542"}],"curies":[{"name":"wp","href":"https:\/\/api.w.org\/{rel}","templated":true}]}}