{"id":145540,"date":"2024-12-13T18:05:42","date_gmt":"2024-12-13T21:05:42","guid":{"rendered":"https:\/\/senoticias.com.br\/se\/?p=145540"},"modified":"2024-12-13T18:05:42","modified_gmt":"2024-12-13T21:05:42","slug":"prefeitura-de-sao-cristovao-retoma-projeto-cidade-seresta-com-show-de-zezo-potiguar-confira-a-programacao","status":"publish","type":"post","link":"https:\/\/senoticias.com.br\/se\/prefeitura-de-sao-cristovao-retoma-projeto-cidade-seresta-com-show-de-zezo-potiguar-confira-a-programacao\/","title":{"rendered":"Prefeitura de S\u00e3o Crist\u00f3v\u00e3o retoma Projeto Cidade Seresta com show de Zezo Potiguar; confira a programa\u00e7\u00e3o"},"content":{"rendered":"<p>O ano j\u00e1 vai come\u00e7ar com alegria, agita\u00e7\u00e3o e muita dan\u00e7a no Centro Hist\u00f3rico da Cidade M\u00e3e de Sergipe. Encerrando um intervalo de 21 anos entre edi\u00e7\u00f5es, a Prefeitura de S\u00e3o Crist\u00f3v\u00e3o, por meio da Funda\u00e7\u00e3o de Cultura e Turismo Jo\u00e3o Bebe \u00c1gua (Fumctur) e em parceria com o Governo de Sergipe, retomar\u00e1 o Projeto Cidade Seresta em 2025. No dia 03 de janeiro, a pra\u00e7a S\u00e3o Francisco receber\u00e1 atra\u00e7\u00f5es de dentro e fora do estado para animar o p\u00fablico de todo estado.<\/p>\n<div id=\"attachment_145541\" style=\"width: 535px\" class=\"wp-caption aligncenter\"><a href=\"https:\/\/senoticias.com.br\/se\/wp-content\/uploads\/2024\/12\/Zezo-potiguar-se-noticias.jpeg\"><img loading=\"lazy\" decoding=\"async\" aria-describedby=\"caption-attachment-145541\" class=\"size-full wp-image-145541\" src=\"https:\/\/senoticias.com.br\/se\/wp-content\/uploads\/2024\/12\/Zezo-potiguar-se-noticias.jpeg\" alt=\"\" width=\"525\" height=\"350\" srcset=\"https:\/\/senoticias.com.br\/se\/wp-content\/uploads\/2024\/12\/Zezo-potiguar-se-noticias.jpeg 525w, https:\/\/senoticias.com.br\/se\/wp-content\/uploads\/2024\/12\/Zezo-potiguar-se-noticias-300x200.jpeg 300w, https:\/\/senoticias.com.br\/se\/wp-content\/uploads\/2024\/12\/Zezo-potiguar-se-noticias-90x60.jpeg 90w, https:\/\/senoticias.com.br\/se\/wp-content\/uploads\/2024\/12\/Zezo-potiguar-se-noticias-180x120.jpeg 180w, https:\/\/senoticias.com.br\/se\/wp-content\/uploads\/2024\/12\/Zezo-potiguar-se-noticias-95x64.jpeg 95w\" sizes=\"(max-width: 525px) 100vw, 525px\" \/><\/a><p id=\"caption-attachment-145541\" class=\"wp-caption-text\">Com um repert\u00f3rio de grandes sucessos, cantor segue levando o melhor do forr\u00f3 pelo pa\u00eds &#8211; Foto: arquivo\/divulga\u00e7\u00e3o<\/p><\/div>\n<p>A atra\u00e7\u00e3o nacional da noite ser\u00e1 Zezo Potiguar, cantor nascido no Rio Grande do Norte que consagrou sucessos como &#8220;Leviana&#8221;, &#8220;Diga pra mim&#8221; e &#8220;Afogado no \u00e1lcool&#8221; em seus mais de 30 anos de carreira. Antes dele se apresentam o cantor sergipano Leonne, o Nobre, que tem se destacado na cena nordestina do arrocha performando can\u00e7\u00f5es como \u201c100% Ainda N\u00e3o T\u00f4\u201d e \u201cSolteiro For\u00e7ado\u201d, al\u00e9m da Banda Natura, atra\u00e7\u00e3o sancristovense que marcar\u00e1 os tra\u00e7os de regionalidade que o evento visa fortalecer.<\/p>\n<p>Na d\u00e9cada de 1990 e no in\u00edcio dos anos 2000, os eventos de seresta em S\u00e3o Crist\u00f3v\u00e3o levaram o munic\u00edpio a ser chamado de \u201cCidade da Seresta\u201d, sendo realizados pelo Governo do Estado em parceria com a Universidade Tiradentes (Unit). Com a retomada feita pela prefeitura, o projeto, que n\u00e3o acontece desde 2003, ser\u00e1 realizado trimestralmente, com planos de ter sua periodicidade expandida.<\/p>\n<p>Segundo a presidenta da Fumctur, Paola Santana, o resgate de projetos culturais adormecidos na cidade foi um plano constantemente executado pela atual gest\u00e3o, que j\u00e1 pleiteava o retorno das serestas. Com o in\u00edcio da nova gest\u00e3o, foi poss\u00edvel viabilizar o projeto Cidade Seresta, por meio de emenda parlamentar provindas do deputado federal F\u00e1bio Reis, direcionadas \u00e0 Funda\u00e7\u00e3o de Cultura e Arte Aperip\u00ea de Sergipe (Funcap) e repassadas para S\u00e3o Crist\u00f3v\u00e3o, oportunizando a reconstru\u00e7\u00e3o da iniciativa.<\/p>\n<p>\u201cA nova formata\u00e7\u00e3o trouxe alguns ajustes baseados em pesquisas e di\u00e1logos com participantes das edi\u00e7\u00f5es anteriores. Uma das mudan\u00e7as foi retirar o cortejo tradicional, j\u00e1 que ele apresentava desafios para os idosos, principais participantes e p\u00fablico do projeto, devido \u00e0 locomo\u00e7\u00e3o pelas ruas irregulares da cidade. A seresta agora se concentrar\u00e1 em apresenta\u00e7\u00f5es no palco, com uma banda abrindo o evento e executando repert\u00f3rios cl\u00e1ssicos de seresta e forr\u00f3, incluindo sucessos nacionais e sergipanos\u201d, explicou a gestora.<\/p>\n<p>Com o retorno no dia 03 de janeiro, em car\u00e1ter experimental, ser\u00e1 poss\u00edvel avaliar a receptividade do p\u00fablico e ajustar o formato para edi\u00e7\u00f5es futuras. Dessa maneira, o projeto ser\u00e1 revitalizado, priorizando a preserva\u00e7\u00e3o de sua ess\u00eancia e garantindo acessibilidade e qualidade nas apresenta\u00e7\u00f5es.<\/p>\n<p>Confira a programa\u00e7\u00e3o completa:<\/p>\n<p>03 de janeiro<\/p>\n<p>Local: Pra\u00e7a S\u00e3o Francisco<\/p>\n<p>20h &#8211; Banda Natura<\/p>\n<p>21h &#8211; Leonne, o Nobre<\/p>\n<p>23h &#8211; Zezo Potiguar<\/p>\n<p><strong><em>Acompanhe tamb\u00e9m o SE Not\u00edcias no\u00a0<a href=\"https:\/\/www.instagram.com\/senoticias\/\" target=\"_blank\" rel=\"noreferrer noopener\">Instagram<\/a><\/em><\/strong>,\u00a0<strong><em>\u00a0<a href=\"https:\/\/www.facebook.com\/senoticias1\" target=\"_blank\" rel=\"noreferrer noopener\">Facebook<\/a>\u00a0e\u00a0no<\/em>\u00a0<em><a href=\"https:\/\/twitter.com\/Senoticias\">X<\/a><\/em><\/strong><\/p>\n<p>Com informa\u00e7\u00f5es da ascom\/PMSC<\/p>\n","protected":false},"excerpt":{"rendered":"<p>O ano j\u00e1 vai come\u00e7ar com alegria, agita\u00e7\u00e3o e muita dan\u00e7a no Centro Hist\u00f3rico da Cidade M\u00e3e de Sergipe. Encerrando um intervalo de 21 anos entre edi\u00e7\u00f5es, a Prefeitura de S\u00e3o Crist\u00f3v\u00e3o, por meio da Funda\u00e7\u00e3o de Cultura e Turismo Jo\u00e3o Bebe \u00c1gua (Fumctur) e em parceria com o Governo de Sergipe, retomar\u00e1 o Projeto [&hellip;]<\/p>\n","protected":false},"author":6557,"featured_media":145541,"comment_status":"closed","ping_status":"closed","sticky":false,"template":"","format":"standard","meta":{"footnotes":""},"categories":[15,21],"tags":[42820,42821,42819,42818,81,42816,42817],"class_list":{"0":"post-145540","1":"post","2":"type-post","3":"status-publish","4":"format-standard","5":"has-post-thumbnail","7":"category-destaques","8":"category-entretenimento","9":"tag-afogado-no-alcool","10":"tag-banda-natura","11":"tag-diga-pra-mim","12":"tag-leviana","13":"tag-prefeitura-de-sao-cristovao","14":"tag-projeto-cidade-seresta","15":"tag-show-de-zezo-potiguar"},"_links":{"self":[{"href":"https:\/\/senoticias.com.br\/se\/wp-json\/wp\/v2\/posts\/145540"}],"collection":[{"href":"https:\/\/senoticias.com.br\/se\/wp-json\/wp\/v2\/posts"}],"about":[{"href":"https:\/\/senoticias.com.br\/se\/wp-json\/wp\/v2\/types\/post"}],"author":[{"embeddable":true,"href":"https:\/\/senoticias.com.br\/se\/wp-json\/wp\/v2\/users\/6557"}],"replies":[{"embeddable":true,"href":"https:\/\/senoticias.com.br\/se\/wp-json\/wp\/v2\/comments?post=145540"}],"version-history":[{"count":0,"href":"https:\/\/senoticias.com.br\/se\/wp-json\/wp\/v2\/posts\/145540\/revisions"}],"wp:featuredmedia":[{"embeddable":true,"href":"https:\/\/senoticias.com.br\/se\/wp-json\/wp\/v2\/media\/145541"}],"wp:attachment":[{"href":"https:\/\/senoticias.com.br\/se\/wp-json\/wp\/v2\/media?parent=145540"}],"wp:term":[{"taxonomy":"category","embeddable":true,"href":"https:\/\/senoticias.com.br\/se\/wp-json\/wp\/v2\/categories?post=145540"},{"taxonomy":"post_tag","embeddable":true,"href":"https:\/\/senoticias.com.br\/se\/wp-json\/wp\/v2\/tags?post=145540"}],"curies":[{"name":"wp","href":"https:\/\/api.w.org\/{rel}","templated":true}]}}