{"id":145521,"date":"2024-12-12T15:57:23","date_gmt":"2024-12-12T18:57:23","guid":{"rendered":"https:\/\/senoticias.com.br\/se\/?p=145521"},"modified":"2024-12-12T15:57:23","modified_gmt":"2024-12-12T18:57:23","slug":"lula-tem-51-e-bolsonaro-35-em-um-eventual-segundo-turno-em-2026-diz-pesquisa-genial-quaest","status":"publish","type":"post","link":"https:\/\/senoticias.com.br\/se\/lula-tem-51-e-bolsonaro-35-em-um-eventual-segundo-turno-em-2026-diz-pesquisa-genial-quaest\/","title":{"rendered":"Lula tem 51%, e Bolsonaro, 35%, em um eventual segundo turno em 2026, diz pesquisa Genial\/Quaest"},"content":{"rendered":"<p>Pesquisa Genial\/Quaest divulgada nesta quinta-feira (12) sobre as inten\u00e7\u00f5es de voto para o segundo turno da corrida presidencial nas elei\u00e7\u00f5es de 2026, o presidente Luiz In\u00e1cio Lula da Silva tem 51% das inten\u00e7\u00f5es de voto contra 35% do ex-presidente Jair Bolsonaro no levantamento estimulado, quando o nome dos candidatos \u00e9 apresentado ao eleitor.<\/p>\n<p>O levantamento ouviu 8.598 pessoas, entre os dias 4 e 9 de dezembro. A margem de erro \u00e9 de 1 ponto percentual, para mais ou para menos. A pesquisa tem um n\u00edvel de confian\u00e7a de 95%.<\/p>\n<div id=\"attachment_145522\" style=\"width: 607px\" class=\"wp-caption aligncenter\"><a href=\"https:\/\/senoticias.com.br\/se\/wp-content\/uploads\/2024\/12\/Lula-e-Bolsonaro-se-noticias.jpg\"><img loading=\"lazy\" decoding=\"async\" aria-describedby=\"caption-attachment-145522\" class=\"size-full wp-image-145522\" src=\"https:\/\/senoticias.com.br\/se\/wp-content\/uploads\/2024\/12\/Lula-e-Bolsonaro-se-noticias.jpg\" alt=\"\" width=\"597\" height=\"345\" srcset=\"https:\/\/senoticias.com.br\/se\/wp-content\/uploads\/2024\/12\/Lula-e-Bolsonaro-se-noticias.jpg 597w, https:\/\/senoticias.com.br\/se\/wp-content\/uploads\/2024\/12\/Lula-e-Bolsonaro-se-noticias-300x173.jpg 300w\" sizes=\"(max-width: 597px) 100vw, 597px\" \/><\/a><p id=\"caption-attachment-145522\" class=\"wp-caption-text\">Segundo o levantamento, 52% avaliam que o petista n\u00e3o deveria se candidatar \u00e0 reelei\u00e7\u00e3o em 2026; 45% pensam o contr\u00e1rio &#8211; Foto: Marcelo Camargo e Isac N\u00f3brega<\/p><\/div>\n<p>Segundo o levantamento, al\u00e9m de Bolsonaro, Lula venceria a disputa contra outros pol\u00edticos no segundo turno presidencial. Em um cen\u00e1rio contra o governador Tarc\u00edsio de Freitas, o petista venceria com 52% das inten\u00e7\u00f5es de voto contra 26% do pol\u00edtico do Republicanos.<\/p>\n<p>Em uma disputa contra Pablo Mar\u00e7al, o presidente teria 52% contra 27% do coach. J\u00e1 em um cen\u00e1rio contra o governador de Goi\u00e1s, Ronaldo Caiado, Lula venceria a disputa por 54% a 20%.<\/p>\n<p>A pesquisa mostrou que 52% avaliam que Lula n\u00e3o deveria se candidatar \u00e0 reelei\u00e7\u00e3o em 2026, contra 45% que acreditam que o petista deveria disputar o pleito.<\/p>\n<p>O levantamento aponta ainda que, se Lula n\u00e3o concorrer em 2026, o nome favorito para ser o candidato do governo, com 27% da prefer\u00eancia do eleitorado, \u00e9 o do ministro da Fazenda, Fernando Haddad.<\/p>\n<p>Caso Bolsonaro n\u00e3o possa participar das elei\u00e7\u00f5es, o nome favorito \u00e9 o de Michelle Bolsonaro, com 21% da prefer\u00eancia dos entrevistados.<\/p>\n<p><strong><em>Acompanhe tamb\u00e9m o SE Not\u00edcias no\u00a0<a href=\"https:\/\/www.instagram.com\/senoticias\/\" target=\"_blank\" rel=\"noreferrer noopener\">Instagram<\/a><\/em><\/strong>,\u00a0<strong><em>\u00a0<a href=\"https:\/\/www.facebook.com\/senoticias1\" target=\"_blank\" rel=\"noreferrer noopener\">Facebook<\/a>\u00a0e\u00a0no<\/em>\u00a0<em><a href=\"https:\/\/twitter.com\/Senoticias\">X<\/a><\/em><\/strong><\/p>\n<p>Do R7, em Bras\u00edlia<\/p>\n<p>&nbsp;<\/p>\n","protected":false},"excerpt":{"rendered":"<p>Pesquisa Genial\/Quaest divulgada nesta quinta-feira (12) sobre as inten\u00e7\u00f5es de voto para o segundo turno da corrida presidencial nas elei\u00e7\u00f5es de 2026, o presidente Luiz In\u00e1cio Lula da Silva tem 51% das inten\u00e7\u00f5es de voto contra 35% do ex-presidente Jair Bolsonaro no levantamento estimulado, quando o nome dos candidatos \u00e9 apresentado ao eleitor. O levantamento [&hellip;]<\/p>\n","protected":false},"author":6557,"featured_media":145522,"comment_status":"closed","ping_status":"closed","sticky":false,"template":"","format":"standard","meta":{"footnotes":""},"categories":[15,2961],"tags":[3272,90,41599],"class_list":{"0":"post-145521","1":"post","2":"type-post","3":"status-publish","4":"format-standard","5":"has-post-thumbnail","7":"category-destaques","8":"category-nacional","9":"tag-bolsonaro","10":"tag-lula","11":"tag-pesquisa-genial-quaest"},"_links":{"self":[{"href":"https:\/\/senoticias.com.br\/se\/wp-json\/wp\/v2\/posts\/145521"}],"collection":[{"href":"https:\/\/senoticias.com.br\/se\/wp-json\/wp\/v2\/posts"}],"about":[{"href":"https:\/\/senoticias.com.br\/se\/wp-json\/wp\/v2\/types\/post"}],"author":[{"embeddable":true,"href":"https:\/\/senoticias.com.br\/se\/wp-json\/wp\/v2\/users\/6557"}],"replies":[{"embeddable":true,"href":"https:\/\/senoticias.com.br\/se\/wp-json\/wp\/v2\/comments?post=145521"}],"version-history":[{"count":0,"href":"https:\/\/senoticias.com.br\/se\/wp-json\/wp\/v2\/posts\/145521\/revisions"}],"wp:featuredmedia":[{"embeddable":true,"href":"https:\/\/senoticias.com.br\/se\/wp-json\/wp\/v2\/media\/145522"}],"wp:attachment":[{"href":"https:\/\/senoticias.com.br\/se\/wp-json\/wp\/v2\/media?parent=145521"}],"wp:term":[{"taxonomy":"category","embeddable":true,"href":"https:\/\/senoticias.com.br\/se\/wp-json\/wp\/v2\/categories?post=145521"},{"taxonomy":"post_tag","embeddable":true,"href":"https:\/\/senoticias.com.br\/se\/wp-json\/wp\/v2\/tags?post=145521"}],"curies":[{"name":"wp","href":"https:\/\/api.w.org\/{rel}","templated":true}]}}