{"id":145499,"date":"2024-12-11T14:28:44","date_gmt":"2024-12-11T17:28:44","guid":{"rendered":"https:\/\/senoticias.com.br\/se\/?p=145499"},"modified":"2024-12-11T15:07:34","modified_gmt":"2024-12-11T18:07:34","slug":"emilia-correa-se-despede-da-camara-municipal-com-agradecimentos-e-responde-criticas-sobre-seu-secretariado","status":"publish","type":"post","link":"https:\/\/senoticias.com.br\/se\/emilia-correa-se-despede-da-camara-municipal-com-agradecimentos-e-responde-criticas-sobre-seu-secretariado\/","title":{"rendered":"Em\u00edlia Corr\u00eaa se despede da C\u00e2mara Municipal com agradecimentos e responde cr\u00edticas sobre seu secretariado"},"content":{"rendered":"<p>Nesta quarta-feira, 11 de dezembro, a vereadora e prefeita eleita de Aracaju, Em\u00edlia Corr\u00eaa (PL), utilizou o pequeno expediente da C\u00e2mara Municipal para fazer um discurso de despedida ao fim de seu mandato como parlamentar. Ela tamb\u00e9m aproveitou o momento para responder \u00e0s cr\u00edticas recebidas sobre as recentes nomea\u00e7\u00f5es para o seu secretariado.<\/p>\n<p>Em\u00edlia iniciou seu pronunciamento com um tom de gratid\u00e3o e emo\u00e7\u00e3o, destacando a import\u00e2ncia de sua trajet\u00f3ria como vereadora e os desafios enfrentados ao longo de dois mandatos.<\/p>\n<div id=\"attachment_145500\" style=\"width: 608px\" class=\"wp-caption aligncenter\"><a href=\"https:\/\/senoticias.com.br\/se\/wp-content\/uploads\/2024\/12\/Emilia-correa-se-noticias.jpeg\"><img loading=\"lazy\" decoding=\"async\" aria-describedby=\"caption-attachment-145500\" class=\"size-full wp-image-145500\" src=\"https:\/\/senoticias.com.br\/se\/wp-content\/uploads\/2024\/12\/Emilia-correa-se-noticias.jpeg\" alt=\"\" width=\"598\" height=\"409\" srcset=\"https:\/\/senoticias.com.br\/se\/wp-content\/uploads\/2024\/12\/Emilia-correa-se-noticias.jpeg 598w, https:\/\/senoticias.com.br\/se\/wp-content\/uploads\/2024\/12\/Emilia-correa-se-noticias-300x205.jpeg 300w, https:\/\/senoticias.com.br\/se\/wp-content\/uploads\/2024\/12\/Emilia-correa-se-noticias-95x64.jpeg 95w\" sizes=\"(max-width: 598px) 100vw, 598px\" \/><\/a><p id=\"caption-attachment-145500\" class=\"wp-caption-text\">Em\u00edlia se despede da C\u00e2mara Municipal &#8211; Foto: Gilton Rosas\/CMA<\/p><\/div>\n<p>&#8220;Quero dizer aos colegas e ao povo de Aracaju a minha gratid\u00e3o, j\u00e1 que estamos nos encaminhando para os encerramentos dos trabalhos aqui nesta Casa. Gratid\u00e3o, primeiramente, a Deus porque Ele move todas as coisas, e depois ao povo de Aracaju, que foi t\u00e3o firme e determinado na escolha pelo meu nome. Muito obrigada, e prometo devolver isso com trabalho, mais trabalho ainda, honesto e transparente, tanto eu quanto meu vice, Ricardo Marques.&#8221;<\/p>\n<p>Ela relembrou momentos marcantes de sua atua\u00e7\u00e3o na C\u00e2mara, especialmente como membro da oposi\u00e7\u00e3o, representando os interesses da popula\u00e7\u00e3o aracajuana. \u201cMuitas coisas a gente segurou a onda como mulher, como parlamentar, como opositora, que trazia os problemas, que certamente eram trazidos pelo povo. Eu s\u00f3 era a porta-voz do povo aqui, quando reclamava, quando cobrava os seus servi\u00e7os e direitos. N\u00e3o me arrependo; faria tudo de novo.\u201d<\/p>\n<p>A prefeita eleita tamb\u00e9m agradeceu aos colegas de oposi\u00e7\u00e3o e situa\u00e7\u00e3o, \u00e0 imprensa, aos funcion\u00e1rios da C\u00e2mara e \u00e0 sua equipe de assessoria, refor\u00e7ando seu compromisso de continuar trabalhando com dedica\u00e7\u00e3o e transpar\u00eancia.<\/p>\n<p><strong>Resposta \u00e0s cr\u00edticas sobre o secretariado<br \/>\n<\/strong><br \/>\nEm\u00edlia tamb\u00e9m abordou as cr\u00edticas que surgiram ap\u00f3s o an\u00fancio de algumas escolhas para o secretariado, incluindo a nomea\u00e7\u00e3o de seu esposo como secret\u00e1rio de Governo. Ela foi enf\u00e1tica ao afirmar que suas decis\u00f5es est\u00e3o dentro da legalidade e s\u00e3o fundamentadas na confian\u00e7a.<\/p>\n<p>\u201cAlgu\u00e9m disse assim: \u2018Ela tem dito que n\u00e3o vai nomear ningu\u00e9m que n\u00e3o possa demitir, e nomeia o marido como secret\u00e1rio de Governo, isso \u00e9 nepotismo.\u2019 Primeiro, que eu n\u00e3o trabalho com irregularidade. N\u00e3o \u00e9 nepotismo porque a lei diz que, nesse caso, cargo de confian\u00e7a do primeiro escal\u00e3o n\u00e3o \u00e9 nepotismo. Segundo, \u00e9 cargo de confian\u00e7a, e eu confio plenamente nele e naqueles que tenho escolhido.\u201d<\/p>\n<p>Em\u00edlia enfatizou que sua gest\u00e3o ser\u00e1 pautada pela avalia\u00e7\u00e3o de desempenho, independentemente da rela\u00e7\u00e3o pessoal com os nomeados. \u201cComo \u00e9 que vou demitir meu esposo para ter problema em casa? Ele \u00e9 o primeiro que, se n\u00e3o corresponder, eu demito, at\u00e9 porque tenho essa liberdade.\u201d<\/p>\n<p>Ela pediu paci\u00eancia \u00e0 popula\u00e7\u00e3o e aos cr\u00edticos, ressaltando que o trabalho da nova gest\u00e3o ainda n\u00e3o come\u00e7ou e que todos ser\u00e3o julgados pela qualidade do servi\u00e7o prestado. \u201cTenham calma, nem come\u00e7ou ainda. Vamos esperar o pessoal trabalhar primeiro. N\u00f3s temos uma responsabilidade muito grande que o povo colocou nas nossas m\u00e3os.\u201d<\/p>\n<p>A prefeita eleita concluiu destacando seu compromisso em respeitar a lei e nomear pessoas de confian\u00e7a para garantir uma gest\u00e3o eficiente. Ela reiterou que estar\u00e1 aberta ao di\u00e1logo e \u00e0s cr\u00edticas construtivas.<\/p>\n<p>\u201cFiquem tranquilos, porque tenho a firmeza de fazer aquilo que deve ser feito, sempre ouvindo, porque n\u00e3o temos a verdade absoluta.\u201d<\/p>\n<p><strong><em>Acompanhe tamb\u00e9m o SE Not\u00edcias no\u00a0<a href=\"https:\/\/www.instagram.com\/senoticias\/\" target=\"_blank\" rel=\"noreferrer noopener\">Instagram<\/a><\/em><\/strong>,\u00a0<strong><em>\u00a0<a href=\"https:\/\/www.facebook.com\/senoticias1\" target=\"_blank\" rel=\"noreferrer noopener\">Facebook<\/a>\u00a0e\u00a0no<\/em>\u00a0<em><a href=\"https:\/\/twitter.com\/Senoticias\">X<\/a><\/em><\/strong><\/p>\n<p><em>POR ASCOM\/ EM\u00cdLIA CORR\u00caA\u00a0<\/em><\/p>\n","protected":false},"excerpt":{"rendered":"<p>Nesta quarta-feira, 11 de dezembro, a vereadora e prefeita eleita de Aracaju, Em\u00edlia Corr\u00eaa (PL), utilizou o pequeno expediente da C\u00e2mara Municipal para fazer um discurso de despedida ao fim de seu mandato como parlamentar. Ela tamb\u00e9m aproveitou o momento para responder \u00e0s cr\u00edticas recebidas sobre as recentes nomea\u00e7\u00f5es para o seu secretariado. Em\u00edlia iniciou [&hellip;]<\/p>\n","protected":false},"author":6557,"featured_media":145500,"comment_status":"closed","ping_status":"closed","sticky":false,"template":"","format":"standard","meta":{"footnotes":""},"categories":[15,6],"tags":[7330,6198,42753],"class_list":{"0":"post-145499","1":"post","2":"type-post","3":"status-publish","4":"format-standard","5":"has-post-thumbnail","7":"category-destaques","8":"category-politica","9":"tag-camara-municipal","10":"tag-emilia-correa","11":"tag-prefeita-emilia-correa"},"_links":{"self":[{"href":"https:\/\/senoticias.com.br\/se\/wp-json\/wp\/v2\/posts\/145499"}],"collection":[{"href":"https:\/\/senoticias.com.br\/se\/wp-json\/wp\/v2\/posts"}],"about":[{"href":"https:\/\/senoticias.com.br\/se\/wp-json\/wp\/v2\/types\/post"}],"author":[{"embeddable":true,"href":"https:\/\/senoticias.com.br\/se\/wp-json\/wp\/v2\/users\/6557"}],"replies":[{"embeddable":true,"href":"https:\/\/senoticias.com.br\/se\/wp-json\/wp\/v2\/comments?post=145499"}],"version-history":[{"count":0,"href":"https:\/\/senoticias.com.br\/se\/wp-json\/wp\/v2\/posts\/145499\/revisions"}],"wp:featuredmedia":[{"embeddable":true,"href":"https:\/\/senoticias.com.br\/se\/wp-json\/wp\/v2\/media\/145500"}],"wp:attachment":[{"href":"https:\/\/senoticias.com.br\/se\/wp-json\/wp\/v2\/media?parent=145499"}],"wp:term":[{"taxonomy":"category","embeddable":true,"href":"https:\/\/senoticias.com.br\/se\/wp-json\/wp\/v2\/categories?post=145499"},{"taxonomy":"post_tag","embeddable":true,"href":"https:\/\/senoticias.com.br\/se\/wp-json\/wp\/v2\/tags?post=145499"}],"curies":[{"name":"wp","href":"https:\/\/api.w.org\/{rel}","templated":true}]}}