{"id":145460,"date":"2024-12-09T10:42:52","date_gmt":"2024-12-09T13:42:52","guid":{"rendered":"https:\/\/senoticias.com.br\/se\/?p=145460"},"modified":"2024-12-11T09:38:35","modified_gmt":"2024-12-11T12:38:35","slug":"a-tristeza-que-nos-visita-no-final-do-ano","status":"publish","type":"post","link":"https:\/\/senoticias.com.br\/se\/a-tristeza-que-nos-visita-no-final-do-ano\/","title":{"rendered":"Tristeza de fim de ano: como lidar com o peso emocional dos festejos"},"content":{"rendered":"<p><em><strong>Por Adriana Meneses*<\/strong><\/em><\/p>\n<p>A psic\u00f3loga e jornalista Adriana Meneses [foto], alerta que os festejos de fim de ano s\u00e3o conhecidos por sua luz, alegria e momentos de celebra\u00e7\u00e3o, mas para muitas pessoas, essa \u00e9poca tamb\u00e9m carrega um peso silencioso: a tristeza. Ela chega sem ser convidada, muitas vezes disfar\u00e7ada entre as mem\u00f3rias do que foi e as expectativas do que poderia ter sido.<\/p>\n<p>Essa tristeza pode surgir ao olharmos para as redes sociais, onde os sorrisos e comemora\u00e7\u00f5es alheias parecem nos lembrar do que nos falta. Talvez seja a viagem que planejamos e n\u00e3o aconteceu, um objetivo n\u00e3o alcan\u00e7ado, ou mesmo a aus\u00eancia de algu\u00e9m querido que n\u00e3o estar\u00e1 mais \u00e0 mesa. As compara\u00e7\u00f5es \u2013 ainda que involunt\u00e1rias \u2013 podem fazer parecer que estamos \u201cficando para tr\u00e1s\u201d ou que n\u00e3o temos o suficiente para comemorar.<\/p>\n<p>Outro motivo \u00e9 a saudade. Ela aparece com for\u00e7a nesses dias, quando revisitamos mem\u00f3rias de quem j\u00e1 se foi ou de tempos mais simples e felizes. \u00c0s vezes, \u00e9 a sensa\u00e7\u00e3o de um vazio que os abra\u00e7os presentes n\u00e3o conseguem preencher.<\/p>\n<div id=\"attachment_145461\" style=\"width: 575px\" class=\"wp-caption aligncenter\"><a href=\"https:\/\/senoticias.com.br\/se\/wp-content\/uploads\/2024\/12\/Adriana-Meneses-SE-Noticias.jpeg\"><img loading=\"lazy\" decoding=\"async\" aria-describedby=\"caption-attachment-145461\" class=\"size-full wp-image-145461\" src=\"https:\/\/senoticias.com.br\/se\/wp-content\/uploads\/2024\/12\/Adriana-Meneses-SE-Noticias.jpeg\" alt=\"\" width=\"565\" height=\"694\" srcset=\"https:\/\/senoticias.com.br\/se\/wp-content\/uploads\/2024\/12\/Adriana-Meneses-SE-Noticias.jpeg 565w, https:\/\/senoticias.com.br\/se\/wp-content\/uploads\/2024\/12\/Adriana-Meneses-SE-Noticias-244x300.jpeg 244w\" sizes=\"(max-width: 565px) 100vw, 565px\" \/><\/a><p id=\"caption-attachment-145461\" class=\"wp-caption-text\">Adriana Meneses \u00e9 jornalista e psic\u00f3loga &#8211; Foto: arquivo pessoal<\/p><\/div>\n<p>E h\u00e1 ainda o peso das promessas n\u00e3o cumpridas: os planos feitos no in\u00edcio do ano que ficaram pelo caminho, os &#8220;come\u00e7os&#8221; que nunca aconteceram. Sentir que algo escapou pode trazer um certo gosto amargo, como se estiv\u00e9ssemos falhando com n\u00f3s mesmos.<\/p>\n<p>Mas \u00e9 importante lembrar que essas emo\u00e7\u00f5es fazem parte da nossa humanidade. Todos n\u00f3s carregamos hist\u00f3rias \u00fanicas, repletas de conquistas, mas tamb\u00e9m de desafios e perdas. N\u00e3o precisamos &#8220;vestir&#8221; a felicidade o tempo todo s\u00f3 porque \u00e9 Natal ou Ano Novo.<\/p>\n<p>Para amenizar essa sensa\u00e7\u00e3o ruim, \u00e9 essencial praticar a autocompaix\u00e3o. Permita-se sentir o que vem \u00e0 tona, sem julgamentos. Reconhe\u00e7a que voc\u00ea est\u00e1 fazendo o melhor que pode, dentro das suas possibilidades. Tente tamb\u00e9m se desconectar um pouco das compara\u00e7\u00f5es \u2013 o que vemos nas redes sociais \u00e9 apenas uma fra\u00e7\u00e3o da realidade alheia.<\/p>\n<p>Valorize o presente. Se poss\u00edvel, fa\u00e7a uma pequena lista de coisas boas que aconteceram no ano, mesmo que pare\u00e7am simples. Talvez voc\u00ea tenha aprendido algo novo, fortalecido uma amizade ou simplesmente chegado at\u00e9 aqui, apesar das adversidades.<\/p>\n<p>Se as saudades apertarem, transforme-as em homenagens. Relembre os momentos bons, fale sobre quem partiu, acenda uma vela ou fa\u00e7a algo simb\u00f3lico para mant\u00ea-los presentes no cora\u00e7\u00e3o.<\/p>\n<p>E, acima de tudo, n\u00e3o tenha medo de pedir ajuda se sentir que precisa. Conversar com algu\u00e9m de confian\u00e7a ou buscar apoio psicol\u00f3gico pode ser um gesto de cuidado consigo mesmo.<\/p>\n<p>Lembre-se: a tristeza de fim de ano n\u00e3o define quem voc\u00ea \u00e9 nem diminui o valor do que conquistou. \u00c9 apenas uma visita passageira, que pode ensinar algo sobre como acolher a si mesmo com mais gentileza e amor.<\/p>\n<p><strong><em>Acompanhe tamb\u00e9m o SE Not\u00edcias no\u00a0<a href=\"https:\/\/www.instagram.com\/senoticias\/\" target=\"_blank\" rel=\"noreferrer noopener\">Instagram<\/a><\/em><\/strong>,\u00a0<strong><em>\u00a0<a href=\"https:\/\/www.facebook.com\/senoticias1\" target=\"_blank\" rel=\"noreferrer noopener\">Facebook<\/a>\u00a0e\u00a0no<\/em>\u00a0<em><a href=\"https:\/\/twitter.com\/Senoticias\">X<\/a><\/em><\/strong><\/p>\n<p>*Adriana Meneses \u00e9 jornalista e psic\u00f3loga<\/p>\n","protected":false},"excerpt":{"rendered":"<p>Por Adriana Meneses* A psic\u00f3loga e jornalista Adriana Meneses [foto], alerta que os festejos de fim de ano s\u00e3o conhecidos por sua luz, alegria e momentos de celebra\u00e7\u00e3o, mas para muitas pessoas, essa \u00e9poca tamb\u00e9m carrega um peso silencioso: a tristeza. Ela chega sem ser convidada, muitas vezes disfar\u00e7ada entre as mem\u00f3rias do que foi [&hellip;]<\/p>\n","protected":false},"author":6557,"featured_media":0,"comment_status":"closed","ping_status":"closed","sticky":false,"template":"","format":"standard","meta":{"footnotes":""},"categories":[15,8],"tags":[42771,6956],"class_list":{"0":"post-145460","1":"post","2":"type-post","3":"status-publish","4":"format-standard","6":"category-destaques","7":"category-esporte-e-cultura","8":"tag-a-tristesa-do-fim-de-ano","9":"tag-natal"},"_links":{"self":[{"href":"https:\/\/senoticias.com.br\/se\/wp-json\/wp\/v2\/posts\/145460"}],"collection":[{"href":"https:\/\/senoticias.com.br\/se\/wp-json\/wp\/v2\/posts"}],"about":[{"href":"https:\/\/senoticias.com.br\/se\/wp-json\/wp\/v2\/types\/post"}],"author":[{"embeddable":true,"href":"https:\/\/senoticias.com.br\/se\/wp-json\/wp\/v2\/users\/6557"}],"replies":[{"embeddable":true,"href":"https:\/\/senoticias.com.br\/se\/wp-json\/wp\/v2\/comments?post=145460"}],"version-history":[{"count":0,"href":"https:\/\/senoticias.com.br\/se\/wp-json\/wp\/v2\/posts\/145460\/revisions"}],"wp:attachment":[{"href":"https:\/\/senoticias.com.br\/se\/wp-json\/wp\/v2\/media?parent=145460"}],"wp:term":[{"taxonomy":"category","embeddable":true,"href":"https:\/\/senoticias.com.br\/se\/wp-json\/wp\/v2\/categories?post=145460"},{"taxonomy":"post_tag","embeddable":true,"href":"https:\/\/senoticias.com.br\/se\/wp-json\/wp\/v2\/tags?post=145460"}],"curies":[{"name":"wp","href":"https:\/\/api.w.org\/{rel}","templated":true}]}}