{"id":145423,"date":"2024-12-05T12:11:58","date_gmt":"2024-12-05T15:11:58","guid":{"rendered":"https:\/\/senoticias.com.br\/se\/?p=145423"},"modified":"2024-12-05T22:05:45","modified_gmt":"2024-12-06T01:05:45","slug":"palacio-museu-olimpio-campos-promove-programacao-especial-alusiva-ao-natal","status":"publish","type":"post","link":"https:\/\/senoticias.com.br\/se\/palacio-museu-olimpio-campos-promove-programacao-especial-alusiva-ao-natal\/","title":{"rendered":"Pal\u00e1cio Museu Ol\u00edmpio Campos promove programa\u00e7\u00e3o especial alusiva ao Natal"},"content":{"rendered":"<p class=\"p1\"><span class=\"s1\">\u00a0<\/span><span class=\"s2\">Considerado um dos principais monumentos da cultura e da hist\u00f3ria de Sergipe, o Pal\u00e1cio Museu Ol\u00edmpio Campos (Pmoc), localizado em Aracaju, promove constantemente exposi\u00e7\u00f5es e apresenta\u00e7\u00f5es musicais\u00a0como forma de valorizar os \u00a0artistas sergipanos. A partir desta sexta-feira, 6, o pr\u00e9dio centen\u00e1rio abre as portas para receber a popula\u00e7\u00e3o com uma programa\u00e7\u00e3o especial, com concertos e apresenta\u00e7\u00f5es alusivas ao Natal.\u00a0\u00a0<\/span><\/p>\n<div id=\"attachment_145424\" style=\"width: 609px\" class=\"wp-caption aligncenter\"><a href=\"https:\/\/senoticias.com.br\/se\/wp-content\/uploads\/2024\/12\/IMG_0399-e1733411478305.png\"><img loading=\"lazy\" decoding=\"async\" aria-describedby=\"caption-attachment-145424\" class=\"size-full wp-image-145424\" src=\"https:\/\/senoticias.com.br\/se\/wp-content\/uploads\/2024\/12\/IMG_0399-e1733411478305.png\" alt=\"\" width=\"599\" height=\"332\" \/><\/a><p id=\"caption-attachment-145424\" class=\"wp-caption-text\">A partir desta sexta-feira, 6, o pr\u00e9dio centen\u00e1rio abre as portas para receber a popula\u00e7\u00e3o com uma programa\u00e7\u00e3o alusivas ao Natal &#8211; Foto: Igor Matias<\/p><\/div>\n<p>&#8220;As apresenta\u00e7\u00f5es art\u00edsticas frequentemente incluem grupos locais, que mostram a riqueza da m\u00fasica e da arte regional. Os corais e concertos realizados aqui no Pal\u00e1cio Museu possuem uma import\u00e2ncia \u00fanica, tanto para a valoriza\u00e7\u00e3o da arte e cultura, quanto para a experi\u00eancia dos participantes e do p\u00fablico. Essa pr\u00e1tica combina m\u00fasica, hist\u00f3ria e espa\u00e7o cultural, oferecendo uma experi\u00eancia enriquecedora\u201d, destaca o administrador do Pmoc, Elicelmo Zuzarte.\u00a0Assim como no \u00faltimo ano, as comemora\u00e7\u00f5es do Pmoc v\u00e3o se somar \u00e0 programa\u00e7\u00e3o do Natal Iluminado, da Pra\u00e7a Fausto Cardoso. As pessoas que forem prestigiar o cen\u00e1rio tem\u00e1tico ter\u00e3o a oportunidade de visitar o Pal\u00e1cio Museu e acompanhar a programa\u00e7\u00e3o musical alusiva ao per\u00edodo natalino.<\/p>\n<p><strong>Programa\u00e7\u00e3o<\/strong><\/p>\n<p class=\"p3\"><span class=\"s2\">As celebra\u00e7\u00f5es ter\u00e3o in\u00edcio na sexta-feira, 6, a partir das 17h, e seguir\u00e3o durante todas as sextas-feiras do m\u00eas. Neste primeiro dia, a programa\u00e7\u00e3o prev\u00ea as apresenta\u00e7\u00f5es da Orquestra Popular Villa Lobos, do Coral Canarinhos de Aracaju e de grupos folcl\u00f3ricos.<\/span><\/p>\n<p>No dia 13, acontece o Concerto de Natal, com a professora Mar\u00edlia Teixeira, onde ser\u00e1 apresentado um repert\u00f3rio especial de pe\u00e7as sacras e natalinas de compositores como Bach, H\u00e4ndel, Schubert, Scarlatti, Mozart, Franck, Mascagni, dentre outros, tamb\u00e9m a partir das 17h.<\/p>\n<p>No dia 20, o Pal\u00e1cio contar\u00e1 com a apresenta\u00e7\u00e3o do Grupo Renantique, que apresentar\u00e1 uma pe\u00e7a com o tema &#8216;M\u00fasica medieval e renascentista&#8217;. Na \u00faltima sexta-feira, 27, o Pmoc ficar\u00e1 aberto \u00e0 visita\u00e7\u00e3o do p\u00fablico at\u00e9 \u00e0s 21h.<\/p>\n<p><strong><em>Acompanhe tamb\u00e9m o SE Not\u00edcias no\u00a0<a href=\"https:\/\/www.instagram.com\/senoticias\/\" target=\"_blank\" rel=\"noreferrer noopener\">Instagram<\/a><\/em><\/strong>,\u00a0<strong><em>\u00a0<a href=\"https:\/\/www.facebook.com\/senoticias1\" target=\"_blank\" rel=\"noreferrer noopener\">Facebook<\/a>\u00a0e\u00a0no<\/em>\u00a0<em><a href=\"https:\/\/twitter.com\/Senoticias\">X<\/a><\/em><\/strong><\/p>\n<p><em>Da Ag\u00eancia Sergipe de Not\u00edcias<\/em><\/p>\n","protected":false},"excerpt":{"rendered":"<p>\u00a0Considerado um dos principais monumentos da cultura e da hist\u00f3ria de Sergipe, o Pal\u00e1cio Museu Ol\u00edmpio Campos (Pmoc), localizado em Aracaju, promove constantemente exposi\u00e7\u00f5es e apresenta\u00e7\u00f5es musicais\u00a0como forma de valorizar os \u00a0artistas sergipanos. A partir desta sexta-feira, 6, o pr\u00e9dio centen\u00e1rio abre as portas para receber a popula\u00e7\u00e3o com uma programa\u00e7\u00e3o especial, com concertos e [&hellip;]<\/p>\n","protected":false},"author":6557,"featured_media":145424,"comment_status":"closed","ping_status":"closed","sticky":false,"template":"","format":"standard","meta":{"footnotes":""},"categories":[15,21],"tags":[6956,36798],"class_list":{"0":"post-145423","1":"post","2":"type-post","3":"status-publish","4":"format-standard","5":"has-post-thumbnail","7":"category-destaques","8":"category-entretenimento","9":"tag-natal","10":"tag-palacio-museu-olimpio-campos"},"_links":{"self":[{"href":"https:\/\/senoticias.com.br\/se\/wp-json\/wp\/v2\/posts\/145423"}],"collection":[{"href":"https:\/\/senoticias.com.br\/se\/wp-json\/wp\/v2\/posts"}],"about":[{"href":"https:\/\/senoticias.com.br\/se\/wp-json\/wp\/v2\/types\/post"}],"author":[{"embeddable":true,"href":"https:\/\/senoticias.com.br\/se\/wp-json\/wp\/v2\/users\/6557"}],"replies":[{"embeddable":true,"href":"https:\/\/senoticias.com.br\/se\/wp-json\/wp\/v2\/comments?post=145423"}],"version-history":[{"count":0,"href":"https:\/\/senoticias.com.br\/se\/wp-json\/wp\/v2\/posts\/145423\/revisions"}],"wp:featuredmedia":[{"embeddable":true,"href":"https:\/\/senoticias.com.br\/se\/wp-json\/wp\/v2\/media\/145424"}],"wp:attachment":[{"href":"https:\/\/senoticias.com.br\/se\/wp-json\/wp\/v2\/media?parent=145423"}],"wp:term":[{"taxonomy":"category","embeddable":true,"href":"https:\/\/senoticias.com.br\/se\/wp-json\/wp\/v2\/categories?post=145423"},{"taxonomy":"post_tag","embeddable":true,"href":"https:\/\/senoticias.com.br\/se\/wp-json\/wp\/v2\/tags?post=145423"}],"curies":[{"name":"wp","href":"https:\/\/api.w.org\/{rel}","templated":true}]}}