{"id":145419,"date":"2024-12-05T12:06:35","date_gmt":"2024-12-05T15:06:35","guid":{"rendered":"https:\/\/senoticias.com.br\/se\/?p=145419"},"modified":"2024-12-05T12:06:35","modified_gmt":"2024-12-05T15:06:35","slug":"reuniao-define-rumos-da-governanca-corporativa-em-sergipe-no-ano-de-2025","status":"publish","type":"post","link":"https:\/\/senoticias.com.br\/se\/reuniao-define-rumos-da-governanca-corporativa-em-sergipe-no-ano-de-2025\/","title":{"rendered":"Reuni\u00e3o define rumos da Governan\u00e7a Corporativa em Sergipe no ano de 2025"},"content":{"rendered":"<p>&nbsp;<\/p>\n<p>Empres\u00e1rios, representantes de institui\u00e7\u00f5es financeiras e autoridades prestigiaram a reuni\u00e3o do Planejamento de A\u00e7\u00f5es do Instituto Brasileiro de Governan\u00e7a Corporativa, IBGC para 2025, a iniciativa \u00e9 uma realiza\u00e7\u00e3o do Cap\u00edtulo de Pernambuco do IBGC, respons\u00e1vel por Sergipe.<\/p>\n<div id=\"attachment_145420\" style=\"width: 609px\" class=\"wp-caption aligncenter\"><a href=\"https:\/\/senoticias.com.br\/se\/wp-content\/uploads\/2024\/12\/IMG_0398-e1733411116223.jpeg\"><img loading=\"lazy\" decoding=\"async\" aria-describedby=\"caption-attachment-145420\" class=\"size-full wp-image-145420\" src=\"https:\/\/senoticias.com.br\/se\/wp-content\/uploads\/2024\/12\/IMG_0398-e1733411116223.jpeg\" alt=\"\" width=\"599\" height=\"526\" \/><\/a><p id=\"caption-attachment-145420\" class=\"wp-caption-text\">Foto: Divulga\u00e7\u00e3o<\/p><\/div>\n<p>O caf\u00e9 da manh\u00e3 especial comandado por Adgenison Nascimento, que \u00e9 sergipano, Vice-diretor do Cap\u00edtulo de Pernambuco do IBGC e Conselheiro de Administra\u00e7\u00e3o, rendeu bons frutos para o estado.<\/p>\n<p>Em um cen\u00e1rio empresarial cada vez mais din\u00e2mico e interconectado, a governan\u00e7a corporativa emerge como um pilar essencial para garantir a sustentabilidade, a transpar\u00eancia e a competitividade das empresas. Com o aumento das exig\u00eancias dos investidores, consumidores e reguladores, o compromisso com boas pr\u00e1ticas de governan\u00e7a n\u00e3o \u00e9 mais opcional \u2014 \u00e9 uma necessidade estrat\u00e9gica.<\/p>\n<p>Em uma das falas do evento, o superintendente do Banco do Nordeste do Brasil (BNB) em Sergipe, Ant\u00f4nio C\u00e9sar de Santana, prop\u00f4s a\u00e7\u00f5es efetivas para aproxima\u00e7\u00e3o da comunidade empresarial do estado em rela\u00e7\u00e3o \u00e0 Governan\u00e7a Corporativa.<\/p>\n<p>Entre as sugest\u00f5es, Ana Paula Vasconcelos, Ouvidora do Banese, tamb\u00e9m prop\u00f4s estrat\u00e9gias para uma maior intera\u00e7\u00e3o entre o setor do agro sergipano e a Governan\u00e7a Corporativa.<\/p>\n<p>J\u00e1 Rodrigo Rocha, representante da Federa\u00e7\u00e3o das Ind\u00fastrias do estado de Sergipe, tamb\u00e9m se colocou \u00e0 disposi\u00e7\u00e3o para construir e fortalecer uma ponte de conhecimento entre os empres\u00e1rios sergipanos e o tema da Governan\u00e7a Corporativa.<\/p>\n<p>\u201cSinto que conseguimos avan\u00e7ar na pauta em Sergipe, fico feliz com o interesse da nossa comunidade em colocar nosso estado em um novo patamar da Governan\u00e7a Corporativa. Acima de tudo, sa\u00edmos da reuni\u00e3o visando difundir a Governan\u00e7a Corporativa para al\u00e9m da comunidade empresarial. Criar uma cultura forte de compreens\u00e3o do tema por toda a sociedade \u00e9 a nossa miss\u00e3o\u201d, afirma Adgenison Nascimento, Vice-diretor do Cap\u00edtulo de Pernambuco do IBGC.<\/p>\n<p>Governan\u00e7a Corporativa<\/p>\n<p>Governan\u00e7a corporativa refere-se ao sistema pelo qual as empresas s\u00e3o dirigidas e controladas, envolvendo um conjunto de regras, pr\u00e1ticas e processos destinados a equilibrar os interesses de todos os seus stakeholders, incluindo acionistas, gestores, colaboradores, clientes, fornecedores e a sociedade em geral.<\/p>\n<p>O IBGC lan\u00e7ou no dia 1\u00ba de agosto de 2023, a nova edi\u00e7\u00e3o do C\u00f3digo das Melhores Pr\u00e1ticas de Governan\u00e7a Corporativa, umas das principais refer\u00eancias no tema, no Brasil.<\/p>\n<p>O C\u00f3digo explicita que governan\u00e7a corporativa \u00e9 um sistema formado por princ\u00edpios, regras, estruturas e processos pelo qual as organiza\u00e7\u00f5es s\u00e3o dirigidas e monitoradas, com vistas \u00e0 gera\u00e7\u00e3o de valor sustent\u00e1vel para a organiza\u00e7\u00e3o, para seus s\u00f3cios e para a sociedade em geral.<\/p>\n<p>Os princ\u00edpios da governan\u00e7a corporativa foram aperfei\u00e7oados na revis\u00e3o do C\u00f3digo \u2013 com o acr\u00e9scimo de um quinto princ\u00edpio, integridade. A seguir, confira detalhes sobre os cinco princ\u00edpios \u2013 ou\u00e7a os podcasts especialmente produzidos para cada um deles, com a presen\u00e7a de nomes representativos da governan\u00e7a corporativa no Brasil.<\/p>\n<p>Integridade (novo princ\u00edpio) &#8211; Praticar e promover o cont\u00ednuo aprimoramento da cultura \u00e9tica na organiza\u00e7\u00e3o, evitando decis\u00f5es sob a influ\u00eancia de conflitos de interesses, mantendo a coer\u00eancia entre discurso e a\u00e7\u00e3o e preservando a lealdade \u00e0 organiza\u00e7\u00e3o e o cuidado com suas partes interessadas, com a sociedade em geral e com o meio ambiente.<\/p>\n<p>Transpar\u00eancia &#8211; Disponibilizar, para as partes interessadas, informa\u00e7\u00f5es verdadeiras, tempestivas, coerentes, claras e relevantes, sejam elas positivas ou negativas, e n\u00e3o apenas aquelas exigidas por leis ou regulamentos. Essas informa\u00e7\u00f5es n\u00e3o devem restringir-se ao desempenho econ\u00f4mico-financeiro, contemplando tamb\u00e9m os fatores ambiental, social e de governan\u00e7a. A promo\u00e7\u00e3o da transpar\u00eancia favorece o desenvolvimento dos neg\u00f3cios e estimula um ambiente de confian\u00e7a para o relacionamento de todas as partes interessadas.<\/p>\n<p>Responsabiliza\u00e7\u00e3o (Accountability) &#8211; Desempenhar suas fun\u00e7\u00f5es com dilig\u00eancia, independ\u00eancia e com vistas \u00e0 gera\u00e7\u00e3o de valor sustent\u00e1vel no longo prazo, assumindo a responsabilidade pelas consequ\u00eancias de seus atos e omiss\u00f5es. Al\u00e9m disso, prestar contas de sua atua\u00e7\u00e3o de modo claro, conciso, compreens\u00edvel e tempestivo, cientes de que suas decis\u00f5es podem n\u00e3o apenas responsabiliz\u00e1-los individualmente, como impactar a organiza\u00e7\u00e3o, suas partes interessadas e o meio ambiente.<\/p>\n<p>Equidade &#8211; Tratar todos os s\u00f3cios e demais partes interessadas de maneira justa, levando em considera\u00e7\u00e3o seus direitos, deveres, necessidades, interesses e expectativas, como indiv\u00edduos ou coletivamente. A equidade pressup\u00f5e uma abordagem diferenciada conforme as rela\u00e7\u00f5es e demandas de cada parte interessada com a organiza\u00e7\u00e3o, motivada pelo senso de justi\u00e7a, respeito, diversidade, inclus\u00e3o, pluralismo e igualdade de direitos e oportunidades.<\/p>\n<p>Sustentabilidade &#8211; Zelar pela viabilidade econ\u00f4mico-financeira da organiza\u00e7\u00e3o levando em considera\u00e7\u00e3o, no seu modelo de neg\u00f3cios, os diversos capitais (financeiro, manufaturado, intelectual, humano, social, natural, reputacional) no curto, m\u00e9dio e longo prazos. Nessa perspectiva, compreender que as organiza\u00e7\u00f5es atuam em uma rela\u00e7\u00e3o de interdepend\u00eancia com os ecossistemas social, econ\u00f4mico e ambiental, fortalecendo seu protagonismo e suas responsabilidades perante a sociedade.<\/p>\n<p>A Relev\u00e2ncia das boas pr\u00e1ticas<\/p>\n<p>A ado\u00e7\u00e3o de boas pr\u00e1ticas de governan\u00e7a corporativa n\u00e3o s\u00f3 reduz riscos associados a fraudes e m\u00e1 gest\u00e3o, mas tamb\u00e9m aumenta a confian\u00e7a dos investidores. Empresas com governan\u00e7a s\u00f3lida tendem a atrair mais capital, ter maior valor de mercado e demonstrar maior resili\u00eancia em momentos de crise.<\/p>\n<p><strong><em>Acompanhe tamb\u00e9m o SE Not\u00edcias no\u00a0<a href=\"https:\/\/www.instagram.com\/senoticias\/\" target=\"_blank\" rel=\"noreferrer noopener\">Instagram<\/a><\/em><\/strong>,\u00a0<strong><em>\u00a0<a href=\"https:\/\/www.facebook.com\/senoticias1\" target=\"_blank\" rel=\"noreferrer noopener\">Facebook<\/a>\u00a0e\u00a0no<\/em>\u00a0<em><a href=\"https:\/\/twitter.com\/Senoticias\">X<\/a><\/em><\/strong><\/p>\n<p>Fonte: Rodrigo Alves, Jornalista, Assessor de Imprensa com informa\u00e7\u00f5es do IBGC.<\/p>\n<p>&nbsp;<\/p>\n","protected":false},"excerpt":{"rendered":"<p>&nbsp; Empres\u00e1rios, representantes de institui\u00e7\u00f5es financeiras e autoridades prestigiaram a reuni\u00e3o do Planejamento de A\u00e7\u00f5es do Instituto Brasileiro de Governan\u00e7a Corporativa, IBGC para 2025, a iniciativa \u00e9 uma realiza\u00e7\u00e3o do Cap\u00edtulo de Pernambuco do IBGC, respons\u00e1vel por Sergipe. O caf\u00e9 da manh\u00e3 especial comandado por Adgenison Nascimento, que \u00e9 sergipano, Vice-diretor do Cap\u00edtulo de Pernambuco [&hellip;]<\/p>\n","protected":false},"author":6557,"featured_media":0,"comment_status":"closed","ping_status":"closed","sticky":false,"template":"","format":"standard","meta":{"footnotes":""},"categories":[15,6],"tags":[2002,42747],"class_list":{"0":"post-145419","1":"post","2":"type-post","3":"status-publish","4":"format-standard","6":"category-destaques","7":"category-politica","8":"tag-governo","9":"tag-ibgc"},"_links":{"self":[{"href":"https:\/\/senoticias.com.br\/se\/wp-json\/wp\/v2\/posts\/145419"}],"collection":[{"href":"https:\/\/senoticias.com.br\/se\/wp-json\/wp\/v2\/posts"}],"about":[{"href":"https:\/\/senoticias.com.br\/se\/wp-json\/wp\/v2\/types\/post"}],"author":[{"embeddable":true,"href":"https:\/\/senoticias.com.br\/se\/wp-json\/wp\/v2\/users\/6557"}],"replies":[{"embeddable":true,"href":"https:\/\/senoticias.com.br\/se\/wp-json\/wp\/v2\/comments?post=145419"}],"version-history":[{"count":0,"href":"https:\/\/senoticias.com.br\/se\/wp-json\/wp\/v2\/posts\/145419\/revisions"}],"wp:attachment":[{"href":"https:\/\/senoticias.com.br\/se\/wp-json\/wp\/v2\/media?parent=145419"}],"wp:term":[{"taxonomy":"category","embeddable":true,"href":"https:\/\/senoticias.com.br\/se\/wp-json\/wp\/v2\/categories?post=145419"},{"taxonomy":"post_tag","embeddable":true,"href":"https:\/\/senoticias.com.br\/se\/wp-json\/wp\/v2\/tags?post=145419"}],"curies":[{"name":"wp","href":"https:\/\/api.w.org\/{rel}","templated":true}]}}