{"id":145416,"date":"2024-12-05T09:12:09","date_gmt":"2024-12-05T12:12:09","guid":{"rendered":"https:\/\/senoticias.com.br\/se\/?p=145416"},"modified":"2024-12-05T09:14:39","modified_gmt":"2024-12-05T12:14:39","slug":"145416-2","status":"publish","type":"post","link":"https:\/\/senoticias.com.br\/se\/145416-2\/","title":{"rendered":"Tr\u00eas suspeitos s\u00e3o mortos em opera\u00e7\u00e3o contra o tr\u00e1fico de drogas no interior de Sergipe"},"content":{"rendered":"<p>Na manh\u00e3 desta quinta-feira (5), a Pol\u00edcia Civil de Sergipe deflagrou a opera\u00e7\u00e3o \u201cOuro de Tolo\u201d com o objetivo de combater o tr\u00e1fico de drogas e apreender armas em Boquim, Pedrinhas e Barra dos Coqueiros. A a\u00e7\u00e3o, realizada \u00e0s 6h, envolveu uma for\u00e7a-tarefa integrada entre a Delegacia de Boquim, o Batalh\u00e3o de Pol\u00edcia de A\u00e7\u00f5es T\u00e1ticas do Interior (BPATI), a Coordenadoria de Opera\u00e7\u00f5es e Recursos Especiais (CORE) e outras unidades policiais.<\/p>\n<div id=\"attachment_145417\" style=\"width: 450px\" class=\"wp-caption aligncenter\"><a href=\"https:\/\/senoticias.com.br\/se\/wp-content\/uploads\/2024\/12\/boquim.png\"><img loading=\"lazy\" decoding=\"async\" aria-describedby=\"caption-attachment-145417\" class=\"size-full wp-image-145417\" src=\"https:\/\/senoticias.com.br\/se\/wp-content\/uploads\/2024\/12\/boquim.png\" alt=\"\" width=\"440\" height=\"696\" srcset=\"https:\/\/senoticias.com.br\/se\/wp-content\/uploads\/2024\/12\/boquim.png 440w, https:\/\/senoticias.com.br\/se\/wp-content\/uploads\/2024\/12\/boquim-190x300.png 190w\" sizes=\"(max-width: 440px) 100vw, 440px\" \/><\/a><p id=\"caption-attachment-145417\" class=\"wp-caption-text\">Opera\u00e7\u00e3o \u201cOuro de Tolo\u201d mobiliza for\u00e7as de seguran\u00e7a e cumpre mandatos em tr\u00eas cidades &#8211; Foto: ascom\/SSP\/SE<\/p><\/div>\n<p>Durante a opera\u00e7\u00e3o, foram cumpridos 13 mandados de busca e apreens\u00e3o, resultando na apreens\u00e3o de armas, drogas e celulares pertencentes aos investigados. Tr\u00eas indiv\u00edduos que resistiram \u00e0 abordagem policial entraram em confronto com os agentes. Eles foram socorridos para uma unidade hospitalar, mas n\u00e3o resistiram aos ferimentos.<\/p>\n<p>A a\u00e7\u00e3o foi considerada um marco no combate ao tr\u00e1fico na regi\u00e3o, contando tamb\u00e9m com o apoio do Grupamento T\u00e1tico A\u00e9reo (GTA), da Companhia Independente de Policiamento com C\u00e3es (CIPC\u00e3es), da Coordenadoria de Pol\u00edcia Civil do Interior (COPCI) e delegacias municipais.<\/p>\n<p>A Pol\u00edcia Civil refor\u00e7a a import\u00e2ncia da colabora\u00e7\u00e3o da popula\u00e7\u00e3o por meio do Disque Den\u00fancia (181), garantindo o sigilo das informa\u00e7\u00f5es repassadas.<\/p>\n<p>Mat\u00e9ria em atualiza\u00e7\u00e3o<\/p>\n<p><em><strong>Acompanhe tamb\u00e9m o SE Not\u00edcias no\u00a0<a href=\"https:\/\/twitter.com\/Senoticias\" target=\"_blank\" rel=\"noreferrer noopener\">Twitter<\/a>,\u00a0<a href=\"https:\/\/www.facebook.com\/senoticias1\" target=\"_blank\" rel=\"noreferrer noopener\">Facebook<\/a>\u00a0e no\u00a0<a href=\"https:\/\/www.instagram.com\/senoticias\/\" target=\"_blank\" rel=\"noreferrer noopener\">Instagram<\/a><\/strong><\/em><\/p>\n<p>Fonte: SSP\/SE<\/p>\n<p>&nbsp;<\/p>\n","protected":false},"excerpt":{"rendered":"<p>Na manh\u00e3 desta quinta-feira (5), a Pol\u00edcia Civil de Sergipe deflagrou a opera\u00e7\u00e3o \u201cOuro de Tolo\u201d com o objetivo de combater o tr\u00e1fico de drogas e apreender armas em Boquim, Pedrinhas e Barra dos Coqueiros. A a\u00e7\u00e3o, realizada \u00e0s 6h, envolveu uma for\u00e7a-tarefa integrada entre a Delegacia de Boquim, o Batalh\u00e3o de Pol\u00edcia de A\u00e7\u00f5es [&hellip;]<\/p>\n","protected":false},"author":6557,"featured_media":145417,"comment_status":"closed","ping_status":"closed","sticky":false,"template":"","format":"standard","meta":{"footnotes":""},"categories":[15,7],"tags":[12103,42746,78,3175],"class_list":{"0":"post-145416","1":"post","2":"type-post","3":"status-publish","4":"format-standard","5":"has-post-thumbnail","7":"category-destaques","8":"category-policia","9":"tag-core","10":"tag-ouro-de-tolo","11":"tag-policia-civil","12":"tag-trafico-de-drogas"},"_links":{"self":[{"href":"https:\/\/senoticias.com.br\/se\/wp-json\/wp\/v2\/posts\/145416"}],"collection":[{"href":"https:\/\/senoticias.com.br\/se\/wp-json\/wp\/v2\/posts"}],"about":[{"href":"https:\/\/senoticias.com.br\/se\/wp-json\/wp\/v2\/types\/post"}],"author":[{"embeddable":true,"href":"https:\/\/senoticias.com.br\/se\/wp-json\/wp\/v2\/users\/6557"}],"replies":[{"embeddable":true,"href":"https:\/\/senoticias.com.br\/se\/wp-json\/wp\/v2\/comments?post=145416"}],"version-history":[{"count":0,"href":"https:\/\/senoticias.com.br\/se\/wp-json\/wp\/v2\/posts\/145416\/revisions"}],"wp:featuredmedia":[{"embeddable":true,"href":"https:\/\/senoticias.com.br\/se\/wp-json\/wp\/v2\/media\/145417"}],"wp:attachment":[{"href":"https:\/\/senoticias.com.br\/se\/wp-json\/wp\/v2\/media?parent=145416"}],"wp:term":[{"taxonomy":"category","embeddable":true,"href":"https:\/\/senoticias.com.br\/se\/wp-json\/wp\/v2\/categories?post=145416"},{"taxonomy":"post_tag","embeddable":true,"href":"https:\/\/senoticias.com.br\/se\/wp-json\/wp\/v2\/tags?post=145416"}],"curies":[{"name":"wp","href":"https:\/\/api.w.org\/{rel}","templated":true}]}}