{"id":145397,"date":"2024-12-04T10:54:37","date_gmt":"2024-12-04T13:54:37","guid":{"rendered":"https:\/\/senoticias.com.br\/se\/?p=145397"},"modified":"2024-12-04T10:54:37","modified_gmt":"2024-12-04T13:54:37","slug":"secretaria-da-fazenda-de-sergipe-divulga-calendario-do-ipva-2025-confira-datas","status":"publish","type":"post","link":"https:\/\/senoticias.com.br\/se\/secretaria-da-fazenda-de-sergipe-divulga-calendario-do-ipva-2025-confira-datas\/","title":{"rendered":"Secretaria da Fazenda de Sergipe divulga calend\u00e1rio do IPVA 2025; confira datas"},"content":{"rendered":"<p>A Secretaria de Estado da Fazenda (Sefaz) divulga nesta ter\u00e7a-feira, 3, o calend\u00e1rio de pagamento do Imposto sobre Propriedade de Ve\u00edculos Automotores (IPVA) referente ao ano de 2025. Os contribuintes que tiverem interesse de obter o desconto de 10%, dever\u00e3o realizar o pagamento integral do imposto at\u00e9 o dia 31 de mar\u00e7o do pr\u00f3ximo ano.<\/p>\n<div id=\"attachment_145398\" style=\"width: 602px\" class=\"wp-caption aligncenter\"><a href=\"https:\/\/senoticias.com.br\/se\/wp-content\/uploads\/2024\/12\/IMG_0396.jpeg\"><img loading=\"lazy\" decoding=\"async\" aria-describedby=\"caption-attachment-145398\" class=\"size-full wp-image-145398\" src=\"https:\/\/senoticias.com.br\/se\/wp-content\/uploads\/2024\/12\/IMG_0396.jpeg\" alt=\"\" width=\"592\" height=\"341\" srcset=\"https:\/\/senoticias.com.br\/se\/wp-content\/uploads\/2024\/12\/IMG_0396.jpeg 592w, https:\/\/senoticias.com.br\/se\/wp-content\/uploads\/2024\/12\/IMG_0396-300x173.jpeg 300w\" sizes=\"(max-width: 592px) 100vw, 592px\" \/><\/a><p id=\"caption-attachment-145398\" class=\"wp-caption-text\">Sefaz divulga calend\u00e1rio do IPVA para 2025 &#8211; Foto: Ascom\/ Sefaz<\/p><\/div>\n<p>O pagamento pode ser feito a partir de 1\u00b0 de janeiro no Banco do Estado de Sergipe (Banese), utilizando o Documento \u00danico de Arrecada\u00e7\u00e3o (DUA), emitido por meio do site do Departamento Estadual de Tr\u00e2nsito de Sergipe (Detran\/SE) (www.detran.se.gov.br), ou o Documento de Arrecada\u00e7\u00e3o Estadual (DAE), que \u00e9 disponibilizado no site da Sefaz (www.sefaz.se.gov.br).<\/p>\n<p>Os contribuintes que optarem por n\u00e3o realizar a quita\u00e7\u00e3o com o desconto poder\u00e3o realizar o procedimento at\u00e9 o \u00faltimo dia \u00fatil do m\u00eas correspondente \u00e0 placa do ve\u00edculo no calend\u00e1rio. Os ve\u00edculos automotores com placas de final 1 e 2 dever\u00e3o fazer o pagamento at\u00e9 o dia 30 de abril, enquanto aqueles que possuem termina\u00e7\u00e3o 3 e 4 t\u00eam prazo at\u00e9 30 de maio.<\/p>\n<p>No decorrer do ano o cronograma prossegue, sendo finalizado no m\u00eas de novembro, quando deve ser pago o imposto pelos donos de ve\u00edculos com placa de final 0. Os valores poder\u00e3o ser parcelados em at\u00e9 dez vezes no cart\u00e3o de cr\u00e9dito, com os devidos acr\u00e9scimos feitos pelas operadoras.<\/p>\n<p>Isen\u00e7\u00f5es<\/p>\n<p>Para os condutores que desejarem solicitar a renova\u00e7\u00e3o da isen\u00e7\u00e3o dos valores do IPVA os pedidos dever\u00e3o ser realizados a partir do dia 1 \u00b0 de janeiro at\u00e9 a data de vencimento do IPVA\/Licenciamento 2025, conforme o calend\u00e1rio. Por exemplo, propriet\u00e1rios de ve\u00edculos com placa de final 5 ter\u00e3o at\u00e9 o dia 30 de junho para realizar o procedimento.<\/p>\n<p>J\u00e1 os benefici\u00e1rios do programa Rode Bem poder\u00e3o solicitar a isen\u00e7\u00e3o do imposto at\u00e9 o dia 31 de dezembro de 2024.<\/p>\n<p>Valores<\/p>\n<p>Os valores do IPVA para ve\u00edculos usados s\u00e3o calculados levando em conta uma al\u00edquota estabelecida pela Lei 7655\/2013 e o valor de mercado do ve\u00edculo, considerando a tabela elaborada pela Funda\u00e7\u00e3o Instituto de Pesquisas Econ\u00f4micas (Fipe). Para ve\u00edculos novos, a refer\u00eancia \u00e9 o valor informado na nota fiscal.<\/p>\n<p>Para autom\u00f3veis e ve\u00edculos utilit\u00e1rios com valores abaixo de R$ 120 mil, o IPVA corresponde a 2,5% do indicado na tabela Fipe. Aqueles com valor superior pagar\u00e3o 3%. \u00d4nibus, micro\u00f4nibus e caminh\u00f5es t\u00eam al\u00edquota de 1%, enquanto motocicletas e similares pagam 2%.<\/p>\n<p>A tabela com os respectivos valores de refer\u00eancia ser\u00e1 disponibilizada no site da Sefaz no dia 01 de janeiro de 2025.<\/p>\n<p><strong><em>Acompanhe tamb\u00e9m o SE Not\u00edcias no\u00a0<a href=\"https:\/\/www.instagram.com\/senoticias\/\" target=\"_blank\" rel=\"noreferrer noopener\">Instagram<\/a><\/em><\/strong>,\u00a0<strong><em>\u00a0<a href=\"https:\/\/www.facebook.com\/senoticias1\" target=\"_blank\" rel=\"noreferrer noopener\">Facebook<\/a>\u00a0e\u00a0no<\/em>\u00a0<em><a href=\"https:\/\/twitter.com\/Senoticias\">X<\/a><\/em><\/strong><\/p>\n<p>Da ascom\/Sefaz<\/p>\n","protected":false},"excerpt":{"rendered":"<p>A Secretaria de Estado da Fazenda (Sefaz) divulga nesta ter\u00e7a-feira, 3, o calend\u00e1rio de pagamento do Imposto sobre Propriedade de Ve\u00edculos Automotores (IPVA) referente ao ano de 2025. Os contribuintes que tiverem interesse de obter o desconto de 10%, dever\u00e3o realizar o pagamento integral do imposto at\u00e9 o dia 31 de mar\u00e7o do pr\u00f3ximo ano. [&hellip;]<\/p>\n","protected":false},"author":6557,"featured_media":0,"comment_status":"closed","ping_status":"closed","sticky":false,"template":"","format":"standard","meta":{"footnotes":""},"categories":[15,6],"tags":[42738,3118],"class_list":{"0":"post-145397","1":"post","2":"type-post","3":"status-publish","4":"format-standard","6":"category-destaques","7":"category-politica","8":"tag-ipva-2025","9":"tag-sefaz"},"_links":{"self":[{"href":"https:\/\/senoticias.com.br\/se\/wp-json\/wp\/v2\/posts\/145397"}],"collection":[{"href":"https:\/\/senoticias.com.br\/se\/wp-json\/wp\/v2\/posts"}],"about":[{"href":"https:\/\/senoticias.com.br\/se\/wp-json\/wp\/v2\/types\/post"}],"author":[{"embeddable":true,"href":"https:\/\/senoticias.com.br\/se\/wp-json\/wp\/v2\/users\/6557"}],"replies":[{"embeddable":true,"href":"https:\/\/senoticias.com.br\/se\/wp-json\/wp\/v2\/comments?post=145397"}],"version-history":[{"count":0,"href":"https:\/\/senoticias.com.br\/se\/wp-json\/wp\/v2\/posts\/145397\/revisions"}],"wp:attachment":[{"href":"https:\/\/senoticias.com.br\/se\/wp-json\/wp\/v2\/media?parent=145397"}],"wp:term":[{"taxonomy":"category","embeddable":true,"href":"https:\/\/senoticias.com.br\/se\/wp-json\/wp\/v2\/categories?post=145397"},{"taxonomy":"post_tag","embeddable":true,"href":"https:\/\/senoticias.com.br\/se\/wp-json\/wp\/v2\/tags?post=145397"}],"curies":[{"name":"wp","href":"https:\/\/api.w.org\/{rel}","templated":true}]}}