{"id":145365,"date":"2024-12-02T15:22:57","date_gmt":"2024-12-02T18:22:57","guid":{"rendered":"https:\/\/senoticias.com.br\/se\/?p=145365"},"modified":"2024-12-02T15:22:57","modified_gmt":"2024-12-02T18:22:57","slug":"valmir-de-francisquinho-perde-direitos-politicos-apos-justica-de-sergipe-rejeitar-acordo-dele-com-o-ministerio-publico-estadual","status":"publish","type":"post","link":"https:\/\/senoticias.com.br\/se\/valmir-de-francisquinho-perde-direitos-politicos-apos-justica-de-sergipe-rejeitar-acordo-dele-com-o-ministerio-publico-estadual\/","title":{"rendered":"Valmir de Francisquinho perde direitos pol\u00edticos ap\u00f3s Justi\u00e7a de Sergipe rejeitar acordo dele com o Minist\u00e9rio P\u00fablico Estadual"},"content":{"rendered":"<p>Na sess\u00e3o do Pleno do Tribunal de Justi\u00e7a desta segunda-feira, 2, o desembargador Cez\u00e1rio Siqueira Neto proferiu seu voto no caso envolvendo Valmir de Francisquinho e Erotilde de Jesus. O magistrado acompanhou o entendimento da relatora, desembargadora Iolanda Santos Guimar\u00e3es, quanto \u00e0 condena\u00e7\u00e3o por atos dolosos de improbidade administrativa, mas divergiu parcialmente em rela\u00e7\u00e3o \u00e0 aplica\u00e7\u00e3o de multa por embargos protelat\u00f3rios. A diverg\u00eancia, no entanto, foi acolhida pela relatora e integrada \u00e0 decis\u00e3o.<\/p>\n<p>O desembargador destacou, em seu voto, a relev\u00e2ncia de punir condutas que comprometam a integridade da administra\u00e7\u00e3o p\u00fablica. A multa relacionada aos embargos, considerada um elemento necess\u00e1rio para coibir manobras processuais, foi enfatizada como um instrumento de prote\u00e7\u00e3o ao princ\u00edpio da efici\u00eancia no andamento da Justi\u00e7a.<\/p>\n<div id=\"attachment_145366\" style=\"width: 603px\" class=\"wp-caption aligncenter\"><a href=\"https:\/\/senoticias.com.br\/se\/wp-content\/uploads\/2024\/12\/Valmir-de-Francisquinho-SE-Noticias.jpg\"><img loading=\"lazy\" decoding=\"async\" aria-describedby=\"caption-attachment-145366\" class=\"size-full wp-image-145366\" src=\"https:\/\/senoticias.com.br\/se\/wp-content\/uploads\/2024\/12\/Valmir-de-Francisquinho-SE-Noticias.jpg\" alt=\"\" width=\"593\" height=\"460\" srcset=\"https:\/\/senoticias.com.br\/se\/wp-content\/uploads\/2024\/12\/Valmir-de-Francisquinho-SE-Noticias.jpg 593w, https:\/\/senoticias.com.br\/se\/wp-content\/uploads\/2024\/12\/Valmir-de-Francisquinho-SE-Noticias-300x233.jpg 300w, https:\/\/senoticias.com.br\/se\/wp-content\/uploads\/2024\/12\/Valmir-de-Francisquinho-SE-Noticias-45x35.jpg 45w\" sizes=\"(max-width: 593px) 100vw, 593px\" \/><\/a><p id=\"caption-attachment-145366\" class=\"wp-caption-text\"><br \/>Decis\u00e3o do Tribunal de Justi\u00e7a torna Valmir de Francisquinho ineleg\u00edvel por quatro anos &#8211; Foto: arquivo\/assessoria<\/p><\/div>\n<p>A decis\u00e3o segue un\u00e2nime na rejei\u00e7\u00e3o do acordo de n\u00e3o persecu\u00e7\u00e3o civil, refor\u00e7ando o entendimento de que casos de tamanha gravidade devem ser tratados com o rigor devido, especialmente diante de irregularidades significativas no processo licitat\u00f3rio. A senten\u00e7a ainda cabe recurso.<\/p>\n<p><em><strong>Acompanhe tamb\u00e9m o SE Not\u00edcias no\u00a0<a href=\"https:\/\/twitter.com\/Senoticias\" target=\"_blank\" rel=\"noreferrer noopener\">Twitter<\/a>,\u00a0<a href=\"https:\/\/www.facebook.com\/senoticias1\" target=\"_blank\" rel=\"noreferrer noopener\">Facebook<\/a>\u00a0e no\u00a0<a href=\"https:\/\/www.instagram.com\/senoticias\/\" target=\"_blank\" rel=\"noreferrer noopener\">Instagram<\/a><\/strong><\/em><\/p>\n<p>Com informa\u00e7\u00f5es do <a href=\"https:\/\/itnet.com.br\/noticia\/decisao-do-tribunal-de-justica-torna-valmir-de-francisquinho-inelegivel-por-quatro-anos\"><strong>Portal Itnet<\/strong><\/a><\/p>\n","protected":false},"excerpt":{"rendered":"<p>Na sess\u00e3o do Pleno do Tribunal de Justi\u00e7a desta segunda-feira, 2, o desembargador Cez\u00e1rio Siqueira Neto proferiu seu voto no caso envolvendo Valmir de Francisquinho e Erotilde de Jesus. O magistrado acompanhou o entendimento da relatora, desembargadora Iolanda Santos Guimar\u00e3es, quanto \u00e0 condena\u00e7\u00e3o por atos dolosos de improbidade administrativa, mas divergiu parcialmente em rela\u00e7\u00e3o \u00e0 [&hellip;]<\/p>\n","protected":false},"author":6557,"featured_media":0,"comment_status":"closed","ping_status":"closed","sticky":false,"template":"","format":"standard","meta":{"footnotes":""},"categories":[15,6],"tags":[14968,3150,4007,2800],"class_list":{"0":"post-145365","1":"post","2":"type-post","3":"status-publish","4":"format-standard","6":"category-destaques","7":"category-politica","8":"tag-direitos-politicos","9":"tag-ministerio-publico-estadual","10":"tag-tribunal-de-justica","11":"tag-valmir-de-francisquinho"},"_links":{"self":[{"href":"https:\/\/senoticias.com.br\/se\/wp-json\/wp\/v2\/posts\/145365"}],"collection":[{"href":"https:\/\/senoticias.com.br\/se\/wp-json\/wp\/v2\/posts"}],"about":[{"href":"https:\/\/senoticias.com.br\/se\/wp-json\/wp\/v2\/types\/post"}],"author":[{"embeddable":true,"href":"https:\/\/senoticias.com.br\/se\/wp-json\/wp\/v2\/users\/6557"}],"replies":[{"embeddable":true,"href":"https:\/\/senoticias.com.br\/se\/wp-json\/wp\/v2\/comments?post=145365"}],"version-history":[{"count":0,"href":"https:\/\/senoticias.com.br\/se\/wp-json\/wp\/v2\/posts\/145365\/revisions"}],"wp:attachment":[{"href":"https:\/\/senoticias.com.br\/se\/wp-json\/wp\/v2\/media?parent=145365"}],"wp:term":[{"taxonomy":"category","embeddable":true,"href":"https:\/\/senoticias.com.br\/se\/wp-json\/wp\/v2\/categories?post=145365"},{"taxonomy":"post_tag","embeddable":true,"href":"https:\/\/senoticias.com.br\/se\/wp-json\/wp\/v2\/tags?post=145365"}],"curies":[{"name":"wp","href":"https:\/\/api.w.org\/{rel}","templated":true}]}}