{"id":145290,"date":"2024-11-27T11:29:16","date_gmt":"2024-11-27T14:29:16","guid":{"rendered":"https:\/\/senoticias.com.br\/se\/?p=145290"},"modified":"2024-11-27T17:15:43","modified_gmt":"2024-11-27T20:15:43","slug":"prefeitura-e-abrasel-realizam-mais-uma-edicao-do-festival-do-caranguejo-na-orla-da-atalaia","status":"publish","type":"post","link":"https:\/\/senoticias.com.br\/se\/prefeitura-e-abrasel-realizam-mais-uma-edicao-do-festival-do-caranguejo-na-orla-da-atalaia\/","title":{"rendered":"Prefeitura e Abrasel realizam mais uma edi\u00e7\u00e3o do Festival do Caranguejo na Orla da Atalaia"},"content":{"rendered":"<p>&nbsp;<\/p>\n<p>Aracajuanos e turistas aguardam com expectativa a abertura do tradicional Festival do Caranguejo, evento gastron\u00f4mico realizado pela Prefeitura de Aracaju, por meio da Secretaria do Turismo (Setur), tendo como entidade executora a Associa\u00e7\u00e3o Brasileira de Bares e Restaurantes Seccional Sergipe (Abrasel\/SE). O evento ter\u00e1 in\u00edcio nesta quinta-feira, 28, e seguir\u00e1 at\u00e9 o pr\u00f3ximo domingo, 1\u00ba dezembro, sempre das 17h \u00e0s 23h, na Passarela do Caranguejo, na Orla da Atalaia.<\/p>\n<div id=\"attachment_145291\" style=\"width: 582px\" class=\"wp-caption aligncenter\"><a href=\"https:\/\/senoticias.com.br\/se\/wp-content\/uploads\/2024\/11\/IMG_0389.jpeg\"><img loading=\"lazy\" decoding=\"async\" aria-describedby=\"caption-attachment-145291\" class=\"size-full wp-image-145291\" src=\"https:\/\/senoticias.com.br\/se\/wp-content\/uploads\/2024\/11\/IMG_0389.jpeg\" alt=\"\" width=\"572\" height=\"381\" srcset=\"https:\/\/senoticias.com.br\/se\/wp-content\/uploads\/2024\/11\/IMG_0389.jpeg 572w, https:\/\/senoticias.com.br\/se\/wp-content\/uploads\/2024\/11\/IMG_0389-300x200.jpeg 300w, https:\/\/senoticias.com.br\/se\/wp-content\/uploads\/2024\/11\/IMG_0389-90x60.jpeg 90w, https:\/\/senoticias.com.br\/se\/wp-content\/uploads\/2024\/11\/IMG_0389-180x120.jpeg 180w, https:\/\/senoticias.com.br\/se\/wp-content\/uploads\/2024\/11\/IMG_0389-95x64.jpeg 95w\" sizes=\"(max-width: 572px) 100vw, 572px\" \/><\/a><p id=\"caption-attachment-145291\" class=\"wp-caption-text\">Festival do Caranguejo 2023 &#8211; Foto: arquivo Ascom \/ Setur<\/p><\/div>\n<p>O festival, que j\u00e1 se consolidou como um dos principais eventos gastron\u00f4micos da capital sergipana, re\u00fane conceituados estabelecimentos do setor de bares e restaurantes para elabora\u00e7\u00e3o de criativos e saborosos pratos, tendo como base o famoso caranguejo, declarado Patrim\u00f4nio Cultural e Imaterial de Sergipe pela Assembleia Legislativa do Estado, e alguns card\u00e1pios oferecendo aratu no preparo.<\/p>\n<p>De acordo com a Abrasel\/SE, o festival contar\u00e1 com a participa\u00e7\u00e3o de 15 estabelecimentos expositores, cada um apresentando um prato diferenciado ao pre\u00e7o geral de R$30,00, como o caranguejo burguer; catado sergipano; hamb\u00farguer de caranguejo; casquinha de caranguejo; catado de caranguejo, servido com massa de pastel; caranguejo sol; mac and cheese de caranguejo; aratu parati no coco verde; rota dog de carangas; aratu fries; croquetes de aratu; escondidinho de caranguejo; talharim sergipano; salm\u00e3o u\u00e7a; coxinhas unha de caranguejo, com molho especial da casa; e uma novidade: doce de caranguejo, no valor de R$10,00, que promete surpreender o p\u00fablico.<\/p>\n<p>Todos os detalhes foram planejados entre a Setur e Abrasel\/SE para que o festival seja mais uma vez um sucesso de p\u00fablico. O espa\u00e7o onde o evento ser\u00e1 realizado compreende uma \u00e1rea de aproximadamente 3.000 m\u00b2. Nessa \u00e1rea, 15 estabelecimentos expositores formar\u00e3o um corredor gastron\u00f4mico para oferta dos seus pratos. Para atender a crian\u00e7ada, os organizadores inseriram no projeto um espa\u00e7o kids, com brinquedos infl\u00e1veis.<\/p>\n<p>Haver\u00e1 ainda coleta seletiva de lixo e apresenta\u00e7\u00f5es musicais de renomados artistas locais, com variedade de ritmos, inclusive com a participa\u00e7\u00e3o do m\u00fasico sergipano Mestrinho, que recentemente conquistou o Grammy Latino 2024 de \u201cMelhor \u00c1lbum de M\u00fasicas de Ra\u00edzes em L\u00edngua Portuguesa\u201d, em parceria com a cantora Mariana Aydar. em Miami, nos Estados Unidos.<\/p>\n<p>Gestor da Setur, Jorge Fraga ressalta a import\u00e2ncia do festival no calend\u00e1rio de eventos da cidade para a gera\u00e7\u00e3o de fluxo tur\u00edstico e de divulga\u00e7\u00e3o do destino Aracaju. \u201cAl\u00e9m de ser um evento que promove a culin\u00e1ria regional, com um dos elementos mais famosos da nossa gastronomia, o Festival do Caranguejo se insere de forma definitiva no calend\u00e1rio de eventos da cidade, gerando fluxo tur\u00edstico para os variados segmentos do turismo e atraindo a aten\u00e7\u00e3o de cidades vizinhas e at\u00e9 de outros estados\u201d, afirma.<\/p>\n<p>J\u00e1 o presidente da Abrasel\/SE, Bruno D\u00f3rea, avalia que o Festival do Caranguejo \u00e9 uma oportunidade de mostrar a variedade de pratos que o caranguejo pode proporcionar e ser um motivador para estimular a criatividade de donos e chefes de restaurantes. \u201cO Festival do Caranguejo \u00e9 um festival de extrema import\u00e2ncia para gastronomia em Sergipe, porque al\u00e9m de representar um dos maiores elementos gastron\u00f4micos que a gente tem, que \u00e9 o caranguejo, ele incentiva os donos e chefes de restaurantes a trabalhar pratos novos, a trabalhar a criatividade, a misturar ingredientes para realizar novos pratos e isso termina por fortalecer a rela\u00e7\u00e3o de parceria entre n\u00f3s, donos de restaurante, mostrando que n\u00e3o somos concorrentes, mas colegas de profiss\u00e3o, e \u00e9 isso, todo sergipano adora o caranguejo e o nosso festival \u00e9 um ambiente pra toda a fam\u00edlia, agradando sergipanos e turistas\u201d, afirma o dirigente.<\/p>\n<p><strong>Programa\u00e7\u00e3o<\/strong><\/p>\n<p>Dia 28 &#8211; Quinta-feira<br \/>\n17:00 &#8211; Abertura do Evento<br \/>\n17:30 &#8211; Grupo Folcl\u00f3rico Samba Pareia da Mussuca<br \/>\n18:00 &#8211; Grupo Folcl\u00f3rico Guerreiro da Vit\u00f3ria Mocidade<br \/>\n18:30 &#8211; Nick Mathos<br \/>\n20:00 &#8211; \u00c9 Diferente<br \/>\n21:30 &#8211; Maysa Reis<\/p>\n<p>Dia 29 &#8211; Sexta-feira<br \/>\n17:00 &#8211; Abertura do Evento<br \/>\n17:30 &#8211; Grupo Folcl\u00f3rico Cacumbi do Mestre Deca<br \/>\n18:30 &#8211; Os Faranis<br \/>\n20:00 &#8211; Balan\u00e7a Eu<br \/>\n21:30 &#8211; On The Rox<\/p>\n<p>Dia 30 &#8211; S\u00e1bado<br \/>\n17:00 &#8211; Abertura do Evento<br \/>\n17:30 &#8211; Grupo Folcl\u00f3rico Bacamarteiros do Povoado Pinga Fogo<br \/>\n18:30 &#8211; Sol Kids<br \/>\n20:00 &#8211; Silvio Rocha<br \/>\n22:00 &#8211; Jeanny e Ded\u00e9<\/p>\n<p>Dia 1\u00ba &#8211; Domingo<br \/>\n16:00 &#8211; Abertura do Evento<br \/>\n16:30 &#8211; Grupo Folcl\u00f3rico Dan\u00e7a de S\u00e3o Gon\u00e7alo do Amarante<br \/>\n17:30 &#8211; Grupo Folcl\u00f3rico Parafusos<br \/>\n18:30 &#8211; BaBado Novo<br \/>\n20:30 &#8211; Mestrinho<\/p>\n<p><strong><em>Acompanhe tamb\u00e9m o SE Not\u00edcias no\u00a0<a href=\"https:\/\/www.instagram.com\/senoticias\/\" target=\"_blank\" rel=\"noreferrer noopener\">Instagram<\/a><\/em><\/strong>,\u00a0<strong><em>\u00a0<a href=\"https:\/\/www.facebook.com\/senoticias1\" target=\"_blank\" rel=\"noreferrer noopener\">Facebook<\/a>\u00a0e\u00a0no<\/em>\u00a0<em><a href=\"https:\/\/twitter.com\/Senoticias\">X<\/a><br \/>\n<\/em><\/strong><br \/>\nDa Ag\u00eancia Aracaju de Not\u00edcias<\/p>\n<p>&nbsp;<\/p>\n","protected":false},"excerpt":{"rendered":"<p>&nbsp; Aracajuanos e turistas aguardam com expectativa a abertura do tradicional Festival do Caranguejo, evento gastron\u00f4mico realizado pela Prefeitura de Aracaju, por meio da Secretaria do Turismo (Setur), tendo como entidade executora a Associa\u00e7\u00e3o Brasileira de Bares e Restaurantes Seccional Sergipe (Abrasel\/SE). O evento ter\u00e1 in\u00edcio nesta quinta-feira, 28, e seguir\u00e1 at\u00e9 o pr\u00f3ximo domingo, [&hellip;]<\/p>\n","protected":false},"author":6557,"featured_media":0,"comment_status":"closed","ping_status":"closed","sticky":false,"template":"","format":"standard","meta":{"footnotes":""},"categories":[15,21],"tags":[13379,40594,213],"class_list":{"0":"post-145290","1":"post","2":"type-post","3":"status-publish","4":"format-standard","6":"category-destaques","7":"category-entretenimento","8":"tag-abrasel","9":"tag-festival-do-caranguejo","10":"tag-prefeitura-de-aracaju"},"_links":{"self":[{"href":"https:\/\/senoticias.com.br\/se\/wp-json\/wp\/v2\/posts\/145290"}],"collection":[{"href":"https:\/\/senoticias.com.br\/se\/wp-json\/wp\/v2\/posts"}],"about":[{"href":"https:\/\/senoticias.com.br\/se\/wp-json\/wp\/v2\/types\/post"}],"author":[{"embeddable":true,"href":"https:\/\/senoticias.com.br\/se\/wp-json\/wp\/v2\/users\/6557"}],"replies":[{"embeddable":true,"href":"https:\/\/senoticias.com.br\/se\/wp-json\/wp\/v2\/comments?post=145290"}],"version-history":[{"count":0,"href":"https:\/\/senoticias.com.br\/se\/wp-json\/wp\/v2\/posts\/145290\/revisions"}],"wp:attachment":[{"href":"https:\/\/senoticias.com.br\/se\/wp-json\/wp\/v2\/media?parent=145290"}],"wp:term":[{"taxonomy":"category","embeddable":true,"href":"https:\/\/senoticias.com.br\/se\/wp-json\/wp\/v2\/categories?post=145290"},{"taxonomy":"post_tag","embeddable":true,"href":"https:\/\/senoticias.com.br\/se\/wp-json\/wp\/v2\/tags?post=145290"}],"curies":[{"name":"wp","href":"https:\/\/api.w.org\/{rel}","templated":true}]}}