{"id":145288,"date":"2024-11-27T11:21:16","date_gmt":"2024-11-27T14:21:16","guid":{"rendered":"https:\/\/senoticias.com.br\/se\/?p=145288"},"modified":"2024-11-27T11:21:16","modified_gmt":"2024-11-27T14:21:16","slug":"sebrae-intensifica-acoes-para-regularizacao-dos-meis","status":"publish","type":"post","link":"https:\/\/senoticias.com.br\/se\/sebrae-intensifica-acoes-para-regularizacao-dos-meis\/","title":{"rendered":"Sebrae intensifica a\u00e7\u00f5es para regulariza\u00e7\u00e3o dos MEIs"},"content":{"rendered":"<p>&nbsp;<\/p>\n<p>O Sebrae realizou, na \u00faltima ter\u00e7a-feira, 26, uma a\u00e7\u00e3o de intensifica\u00e7\u00e3o para a regulariza\u00e7\u00e3o da situa\u00e7\u00e3o fiscal dos Microempreendedores Individuais (MEIs). A a\u00e7\u00e3o especial consistiu em orientar os MEIs sobre como manter sua regularidade no sistema e evitar exclus\u00f5es do Simples Nacional. A regulariza\u00e7\u00e3o pode ser realizada at\u00e9 31 de dezembro, de forma on-line ou presencialmente na sede do Sebrae.<\/p>\n<div id=\"attachment_145289\" style=\"width: 599px\" class=\"wp-caption aligncenter\"><a href=\"https:\/\/senoticias.com.br\/se\/wp-content\/uploads\/2024\/11\/IMG_0388.jpeg\"><img loading=\"lazy\" decoding=\"async\" aria-describedby=\"caption-attachment-145289\" class=\"size-full wp-image-145289\" src=\"https:\/\/senoticias.com.br\/se\/wp-content\/uploads\/2024\/11\/IMG_0388.jpeg\" alt=\"\" width=\"589\" height=\"491\" srcset=\"https:\/\/senoticias.com.br\/se\/wp-content\/uploads\/2024\/11\/IMG_0388.jpeg 589w, https:\/\/senoticias.com.br\/se\/wp-content\/uploads\/2024\/11\/IMG_0388-300x250.jpeg 300w\" sizes=\"(max-width: 589px) 100vw, 589px\" \/><\/a><p id=\"caption-attachment-145289\" class=\"wp-caption-text\">A regulariza\u00e7\u00e3o da situa\u00e7\u00e3o fiscal pode ser realizada at\u00e9 31 de dezembro &#8211; ascom\/Sebrae\/Se<\/p><\/div>\n<p>A iniciativa faz parte de um esfor\u00e7o cont\u00ednuo do Sebrae para apoiar os pequenos neg\u00f3cios e assegurar a longevidade e o sucesso dos MEIs, oferecendo um atendimento personalizado para esclarecer d\u00favidas e fornecer solu\u00e7\u00f5es pr\u00e1ticas, assim como explicou Aur\u00e9lio Viana, Gerente do Escrit\u00f3rio Regional do Sebrae em Aracaju, \u201cessa campanha visa fazer com que os Microempreendedores Individuais (MEIs) tenham acesso aos termos de exclus\u00e3o do Simples Nacional. Esse ano, os MEIs que est\u00e3o com d\u00e9bito com a Receita Federal, com o Estado ou com o munic\u00edpio, foram notificados atrav\u00e9s de um domic\u00edlio tribut\u00e1rio eletr\u00f4nico e, agora, precisam regularizar sua situa\u00e7\u00e3o para n\u00e3o serem exclu\u00eddos do Simples Nacional em janeiro de 2025.\u201d<\/p>\n<p>&nbsp;<\/p>\n<p>O objetivo da a\u00e7\u00e3o foi garantir que os microempreendedores possam manter-se ativos no Simples Nacional, evitando penalidades e a perda de benef\u00edcios fiscais importantes. \u201cAqueles que estavam com d\u00e9bitos com a receita, a gente fez o parcelamento. Aqueles que estavam em d\u00e9bito com a SEFAZ, fizemos a gera\u00e7\u00e3o dos boletos e o parcelamento para aqueles que quiseram parcelar. Ent\u00e3o, foi um dia para que eles pudessem se regularizar e manter a sua regularidade, permanecendo, assim, com o MEI e como um optante do Simples Nacional\u201d, finalizou Aur\u00e9lio.<\/p>\n<p><strong><em>Acompanhe tamb\u00e9m o SE Not\u00edcias no\u00a0<a href=\"https:\/\/www.instagram.com\/senoticias\/\" target=\"_blank\" rel=\"noreferrer noopener\">Instagram<\/a><\/em><\/strong>,\u00a0<strong><em>\u00a0<a href=\"https:\/\/www.facebook.com\/senoticias1\" target=\"_blank\" rel=\"noreferrer noopener\">Facebook<\/a>\u00a0e\u00a0no<\/em>\u00a0<em><a href=\"https:\/\/twitter.com\/Senoticias\">X<\/a><\/em><\/strong><br \/>\nDa Ascom\/Sebrae\/SE<\/p>\n","protected":false},"excerpt":{"rendered":"<p>&nbsp; O Sebrae realizou, na \u00faltima ter\u00e7a-feira, 26, uma a\u00e7\u00e3o de intensifica\u00e7\u00e3o para a regulariza\u00e7\u00e3o da situa\u00e7\u00e3o fiscal dos Microempreendedores Individuais (MEIs). A a\u00e7\u00e3o especial consistiu em orientar os MEIs sobre como manter sua regularidade no sistema e evitar exclus\u00f5es do Simples Nacional. A regulariza\u00e7\u00e3o pode ser realizada at\u00e9 31 de dezembro, de forma on-line [&hellip;]<\/p>\n","protected":false},"author":6557,"featured_media":0,"comment_status":"closed","ping_status":"closed","sticky":false,"template":"","format":"standard","meta":{"footnotes":""},"categories":[15],"tags":[41597,3451],"class_list":{"0":"post-145288","1":"post","2":"type-post","3":"status-publish","4":"format-standard","6":"category-destaques","7":"tag-meis","8":"tag-sebrae"},"_links":{"self":[{"href":"https:\/\/senoticias.com.br\/se\/wp-json\/wp\/v2\/posts\/145288"}],"collection":[{"href":"https:\/\/senoticias.com.br\/se\/wp-json\/wp\/v2\/posts"}],"about":[{"href":"https:\/\/senoticias.com.br\/se\/wp-json\/wp\/v2\/types\/post"}],"author":[{"embeddable":true,"href":"https:\/\/senoticias.com.br\/se\/wp-json\/wp\/v2\/users\/6557"}],"replies":[{"embeddable":true,"href":"https:\/\/senoticias.com.br\/se\/wp-json\/wp\/v2\/comments?post=145288"}],"version-history":[{"count":0,"href":"https:\/\/senoticias.com.br\/se\/wp-json\/wp\/v2\/posts\/145288\/revisions"}],"wp:attachment":[{"href":"https:\/\/senoticias.com.br\/se\/wp-json\/wp\/v2\/media?parent=145288"}],"wp:term":[{"taxonomy":"category","embeddable":true,"href":"https:\/\/senoticias.com.br\/se\/wp-json\/wp\/v2\/categories?post=145288"},{"taxonomy":"post_tag","embeddable":true,"href":"https:\/\/senoticias.com.br\/se\/wp-json\/wp\/v2\/tags?post=145288"}],"curies":[{"name":"wp","href":"https:\/\/api.w.org\/{rel}","templated":true}]}}