{"id":145262,"date":"2024-11-26T05:53:33","date_gmt":"2024-11-26T08:53:33","guid":{"rendered":"https:\/\/senoticias.com.br\/se\/?p=145262"},"modified":"2024-11-26T05:53:33","modified_gmt":"2024-11-26T08:53:33","slug":"ex-presidente-jair-bolsonaro-nega-golpe-e-diz-que-estudou-medidas-dentro-das-quatro-linhas","status":"publish","type":"post","link":"https:\/\/senoticias.com.br\/se\/ex-presidente-jair-bolsonaro-nega-golpe-e-diz-que-estudou-medidas-dentro-das-quatro-linhas\/","title":{"rendered":"Ex-presidente Jair Bolsonaro nega golpe e diz que estudou medidas &#8220;dentro das quatro linhas&#8221;"},"content":{"rendered":"<p>O ex-presidente Jair Bolsonaro chegou a Bras\u00edlia, na noite desta segunda-feira (25\/11), ap\u00f3s uma viagem ao Nordeste, e concedeu uma coletiva de imprensa no Aeroporto Internacional da capital federal. Durante fala de mais de 20 minutos, Bolsonaro negou ter tramado um golpe de Estado e disse que apenas estudou &#8220;todas as medidas poss\u00edveis dentro das quatro linhas&#8221;.<\/p>\n<p>Bolsonaro tamb\u00e9m criticou a investiga\u00e7\u00e3o da Pol\u00edcia Federal, que indiciou ele e mais 36 pessoas pelos crimes de aboli\u00e7\u00e3o violenta do Estado Democr\u00e1tico de Direito, golpe de Estado e organiza\u00e7\u00e3o criminosa. &#8220;O inqu\u00e9rito n\u00e3o tem a participa\u00e7\u00e3o do Minist\u00e9rio P\u00fablico, a mesma pessoa faz tudo e no final do relat\u00f3rio ele volta para condenar quem quer que seja. Golpe de estado \u00e9 uma coisa s\u00e9ria. Como disse agora pouco o presidente Temer, tem que estar envolvido todas as For\u00e7as Armadas, n\u00e3o existe golpe, ningu\u00e9m vai dar golpe com o general da reserva e mais meia d\u00fazia de Oficiais&#8221;<\/p>\n<div id=\"attachment_145263\" style=\"width: 568px\" class=\"wp-caption aligncenter\"><a href=\"https:\/\/senoticias.com.br\/se\/wp-content\/uploads\/2024\/11\/Jair-Bolsonaro-SE-Noticias.png\"><img loading=\"lazy\" decoding=\"async\" aria-describedby=\"caption-attachment-145263\" class=\"size-full wp-image-145263\" src=\"https:\/\/senoticias.com.br\/se\/wp-content\/uploads\/2024\/11\/Jair-Bolsonaro-SE-Noticias.png\" alt=\"\" width=\"558\" height=\"389\" srcset=\"https:\/\/senoticias.com.br\/se\/wp-content\/uploads\/2024\/11\/Jair-Bolsonaro-SE-Noticias.png 558w, https:\/\/senoticias.com.br\/se\/wp-content\/uploads\/2024\/11\/Jair-Bolsonaro-SE-Noticias-300x209.png 300w\" sizes=\"(max-width: 558px) 100vw, 558px\" \/><\/a><p id=\"caption-attachment-145263\" class=\"wp-caption-text\">&#8216;Nunca debati golpe com ningu\u00e9m&#8217;, diz Bolsonaro &#8211; Foto: reprodu\u00e7\u00e3o Minervino J\u00fanior\/CB\/D.A Press<\/p><\/div>\n<p>&#8220;\u00c9 um absurdo o que est\u00e3o falando. Da minha parte, nunca houve discuss\u00e3o de golpe. Se algu\u00e9m viesse discutir golpe comigo, ia falar: \u2018Tudo bem, e o day after? E o dia seguinte, como fica o mundo perante a n\u00f3s?\u2019 Todas as medidas poss\u00edveis, dentro das quatro linhas, dentro da Constitui\u00e7\u00e3o, eu estudei&#8221;, disse.<\/p>\n<p>&#8220;A palavra golpe nunca esteve no meu dicion\u00e1rio. Desde quando eu assumi, em 2019, eu vinha sendo acusado em querer dar um golpe&#8221;, garantiu Bolsonaro, que iniciou a coletiva de imprensa afirmando que &#8220;a situa\u00e7\u00e3o \u00e9 extremamente grave, as acusa\u00e7\u00f5es realmente s\u00e3o terr\u00edveis&#8221;.<\/p>\n<p><strong>Criticas ao TSE e Alexandre de Moraes<br \/>\n<\/strong><br \/>\nBolsonaro voltou a tecer criticas contra o ministro Alexandre de Moraes, do Supremo Tribunal Federal (STF), e ao Tribunal Superior Eleitoral (TSE).<\/p>\n<p>O ex-presidente lembrou as campanhas da corte eleitoral para incentivar que jovens de 16 e 17 anos tirassem o t\u00edtulo de eleitor \u2014 nessa idade, os adolescentes n\u00e3o s\u00e3o obrigados a votar. &#8220;Quatro milh\u00f5es de jovens tiraram o t\u00edtulo de eleitor. 3 milh\u00f5es para o Lula e 1 milh\u00e3o para mim. Eu estou at\u00e9 me beneficiando, o percentual \u00e9 maior para o lado de l\u00e1. S\u00f3 a\u00ed decidiu as elei\u00e7\u00f5es. Essa \u00e9 uma das tantas observa\u00e7\u00f5es que eu tenho onde o TSE tomou partido&#8221;, declarou.<\/p>\n<p><strong>Anistia para os envolvidos no 8 de janeiro<br \/>\n<\/strong><br \/>\nO ex-presidente tamb\u00e9m falou sobre o Projeto de Lei (PL) da anistia, em tramita\u00e7\u00e3o na C\u00e2mara e no Senado, e disse que o inqu\u00e9rito do golpe n\u00e3o amea\u00e7a o projeto. &#8220;Podemos aprovar na comiss\u00e3o, mas n\u00e3o teria clima para aprovar no plen\u00e1rio da C\u00e2mara. Mas eu n\u00e3o vejo amea\u00e7a, \u00e9 algo completamente diferente. A lei de 1979 mesmo, o que foi anistiado foi crime de sangue, terrorismo, bombas&#8221;, citou.<\/p>\n<p>Paulo Amador da Cunha Bueno, advogado de Bolsonaro na investiga\u00e7\u00e3o do golpe, tamb\u00e9m falou durante a coletiva e pediu a participa\u00e7\u00e3o do Minist\u00e9rio P\u00fablico da Uni\u00e3o (MPU) no processo. &#8220;O procurador da Rep\u00fablica \u00e9 algu\u00e9m que preza pela sua biografia, uma pessoa extremamente respeitada e n\u00f3s temos a convic\u00e7\u00e3o de que ele ter\u00e1 toda cautela ao analisar esta investiga\u00e7\u00e3o. Esperamos que o MP tenha a participa\u00e7\u00e3o que n\u00e3o pode ter ao longo do tempo desta investiga\u00e7\u00e3o. Inclusive, na gest\u00e3o anterior, por diversas vezes, houve pedido de arquivamento de inqu\u00e9ritos que foi simplesmente ignorado&#8221;, comentou.<\/p>\n<p>Bolsonaro tamb\u00e9m voltou a questionar \u00e0s urnas eletr\u00f4nicas e defender o voto impresso, e disse n\u00e3o ter &#8220;cabimento&#8221; ficar ineleg\u00edvel por criticar o sistema eleitoral. &#8220;Eu defendo o voto impresso desde 2012, defendia como deputado federal, j\u00e1 tive emenda minha aprovada. A Dilma vetou, n\u00f3s derrubamos. O STF disse que era inconstitucional. Agora, quem entrou com uma a\u00e7\u00e3o contra mim, foi o Carlos Lupi exatamente por causa do voto impresso. Se voc\u00ea pegar h\u00e1 quatro anos atr\u00e1s, no hor\u00e1rio das inser\u00e7\u00f5es partid\u00e1rias, o Carlos vai \u00e0 televis\u00e3o e fala claramente &#8216;sem voto impresso \u00e9 certeza na fraude&#8217;. Ele fala isso, v\u00e1rios outros parlamentares apresentaram projeto nesse sentido. Agora voc\u00ea tornar algu\u00e9m ineleg\u00edvel, porque critica um sistema eleitoral, n\u00e3o tem cabimento&#8221;, falou.<\/p>\n<p><strong><em>Acompanhe tamb\u00e9m o SE Not\u00edcias no\u00a0<a href=\"https:\/\/www.instagram.com\/senoticias\/\" target=\"_blank\" rel=\"noreferrer noopener\">Instagram<\/a><\/em><\/strong>,\u00a0<strong><em>\u00a0<a href=\"https:\/\/www.facebook.com\/senoticias1\" target=\"_blank\" rel=\"noreferrer noopener\">Facebook<\/a>\u00a0e\u00a0no<\/em>\u00a0<em><a href=\"https:\/\/twitter.com\/Senoticias\">X<\/a><\/em><\/strong><\/p>\n<p>Fonte: Correio Braziliense<\/p>\n","protected":false},"excerpt":{"rendered":"<p>O ex-presidente Jair Bolsonaro chegou a Bras\u00edlia, na noite desta segunda-feira (25\/11), ap\u00f3s uma viagem ao Nordeste, e concedeu uma coletiva de imprensa no Aeroporto Internacional da capital federal. Durante fala de mais de 20 minutos, Bolsonaro negou ter tramado um golpe de Estado e disse que apenas estudou &#8220;todas as medidas poss\u00edveis dentro das [&hellip;]<\/p>\n","protected":false},"author":6557,"featured_media":145263,"comment_status":"closed","ping_status":"closed","sticky":false,"template":"","format":"standard","meta":{"footnotes":""},"categories":[15,6],"tags":[3272,42703,580],"class_list":{"0":"post-145262","1":"post","2":"type-post","3":"status-publish","4":"format-standard","5":"has-post-thumbnail","7":"category-destaques","8":"category-politica","9":"tag-bolsonaro","10":"tag-ex-presidente-jair-bolsonaro","11":"tag-golpe"},"_links":{"self":[{"href":"https:\/\/senoticias.com.br\/se\/wp-json\/wp\/v2\/posts\/145262"}],"collection":[{"href":"https:\/\/senoticias.com.br\/se\/wp-json\/wp\/v2\/posts"}],"about":[{"href":"https:\/\/senoticias.com.br\/se\/wp-json\/wp\/v2\/types\/post"}],"author":[{"embeddable":true,"href":"https:\/\/senoticias.com.br\/se\/wp-json\/wp\/v2\/users\/6557"}],"replies":[{"embeddable":true,"href":"https:\/\/senoticias.com.br\/se\/wp-json\/wp\/v2\/comments?post=145262"}],"version-history":[{"count":0,"href":"https:\/\/senoticias.com.br\/se\/wp-json\/wp\/v2\/posts\/145262\/revisions"}],"wp:featuredmedia":[{"embeddable":true,"href":"https:\/\/senoticias.com.br\/se\/wp-json\/wp\/v2\/media\/145263"}],"wp:attachment":[{"href":"https:\/\/senoticias.com.br\/se\/wp-json\/wp\/v2\/media?parent=145262"}],"wp:term":[{"taxonomy":"category","embeddable":true,"href":"https:\/\/senoticias.com.br\/se\/wp-json\/wp\/v2\/categories?post=145262"},{"taxonomy":"post_tag","embeddable":true,"href":"https:\/\/senoticias.com.br\/se\/wp-json\/wp\/v2\/tags?post=145262"}],"curies":[{"name":"wp","href":"https:\/\/api.w.org\/{rel}","templated":true}]}}