{"id":145223,"date":"2024-11-25T06:51:52","date_gmt":"2024-11-25T09:51:52","guid":{"rendered":"https:\/\/senoticias.com.br\/se\/?p=145223"},"modified":"2024-11-25T06:52:27","modified_gmt":"2024-11-25T09:52:27","slug":"ciclista-e-atropelada-durante-competicao-do-ironman-na-orla-da-atalaia-em-aracaju","status":"publish","type":"post","link":"https:\/\/senoticias.com.br\/se\/ciclista-e-atropelada-durante-competicao-do-ironman-na-orla-da-atalaia-em-aracaju\/","title":{"rendered":"Ciclista \u00e9 atropelada durante competi\u00e7\u00e3o do Ironman na Orla da Atalaia em Aracaju"},"content":{"rendered":"<p>A ciclista Y. S. F., 21 anos, que foi atropelada na manh\u00e3 de domingo, 24, na Orla da Atalaia, nas proximidades dos arcos, durante participa\u00e7\u00e3o no Ironman Aracaju, recebeu alta hospitalar. A informa\u00e7\u00e3o foi confirmada pela Secretaria de Estado da Sa\u00fade (SES).<\/p>\n<p>Segundo informa\u00e7\u00f5es divulgadas pela assessoria de imprensa do evento, um ve\u00edculo invadiu o trecho da pista que estava bloqueado e atingiu a atleta. Inicialmente, ela foi atendida pela equipe m\u00e9dica do evento e, logo depois, encaminhada pela Servi\u00e7o de Atendimento M\u00f3vel de Urg\u00eancia (Samu) ao Hospital de Urg\u00eancias de Sergipe Jo\u00e3o Alves Filho (Huse).<\/p>\n<div id=\"attachment_145224\" style=\"width: 590px\" class=\"wp-caption aligncenter\"><a href=\"https:\/\/senoticias.com.br\/se\/wp-content\/uploads\/2024\/11\/Ciclista-atropelada-se-noticias.png\"><img loading=\"lazy\" decoding=\"async\" aria-describedby=\"caption-attachment-145224\" class=\"size-full wp-image-145224\" src=\"https:\/\/senoticias.com.br\/se\/wp-content\/uploads\/2024\/11\/Ciclista-atropelada-se-noticias.png\" alt=\"\" width=\"580\" height=\"409\" srcset=\"https:\/\/senoticias.com.br\/se\/wp-content\/uploads\/2024\/11\/Ciclista-atropelada-se-noticias.png 580w, https:\/\/senoticias.com.br\/se\/wp-content\/uploads\/2024\/11\/Ciclista-atropelada-se-noticias-300x212.png 300w\" sizes=\"(max-width: 580px) 100vw, 580px\" \/><\/a><p id=\"caption-attachment-145224\" class=\"wp-caption-text\">Y. S. F. passou por diversos exames, foi avaliada e recebeu alta hospitalar &#8211; Foto: redes sociais<\/p><\/div>\n<p>A unidade hospitalar, por meio de sua assessoria de imprensa, informou que a paciente passou por diversos exames, entre eles, tomografia e raio x, e avalia\u00e7\u00e3o das especialidades de Cirurgia Geral e Neurologia. Ela tamb\u00e9m passou por avalia\u00e7\u00e3o e j\u00e1 recebeu alta hospitalar.<\/p>\n<p>A Secretaria Municipal de Transportes e Tr\u00e2nsito de Aracaju (SMTT), que atuou no evento, fazendo bloqueio dos pontos estrat\u00e9gicos, e o controle de fluxo de ve\u00edculos, n\u00e3o divulgou informa\u00e7\u00f5es sobre as circunst\u00e2ncias e o local exato onde a ocorr\u00eancia foi registrada. Tamb\u00e9m n\u00e3o foram divulgadas informa\u00e7\u00f5es sobre o condutor e o ve\u00edculo.<\/p>\n<p><strong><em>Acompanhe tamb\u00e9m o SE Not\u00edcias no\u00a0<a href=\"https:\/\/www.instagram.com\/senoticias\/\" target=\"_blank\" rel=\"noreferrer noopener\">Instagram<\/a><\/em>,\u00a0<em>\u00a0<a href=\"https:\/\/www.facebook.com\/senoticias1\" target=\"_blank\" rel=\"noreferrer noopener\">Facebook<\/a>\u00a0e\u00a0no<\/em>\u00a0<em><a href=\"https:\/\/twitter.com\/Senoticias\">X<\/a><\/em><\/strong><\/p>\n<p>Com informa\u00e7\u00f5es de Verlane Est\u00e1cio, do Portal Infonet<\/p>\n","protected":false},"excerpt":{"rendered":"<p>A ciclista Y. S. F., 21 anos, que foi atropelada na manh\u00e3 de domingo, 24, na Orla da Atalaia, nas proximidades dos arcos, durante participa\u00e7\u00e3o no Ironman Aracaju, recebeu alta hospitalar. A informa\u00e7\u00e3o foi confirmada pela Secretaria de Estado da Sa\u00fade (SES). Segundo informa\u00e7\u00f5es divulgadas pela assessoria de imprensa do evento, um ve\u00edculo invadiu o [&hellip;]<\/p>\n","protected":false},"author":6557,"featured_media":145224,"comment_status":"closed","ping_status":"closed","sticky":false,"template":"","format":"standard","meta":{"footnotes":""},"categories":[15,6],"tags":[42692,42693,42691,2979],"class_list":{"0":"post-145223","1":"post","2":"type-post","3":"status-publish","4":"format-standard","5":"has-post-thumbnail","7":"category-destaques","8":"category-politica","9":"tag-ciclista-e-atropelada","10":"tag-competicao-do-ironman","11":"tag-ironman-aracaju","12":"tag-smtt"},"_links":{"self":[{"href":"https:\/\/senoticias.com.br\/se\/wp-json\/wp\/v2\/posts\/145223"}],"collection":[{"href":"https:\/\/senoticias.com.br\/se\/wp-json\/wp\/v2\/posts"}],"about":[{"href":"https:\/\/senoticias.com.br\/se\/wp-json\/wp\/v2\/types\/post"}],"author":[{"embeddable":true,"href":"https:\/\/senoticias.com.br\/se\/wp-json\/wp\/v2\/users\/6557"}],"replies":[{"embeddable":true,"href":"https:\/\/senoticias.com.br\/se\/wp-json\/wp\/v2\/comments?post=145223"}],"version-history":[{"count":0,"href":"https:\/\/senoticias.com.br\/se\/wp-json\/wp\/v2\/posts\/145223\/revisions"}],"wp:featuredmedia":[{"embeddable":true,"href":"https:\/\/senoticias.com.br\/se\/wp-json\/wp\/v2\/media\/145224"}],"wp:attachment":[{"href":"https:\/\/senoticias.com.br\/se\/wp-json\/wp\/v2\/media?parent=145223"}],"wp:term":[{"taxonomy":"category","embeddable":true,"href":"https:\/\/senoticias.com.br\/se\/wp-json\/wp\/v2\/categories?post=145223"},{"taxonomy":"post_tag","embeddable":true,"href":"https:\/\/senoticias.com.br\/se\/wp-json\/wp\/v2\/tags?post=145223"}],"curies":[{"name":"wp","href":"https:\/\/api.w.org\/{rel}","templated":true}]}}