{"id":145221,"date":"2024-11-25T06:06:51","date_gmt":"2024-11-25T09:06:51","guid":{"rendered":"https:\/\/senoticias.com.br\/se\/?p=145221"},"modified":"2024-11-25T06:07:25","modified_gmt":"2024-11-25T09:07:25","slug":"onibus-com-cerca-de-40-pessoas-perde-o-controle-e-capota-em-alagoas-ao-menos-17-mortos","status":"publish","type":"post","link":"https:\/\/senoticias.com.br\/se\/onibus-com-cerca-de-40-pessoas-perde-o-controle-e-capota-em-alagoas-ao-menos-17-mortos\/","title":{"rendered":"\u00d4nibus com cerca de 40 pessoas capota em Alagoas; ao menos 17 mortos"},"content":{"rendered":"<p>Um \u00f4nibus com cerca de 40 passageiros capotou na tarde deste domingo, 24, em uma ribanceira na regi\u00e3o da Serra da Barriga, em Uni\u00e3o dos Palmares, no interior de Alagoas. Iniciamente, o governo do Estado havia informado que 23 pessoas tinham morrido. Horas depois, corrigiu o n\u00famero para 17 v\u00edtimas fatais.<\/p>\n<p>Segundo informa\u00e7\u00f5es do Corpo de Bombeiros fornecidas ao Terra, testemunhas afirmaram que o ve\u00edculo era um \u00f4nibus escolar que levava estudantes, de idades variadas, para participar do projeto cultural P\u00f4r do Sol na Serra. Durante o trajeto, o motorista perdeu o controle do \u00f4nibus e sofreu uma queda de\u00a0cerca de 20 metros de altura. As circunst\u00e2ncias do acidente ainda est\u00e3o sendo investigadas.<\/p>\n<p>O governo chegou a informar que 23 pessoas tinham morrido, entre elas uma gestante. No entanto, por volta das 20h38, o n\u00famero de mortos foi corrigido para 17.<\/p>\n<div id=\"attachment_145222\" style=\"width: 596px\" class=\"wp-caption aligncenter\"><a href=\"https:\/\/senoticias.com.br\/se\/wp-content\/uploads\/2024\/11\/Acidente-em-Alagoas-SE-Noticias.jpeg\"><img loading=\"lazy\" decoding=\"async\" aria-describedby=\"caption-attachment-145222\" class=\"size-full wp-image-145222\" src=\"https:\/\/senoticias.com.br\/se\/wp-content\/uploads\/2024\/11\/Acidente-em-Alagoas-SE-Noticias.jpeg\" alt=\"\" width=\"586\" height=\"391\" srcset=\"https:\/\/senoticias.com.br\/se\/wp-content\/uploads\/2024\/11\/Acidente-em-Alagoas-SE-Noticias.jpeg 586w, https:\/\/senoticias.com.br\/se\/wp-content\/uploads\/2024\/11\/Acidente-em-Alagoas-SE-Noticias-300x200.jpeg 300w, https:\/\/senoticias.com.br\/se\/wp-content\/uploads\/2024\/11\/Acidente-em-Alagoas-SE-Noticias-90x60.jpeg 90w, https:\/\/senoticias.com.br\/se\/wp-content\/uploads\/2024\/11\/Acidente-em-Alagoas-SE-Noticias-180x120.jpeg 180w, https:\/\/senoticias.com.br\/se\/wp-content\/uploads\/2024\/11\/Acidente-em-Alagoas-SE-Noticias-95x64.jpeg 95w\" sizes=\"(max-width: 586px) 100vw, 586px\" \/><\/a><p id=\"caption-attachment-145222\" class=\"wp-caption-text\">\u00d4nibus cai em ribanceira e deixa mortos e feridos em Alagoas &#8211; Foto: redes sociais<\/p><\/div>\n<p>De acordo com a\u00a0Secretaria de Estado da Sa\u00fade (Sesau), essa quantidade\u00a0pode sofrer altera\u00e7\u00f5es nesta segunda-feira, 25, quando as opera\u00e7\u00f5es de resgate ser\u00e3o retomadas nas primeiras horas da manh\u00e3, por conta da dificuldade de acesso ao local.<\/p>\n<p>Ao todo, o Hospital Regional da Mata (HRM)\u00a0atendeu 29 pacientes resgatados em uma opera\u00e7\u00e3o de emerg\u00eancia.<\/p>\n<p>Em nota, o governador de Alagoas, Paulo Dantas, lamentou as mortes. \u201cNeste momento de imensa dor, o governo de Alagoas decreta luto oficial por tr\u00eas dias em respeito \u00e0s vidas perdidas e manifesta total solidariedade \u00e0s fam\u00edlias e amigos das v\u00edtimas\u201d, disse.<\/p>\n<p>A ministra\u00a0da Igualdade Racial,\u00a0Anielle Franco, tamb\u00e9m emitiu uma nota lamentando o caso. \u201cQuero prestar minha total solidariedade \u00e0s v\u00edtimas e seus familiares do tr\u00e1gico acidente que ocorreu na tarde de hoje na Serra da Barriga, em Uni\u00e3o dos Palmares. [&#8230;] Em um m\u00eas t\u00e3o importante para todo pa\u00eds pelo m\u00eas da Consci\u00eancia Negra, sobretudo para a regi\u00e3o do Quilombo dos Palmares, essa trag\u00e9dia nos entristece profundamente\u201d, escreveu.<\/p>\n<p><strong><em>Acompanhe tamb\u00e9m o SE Not\u00edcias no\u00a0<a href=\"https:\/\/www.instagram.com\/senoticias\/\" target=\"_blank\" rel=\"noreferrer noopener\">Instagram<\/a><\/em>,\u00a0<em>\u00a0<a href=\"https:\/\/www.facebook.com\/senoticias1\" target=\"_blank\" rel=\"noreferrer noopener\">Facebook<\/a>\u00a0e\u00a0no<\/em>\u00a0<em><a href=\"https:\/\/twitter.com\/Senoticias\">X<\/a><\/em><\/strong><\/p>\n<p>Fonte: Portal Terra<\/p>\n","protected":false},"excerpt":{"rendered":"<p>Um \u00f4nibus com cerca de 40 passageiros capotou na tarde deste domingo, 24, em uma ribanceira na regi\u00e3o da Serra da Barriga, em Uni\u00e3o dos Palmares, no interior de Alagoas. Iniciamente, o governo do Estado havia informado que 23 pessoas tinham morrido. Horas depois, corrigiu o n\u00famero para 17 v\u00edtimas fatais. Segundo informa\u00e7\u00f5es do Corpo [&hellip;]<\/p>\n","protected":false},"author":6557,"featured_media":145222,"comment_status":"closed","ping_status":"closed","sticky":false,"template":"","format":"standard","meta":{"footnotes":""},"categories":[15,7],"tags":[42689,42687,42688,42690],"class_list":{"0":"post-145221","1":"post","2":"type-post","3":"status-publish","4":"format-standard","5":"has-post-thumbnail","7":"category-destaques","8":"category-policia","9":"tag-acidente-na-serra-da-barriga","10":"tag-onibus-cai-em-ribanceira","11":"tag-serra-da-barriga","12":"tag-tragedia-em-alagoas"},"_links":{"self":[{"href":"https:\/\/senoticias.com.br\/se\/wp-json\/wp\/v2\/posts\/145221"}],"collection":[{"href":"https:\/\/senoticias.com.br\/se\/wp-json\/wp\/v2\/posts"}],"about":[{"href":"https:\/\/senoticias.com.br\/se\/wp-json\/wp\/v2\/types\/post"}],"author":[{"embeddable":true,"href":"https:\/\/senoticias.com.br\/se\/wp-json\/wp\/v2\/users\/6557"}],"replies":[{"embeddable":true,"href":"https:\/\/senoticias.com.br\/se\/wp-json\/wp\/v2\/comments?post=145221"}],"version-history":[{"count":0,"href":"https:\/\/senoticias.com.br\/se\/wp-json\/wp\/v2\/posts\/145221\/revisions"}],"wp:featuredmedia":[{"embeddable":true,"href":"https:\/\/senoticias.com.br\/se\/wp-json\/wp\/v2\/media\/145222"}],"wp:attachment":[{"href":"https:\/\/senoticias.com.br\/se\/wp-json\/wp\/v2\/media?parent=145221"}],"wp:term":[{"taxonomy":"category","embeddable":true,"href":"https:\/\/senoticias.com.br\/se\/wp-json\/wp\/v2\/categories?post=145221"},{"taxonomy":"post_tag","embeddable":true,"href":"https:\/\/senoticias.com.br\/se\/wp-json\/wp\/v2\/tags?post=145221"}],"curies":[{"name":"wp","href":"https:\/\/api.w.org\/{rel}","templated":true}]}}