{"id":145215,"date":"2024-11-24T18:13:44","date_gmt":"2024-11-24T21:13:44","guid":{"rendered":"https:\/\/senoticias.com.br\/se\/?p=145215"},"modified":"2024-11-24T18:13:44","modified_gmt":"2024-11-24T21:13:44","slug":"quem-era-o-fisiculturista-de-28-anos-jose-mateus-correia-que-morreu-apos-parada-cardiorrespiratoria","status":"publish","type":"post","link":"https:\/\/senoticias.com.br\/se\/quem-era-o-fisiculturista-de-28-anos-jose-mateus-correia-que-morreu-apos-parada-cardiorrespiratoria\/","title":{"rendered":"Quem era o fisiculturista de 28 anos Jos\u00e9 Mateus Correia, que morreu ap\u00f3s parada cardiorrespirat\u00f3ria"},"content":{"rendered":"<p>&nbsp;<\/p>\n<p>Jos\u00e9 Mateus Correia, de 28 anos, era empres\u00e1rio no ramo fitness e morreu na noite desta sexta-feira, 22, ap\u00f3s ter uma parada card\u00edaca.<\/p>\n<div id=\"attachment_145216\" style=\"width: 391px\" class=\"wp-caption alignnone\"><a href=\"https:\/\/senoticias.com.br\/se\/wp-content\/uploads\/2024\/11\/Fisioculturista-morre-se-noticias.png\"><img loading=\"lazy\" decoding=\"async\" aria-describedby=\"caption-attachment-145216\" class=\"size-full wp-image-145216\" src=\"https:\/\/senoticias.com.br\/se\/wp-content\/uploads\/2024\/11\/Fisioculturista-morre-se-noticias.png\" alt=\"\" width=\"381\" height=\"404\" srcset=\"https:\/\/senoticias.com.br\/se\/wp-content\/uploads\/2024\/11\/Fisioculturista-morre-se-noticias.png 381w, https:\/\/senoticias.com.br\/se\/wp-content\/uploads\/2024\/11\/Fisioculturista-morre-se-noticias-283x300.png 283w\" sizes=\"(max-width: 381px) 100vw, 381px\" \/><\/a><p id=\"caption-attachment-145216\" class=\"wp-caption-text\">Jos\u00e9 Mateus Correia era fisiculturista e morreu aos 28 anos &#8211; Foto: Reprodu\u00e7\u00e3o\/Instagram @josemateuscs<\/p><\/div>\n<p>Morador de \u00c1guas Claras, ele atuava como fisiculturista e era bastante conhecido no meio de competi\u00e7\u00f5es no Distrito Federal.<\/p>\n<p>Pelas redes sociais, Correia compartilhava dicas sobre muscula\u00e7\u00e3o, treinos, competi\u00e7\u00f5es e conquistas no universo do fisiculturismo.<\/p>\n<p>Em publica\u00e7\u00f5es de perfis de marcas do empres\u00e1rio nas redes sociais, admiradores, conhecidos e familiares deixaram mensagens relembrando o legado de Correia. O fundador de lojas de suplementos alimentares, linha de nutri\u00e7\u00e3o e marca de fitness ser\u00e1 lembrado por treinar atletas de alto rendimento e pela dedica\u00e7\u00e3o \u00e0 carreira.\u00a0 O vel\u00f3rio do empres\u00e1rio aconteceu neste domingo, 24.<\/p>\n<p>O irm\u00e3o do empres\u00e1rio, Tiago Correia, prestou homenagem em uma publica\u00e7ao. \u201cVoc\u00ea foi incr\u00edvel. Obrigado por tanto! Te amo\u201d, declarou.<\/p>\n<p>A morte de Correia ocorreu quando ele treinava em uma academia em \u00c1guas Claras. O fisiculturista come\u00e7ou a passar mal e foi levado por um amigo ao quartel do Corpo de Bombeiros da cidade.<\/p>\n<p>Os militares constataram a parada cardiorrespirat\u00f3ria e iniciaram procedimentos de reanima\u00e7\u00e3o, que duraram maias de uma hora. Apesar dos esfor\u00e7os, a morte foi confirmada no local por um m\u00e9dico do Servi\u00e7o de Atendimento M\u00f3vel de Urg\u00eancia (Samu).<\/p>\n<p><strong><em>Acompanhe tamb\u00e9m o SE Not\u00edcias no\u00a0<a href=\"https:\/\/www.instagram.com\/senoticias\/\" target=\"_blank\" rel=\"noreferrer noopener\">Instagram<\/a><\/em><\/strong>,\u00a0<strong><em>\u00a0<a href=\"https:\/\/www.facebook.com\/senoticias1\" target=\"_blank\" rel=\"noreferrer noopener\">Facebook<\/a>\u00a0e\u00a0no<\/em>\u00a0<em><a href=\"https:\/\/twitter.com\/Senoticias\">X<\/a><\/em><\/strong><\/p>\n<p>Fonte: Portal Terra<\/p>\n","protected":false},"excerpt":{"rendered":"<p>&nbsp; Jos\u00e9 Mateus Correia, de 28 anos, era empres\u00e1rio no ramo fitness e morreu na noite desta sexta-feira, 22, ap\u00f3s ter uma parada card\u00edaca. Morador de \u00c1guas Claras, ele atuava como fisiculturista e era bastante conhecido no meio de competi\u00e7\u00f5es no Distrito Federal. Pelas redes sociais, Correia compartilhava dicas sobre muscula\u00e7\u00e3o, treinos, competi\u00e7\u00f5es e conquistas [&hellip;]<\/p>\n","protected":false},"author":6557,"featured_media":145216,"comment_status":"closed","ping_status":"closed","sticky":false,"template":"","format":"standard","meta":{"footnotes":""},"categories":[15,2961],"tags":[42073,42685,7009],"class_list":{"0":"post-145215","1":"post","2":"type-post","3":"status-publish","4":"format-standard","5":"has-post-thumbnail","7":"category-destaques","8":"category-nacional","9":"tag-fisiculturista-morre","10":"tag-jose-mateus-correia","11":"tag-parada-cardiaca"},"_links":{"self":[{"href":"https:\/\/senoticias.com.br\/se\/wp-json\/wp\/v2\/posts\/145215"}],"collection":[{"href":"https:\/\/senoticias.com.br\/se\/wp-json\/wp\/v2\/posts"}],"about":[{"href":"https:\/\/senoticias.com.br\/se\/wp-json\/wp\/v2\/types\/post"}],"author":[{"embeddable":true,"href":"https:\/\/senoticias.com.br\/se\/wp-json\/wp\/v2\/users\/6557"}],"replies":[{"embeddable":true,"href":"https:\/\/senoticias.com.br\/se\/wp-json\/wp\/v2\/comments?post=145215"}],"version-history":[{"count":0,"href":"https:\/\/senoticias.com.br\/se\/wp-json\/wp\/v2\/posts\/145215\/revisions"}],"wp:featuredmedia":[{"embeddable":true,"href":"https:\/\/senoticias.com.br\/se\/wp-json\/wp\/v2\/media\/145216"}],"wp:attachment":[{"href":"https:\/\/senoticias.com.br\/se\/wp-json\/wp\/v2\/media?parent=145215"}],"wp:term":[{"taxonomy":"category","embeddable":true,"href":"https:\/\/senoticias.com.br\/se\/wp-json\/wp\/v2\/categories?post=145215"},{"taxonomy":"post_tag","embeddable":true,"href":"https:\/\/senoticias.com.br\/se\/wp-json\/wp\/v2\/tags?post=145215"}],"curies":[{"name":"wp","href":"https:\/\/api.w.org\/{rel}","templated":true}]}}