{"id":145200,"date":"2024-11-22T10:46:31","date_gmt":"2024-11-22T13:46:31","guid":{"rendered":"https:\/\/senoticias.com.br\/se\/?p=145200"},"modified":"2024-11-22T10:46:31","modified_gmt":"2024-11-22T13:46:31","slug":"policia-civil-cumpre-em-pernambuco-mandado-de-prisao-contra-homem-foragido-de-aracaju","status":"publish","type":"post","link":"https:\/\/senoticias.com.br\/se\/policia-civil-cumpre-em-pernambuco-mandado-de-prisao-contra-homem-foragido-de-aracaju\/","title":{"rendered":"Pol\u00edcia Civil cumpre em Pernambuco mandado de pris\u00e3o contra homem foragido de Aracaju"},"content":{"rendered":"<p>&nbsp;<\/p>\n<p>O Centro de Opera\u00e7\u00f5es Policiais Especiais (Cope), com apoio da Divis\u00e3o de Intelig\u00eancia e Planejamento Policial (Dipol) e a partir de trabalho investigativo do Departamento de Homic\u00eddios e Prote\u00e7\u00e3o \u00e0 Pessoa (DHPP), cumpriu o mandado de pris\u00e3o por tentativa de homic\u00eddio contra um suspeito de 39 anos, que estava foragido de Aracaju. A deten\u00e7\u00e3o ocorreu nas primeiras horas desta sexta-feira, 22, na cidade pernambucana de Paulista, e teve o apoio da Pol\u00edcia Civil de Pernambuco.<\/p>\n<div id=\"attachment_145201\" style=\"width: 528px\" class=\"wp-caption aligncenter\"><a href=\"https:\/\/senoticias.com.br\/se\/wp-content\/uploads\/2024\/11\/IMG_0378.jpeg\"><img loading=\"lazy\" decoding=\"async\" aria-describedby=\"caption-attachment-145201\" class=\"size-full wp-image-145201\" src=\"https:\/\/senoticias.com.br\/se\/wp-content\/uploads\/2024\/11\/IMG_0378.jpeg\" alt=\"\" width=\"518\" height=\"430\" srcset=\"https:\/\/senoticias.com.br\/se\/wp-content\/uploads\/2024\/11\/IMG_0378.jpeg 518w, https:\/\/senoticias.com.br\/se\/wp-content\/uploads\/2024\/11\/IMG_0378-300x249.jpeg 300w\" sizes=\"(max-width: 518px) 100vw, 518px\" \/><\/a><p id=\"caption-attachment-145201\" class=\"wp-caption-text\">Suspeito \u00e9 investigado por tentativa de homic\u00eddio e tr\u00e1fico de drogas &#8211; Foto: SSP\/SE<\/p><\/div>\n<p>As investiga\u00e7\u00f5es mostraram que as tentativas de homic\u00eddio tiveram como motiva\u00e7\u00e3o uma disputa estabelecida entre grupos criminosos da regi\u00e3o Norte de Aracaju, visando o controle do tr\u00e1fico de drogas na \u00e1rea dos bairros Jap\u00e3ozinho e Cidade Nova. \u201cO preso \u00e9 apontado como mandante de duas tentativas de homic\u00eddio ocorridas em mar\u00e7o deste ano, em Aracaju, decorrentes de disputa por tr\u00e1fico de drogas\u201d, citou o delegado Hilton Duarte, integrante do Cope.<\/p>\n<p>Ainda de acordo com levantamento da pol\u00edcia sergipana, o suspeito, que j\u00e1 era investigado por integrar uma organiza\u00e7\u00e3o criminosa voltada ao tr\u00e1fico de drogas, \u00e9 apontado como mandante de duas tentativas de homic\u00eddio ocorridas em mar\u00e7o deste ano, na capital sergipana, em decorr\u00eancia de uma intensa disputa territorial entre fac\u00e7\u00f5es rivais.<\/p>\n<p>Os trabalhos investigativos tamb\u00e9m mostraram que o preso integra o grupo criminoso liderado por um homem conhecido por Sap\u00e3o, detido pela Pol\u00edcia Civil, no ano de 2021, na cidade do Rio de Janeiro. Com a pris\u00e3o ocorrida hoje, em Paulista, o investigado ser\u00e1 recambiado a Sergipe, para cumprimento das san\u00e7\u00f5es previstas em lei.<\/p>\n<p><strong><em>Acompanhe tamb\u00e9m o SE Not\u00edcias no\u00a0<a href=\"https:\/\/www.instagram.com\/senoticias\/\" target=\"_blank\" rel=\"noreferrer noopener\">Instagram<\/a><\/em><\/strong>,\u00a0<strong><em>\u00a0<a href=\"https:\/\/www.facebook.com\/senoticias1\" target=\"_blank\" rel=\"noreferrer noopener\">Facebook<\/a>\u00a0e\u00a0no<\/em>\u00a0<em><a href=\"https:\/\/twitter.com\/Senoticias\">X<\/a><\/em><\/strong><\/p>\n<p>Da ascom\/SSP\/SE<\/p>\n<p>&nbsp;<\/p>\n","protected":false},"excerpt":{"rendered":"<p>&nbsp; O Centro de Opera\u00e7\u00f5es Policiais Especiais (Cope), com apoio da Divis\u00e3o de Intelig\u00eancia e Planejamento Policial (Dipol) e a partir de trabalho investigativo do Departamento de Homic\u00eddios e Prote\u00e7\u00e3o \u00e0 Pessoa (DHPP), cumpriu o mandado de pris\u00e3o por tentativa de homic\u00eddio contra um suspeito de 39 anos, que estava foragido de Aracaju. A deten\u00e7\u00e3o [&hellip;]<\/p>\n","protected":false},"author":6557,"featured_media":0,"comment_status":"closed","ping_status":"closed","sticky":false,"template":"","format":"standard","meta":{"footnotes":""},"categories":[15,7],"tags":[40823,78],"class_list":{"0":"post-145200","1":"post","2":"type-post","3":"status-publish","4":"format-standard","6":"category-destaques","7":"category-policia","8":"tag-mandado-de-prisao","9":"tag-policia-civil"},"_links":{"self":[{"href":"https:\/\/senoticias.com.br\/se\/wp-json\/wp\/v2\/posts\/145200"}],"collection":[{"href":"https:\/\/senoticias.com.br\/se\/wp-json\/wp\/v2\/posts"}],"about":[{"href":"https:\/\/senoticias.com.br\/se\/wp-json\/wp\/v2\/types\/post"}],"author":[{"embeddable":true,"href":"https:\/\/senoticias.com.br\/se\/wp-json\/wp\/v2\/users\/6557"}],"replies":[{"embeddable":true,"href":"https:\/\/senoticias.com.br\/se\/wp-json\/wp\/v2\/comments?post=145200"}],"version-history":[{"count":0,"href":"https:\/\/senoticias.com.br\/se\/wp-json\/wp\/v2\/posts\/145200\/revisions"}],"wp:attachment":[{"href":"https:\/\/senoticias.com.br\/se\/wp-json\/wp\/v2\/media?parent=145200"}],"wp:term":[{"taxonomy":"category","embeddable":true,"href":"https:\/\/senoticias.com.br\/se\/wp-json\/wp\/v2\/categories?post=145200"},{"taxonomy":"post_tag","embeddable":true,"href":"https:\/\/senoticias.com.br\/se\/wp-json\/wp\/v2\/tags?post=145200"}],"curies":[{"name":"wp","href":"https:\/\/api.w.org\/{rel}","templated":true}]}}