{"id":145143,"date":"2024-11-19T12:22:53","date_gmt":"2024-11-19T15:22:53","guid":{"rendered":"https:\/\/senoticias.com.br\/se\/?p=145143"},"modified":"2024-11-19T12:22:53","modified_gmt":"2024-11-19T15:22:53","slug":"policia-federal-prende-suspeito-em-operacao-contra-abuso-sexual-infantojuvenil-no-interior-de-sergipe","status":"publish","type":"post","link":"https:\/\/senoticias.com.br\/se\/policia-federal-prende-suspeito-em-operacao-contra-abuso-sexual-infantojuvenil-no-interior-de-sergipe\/","title":{"rendered":"Pol\u00edcia Federal prende suspeito em opera\u00e7\u00e3o contra abuso sexual infantojuvenil no interior de Sergipe"},"content":{"rendered":"<p>&nbsp;<\/p>\n<p>&nbsp;<\/p>\n<p>A Pol\u00edcia Federal deflagrou na manh\u00e3 desta ter\u00e7a-feira (19\/11) a Opera\u00e7\u00e3o Vale dos Ventos VI, com o objetivo de combater o abuso sexual infantil e sua divulga\u00e7\u00e3o via internet.<\/p>\n<div id=\"attachment_145145\" style=\"width: 570px\" class=\"wp-caption aligncenter\"><a href=\"https:\/\/senoticias.com.br\/se\/wp-content\/uploads\/2024\/11\/IMG_0374.jpeg\"><img loading=\"lazy\" decoding=\"async\" aria-describedby=\"caption-attachment-145145\" class=\"size-full wp-image-145145\" src=\"https:\/\/senoticias.com.br\/se\/wp-content\/uploads\/2024\/11\/IMG_0374.jpeg\" alt=\"\" width=\"560\" height=\"420\" srcset=\"https:\/\/senoticias.com.br\/se\/wp-content\/uploads\/2024\/11\/IMG_0374.jpeg 560w, https:\/\/senoticias.com.br\/se\/wp-content\/uploads\/2024\/11\/IMG_0374-300x225.jpeg 300w, https:\/\/senoticias.com.br\/se\/wp-content\/uploads\/2024\/11\/IMG_0374-45x35.jpeg 45w\" sizes=\"(max-width: 560px) 100vw, 560px\" \/><\/a><p id=\"caption-attachment-145145\" class=\"wp-caption-text\">Opera\u00e7\u00e3o Vale dos Ventos VI prende suspeito de comercializar arquivos em rede social &#8211; Foto: ascom\/PF\/SE<\/p><\/div>\n<p>Durante o cumprimento de um mandado de busca e apreens\u00e3o na casa do investigado em Est\u00e2ncia\/SE, a equipe policial o flagrou em posse de arquivos il\u00edcitos contendo cenas de abuso sexual infantojuvenil. Al\u00e9m disso, foi encontrado ainda muni\u00e7\u00e3o de arma de fogo, fatos que resultaram em sua pris\u00e3o em flagrante.<\/p>\n<p>A investiga\u00e7\u00e3o teve in\u00edcio em setembro desse ano, a partir de informa\u00e7\u00f5es de intelig\u00eancia que apontaram que o suspeito estaria compartilhando e comercializando arquivos contendo cenas de abuso sexual envolvendo crian\u00e7as e adolescentes. O investigado compartilhou arquivos de abuso sexual infantil no X (antigo Twitter) como forma de anunciar a venda desse conte\u00fado.<\/p>\n<p>O investigado, preso em flagrante, deve responder pelo crime de armazenamento e compartilhamento de material de abuso sexual infantil, cujas penas m\u00e1ximas somadas podem chegar a at\u00e9 18 anos de pris\u00e3o<\/p>\n<p><strong><em>Acompanhe tamb\u00e9m o SE Not\u00edcias no\u00a0<a href=\"https:\/\/www.instagram.com\/senoticias\/\" target=\"_blank\" rel=\"noreferrer noopener\">Instagram<\/a><\/em><\/strong>,\u00a0<strong><em>\u00a0<a href=\"https:\/\/www.facebook.com\/senoticias1\" target=\"_blank\" rel=\"noreferrer noopener\">Facebook<\/a>\u00a0e\u00a0no<\/em>\u00a0<em><a href=\"https:\/\/twitter.com\/Senoticias\">X<\/a><\/em><\/strong><\/p>\n<p>Da Comunica\u00e7\u00e3o Social da Pol\u00edcia Federal em Sergipe<\/p>\n<p>&nbsp;<\/p>\n","protected":false},"excerpt":{"rendered":"<p>&nbsp; &nbsp; A Pol\u00edcia Federal deflagrou na manh\u00e3 desta ter\u00e7a-feira (19\/11) a Opera\u00e7\u00e3o Vale dos Ventos VI, com o objetivo de combater o abuso sexual infantil e sua divulga\u00e7\u00e3o via internet. Durante o cumprimento de um mandado de busca e apreens\u00e3o na casa do investigado em Est\u00e2ncia\/SE, a equipe policial o flagrou em posse de [&hellip;]<\/p>\n","protected":false},"author":6557,"featured_media":0,"comment_status":"closed","ping_status":"closed","sticky":false,"template":"","format":"standard","meta":{"footnotes":""},"categories":[15,7],"tags":[38576,1947],"class_list":{"0":"post-145143","1":"post","2":"type-post","3":"status-publish","4":"format-standard","6":"category-destaques","7":"category-policia","8":"tag-abuso-sexual-infantil","9":"tag-policia-federal"},"_links":{"self":[{"href":"https:\/\/senoticias.com.br\/se\/wp-json\/wp\/v2\/posts\/145143"}],"collection":[{"href":"https:\/\/senoticias.com.br\/se\/wp-json\/wp\/v2\/posts"}],"about":[{"href":"https:\/\/senoticias.com.br\/se\/wp-json\/wp\/v2\/types\/post"}],"author":[{"embeddable":true,"href":"https:\/\/senoticias.com.br\/se\/wp-json\/wp\/v2\/users\/6557"}],"replies":[{"embeddable":true,"href":"https:\/\/senoticias.com.br\/se\/wp-json\/wp\/v2\/comments?post=145143"}],"version-history":[{"count":0,"href":"https:\/\/senoticias.com.br\/se\/wp-json\/wp\/v2\/posts\/145143\/revisions"}],"wp:attachment":[{"href":"https:\/\/senoticias.com.br\/se\/wp-json\/wp\/v2\/media?parent=145143"}],"wp:term":[{"taxonomy":"category","embeddable":true,"href":"https:\/\/senoticias.com.br\/se\/wp-json\/wp\/v2\/categories?post=145143"},{"taxonomy":"post_tag","embeddable":true,"href":"https:\/\/senoticias.com.br\/se\/wp-json\/wp\/v2\/tags?post=145143"}],"curies":[{"name":"wp","href":"https:\/\/api.w.org\/{rel}","templated":true}]}}