{"id":145141,"date":"2024-11-19T12:11:26","date_gmt":"2024-11-19T15:11:26","guid":{"rendered":"https:\/\/senoticias.com.br\/se\/?p=145141"},"modified":"2024-11-19T19:51:34","modified_gmt":"2024-11-19T22:51:34","slug":"depama-resgata-filhotes-de-gatos-em-situacao-de-maus-tratos-em-aracaju","status":"publish","type":"post","link":"https:\/\/senoticias.com.br\/se\/depama-resgata-filhotes-de-gatos-em-situacao-de-maus-tratos-em-aracaju\/","title":{"rendered":"Delegacia de Prote\u00e7\u00e3o ao Animal resgata filhotes de gatos em situa\u00e7\u00e3o de maus-tratos em Aracaju"},"content":{"rendered":"<p class=\"p1\"><span class=\"s1\">A Delegacia Especializada de Prote\u00e7\u00e3o ao Animal e Meio Ambiente (Depama) resgatou na \u00faltima sexta-feira, 15, dois filhotes de gatos que viviam em situa\u00e7\u00e3o de maus-tratos em um im\u00f3vel no bairro Siqueira Campos, em Aracaju. Os animais estavam no quintal da resid\u00eancia, onde um deles foi encontrado amarrado pelo pesco\u00e7o com um cadar\u00e7o, conforme registrado em v\u00eddeo apresentado pelo denunciante.<\/span><\/p>\n<div id=\"attachment_145142\" style=\"width: 609px\" class=\"wp-caption aligncenter\"><a href=\"https:\/\/senoticias.com.br\/se\/wp-content\/uploads\/2024\/11\/IMG_0372-e1732029021416.png\"><img loading=\"lazy\" decoding=\"async\" aria-describedby=\"caption-attachment-145142\" class=\"size-full wp-image-145142\" src=\"https:\/\/senoticias.com.br\/se\/wp-content\/uploads\/2024\/11\/IMG_0372-e1732029021416.png\" alt=\"\" width=\"599\" height=\"399\" \/><\/a><p id=\"caption-attachment-145142\" class=\"wp-caption-text\">Os animais estavam no quintal da resid\u00eancia &#8211; Foto: arquivo\/SSP\/SE<\/p><\/div>\n<p class=\"p1\"><span class=\"s1\">De acordo com o delegado Fl\u00e1vio Albuquerque, respons\u00e1vel pelo caso, a den\u00fancia apontava que o tutor mantinha os gatos amarrados, privando-os de alimenta\u00e7\u00e3o por longos per\u00edodos. \u201cO denunciante tamb\u00e9m relatou que os animais apresentavam comportamento agressivo devido \u00e0 forma como eram tratados\u201d, explicou o delegado.<\/span><\/p>\n<p class=\"p1\"><span class=\"s1\">Os filhotes foram levados para atendimento veterin\u00e1rio e, ap\u00f3s receberem os cuidados necess\u00e1rios, est\u00e3o dispon\u00edveis para ado\u00e7\u00e3o respons\u00e1vel. O tutor foi identificado e intimado a prestar declara\u00e7\u00f5es, enquanto a Pol\u00edcia Civil instaurou um<\/span><\/p>\n<p class=\"p1\"><span class=\"s1\">inqu\u00e9rito que ser\u00e1 encaminhado ao Poder Judici\u00e1rio ap\u00f3s sua conclus\u00e3o.<\/span><\/p>\n<p class=\"p1\"><span class=\"s1\">A Pol\u00edcia Civil refor\u00e7a a import\u00e2ncia de denunciar crimes de maus-tratos contra animais. Informa\u00e7\u00f5es podem ser enviadas, de forma an\u00f4nima, pelo Disque-Den\u00fancia, no n\u00famero 181, ou pelo aplicativo dispon\u00edvel nas lojas virtuais. O sigilo \u00e9 garantido.<\/span><\/p>\n<p><strong><em>Acompanhe tamb\u00e9m o SE Not\u00edcias no\u00a0<a href=\"https:\/\/www.instagram.com\/senoticias\/\" target=\"_blank\" rel=\"noreferrer noopener\">Instagram<\/a><\/em><\/strong>,\u00a0<strong><em>\u00a0<a href=\"https:\/\/www.facebook.com\/senoticias1\" target=\"_blank\" rel=\"noreferrer noopener\">Facebook<\/a>\u00a0e\u00a0no<\/em>\u00a0<em><a href=\"https:\/\/twitter.com\/Senoticias\">X<\/a><\/em><\/strong><\/p>\n<p>Fonte: SSP\/SE<\/p>\n","protected":false},"excerpt":{"rendered":"<p>A Delegacia Especializada de Prote\u00e7\u00e3o ao Animal e Meio Ambiente (Depama) resgatou na \u00faltima sexta-feira, 15, dois filhotes de gatos que viviam em situa\u00e7\u00e3o de maus-tratos em um im\u00f3vel no bairro Siqueira Campos, em Aracaju. Os animais estavam no quintal da resid\u00eancia, onde um deles foi encontrado amarrado pelo pesco\u00e7o com um cadar\u00e7o, conforme registrado [&hellip;]<\/p>\n","protected":false},"author":6557,"featured_media":145142,"comment_status":"closed","ping_status":"closed","sticky":false,"template":"","format":"standard","meta":{"footnotes":""},"categories":[15,7],"tags":[34337,37446],"class_list":{"0":"post-145141","1":"post","2":"type-post","3":"status-publish","4":"format-standard","5":"has-post-thumbnail","7":"category-destaques","8":"category-policia","9":"tag-depama","10":"tag-maus-tratos-a-animais"},"_links":{"self":[{"href":"https:\/\/senoticias.com.br\/se\/wp-json\/wp\/v2\/posts\/145141"}],"collection":[{"href":"https:\/\/senoticias.com.br\/se\/wp-json\/wp\/v2\/posts"}],"about":[{"href":"https:\/\/senoticias.com.br\/se\/wp-json\/wp\/v2\/types\/post"}],"author":[{"embeddable":true,"href":"https:\/\/senoticias.com.br\/se\/wp-json\/wp\/v2\/users\/6557"}],"replies":[{"embeddable":true,"href":"https:\/\/senoticias.com.br\/se\/wp-json\/wp\/v2\/comments?post=145141"}],"version-history":[{"count":0,"href":"https:\/\/senoticias.com.br\/se\/wp-json\/wp\/v2\/posts\/145141\/revisions"}],"wp:featuredmedia":[{"embeddable":true,"href":"https:\/\/senoticias.com.br\/se\/wp-json\/wp\/v2\/media\/145142"}],"wp:attachment":[{"href":"https:\/\/senoticias.com.br\/se\/wp-json\/wp\/v2\/media?parent=145141"}],"wp:term":[{"taxonomy":"category","embeddable":true,"href":"https:\/\/senoticias.com.br\/se\/wp-json\/wp\/v2\/categories?post=145141"},{"taxonomy":"post_tag","embeddable":true,"href":"https:\/\/senoticias.com.br\/se\/wp-json\/wp\/v2\/tags?post=145141"}],"curies":[{"name":"wp","href":"https:\/\/api.w.org\/{rel}","templated":true}]}}