{"id":145136,"date":"2024-11-19T11:33:34","date_gmt":"2024-11-19T14:33:34","guid":{"rendered":"https:\/\/senoticias.com.br\/se\/?p=145136"},"modified":"2024-11-19T11:33:34","modified_gmt":"2024-11-19T14:33:34","slug":"bloco-descidao-dos-quilombolas-realiza-apresentacao-em-comemoracao-ao-dia-da-consciencia-negra","status":"publish","type":"post","link":"https:\/\/senoticias.com.br\/se\/bloco-descidao-dos-quilombolas-realiza-apresentacao-em-comemoracao-ao-dia-da-consciencia-negra\/","title":{"rendered":"Bloco Descid\u00e3o dos Quilombolas realiza apresenta\u00e7\u00e3o em comemora\u00e7\u00e3o ao Dia da Consci\u00eancia Negra"},"content":{"rendered":"<p>O Bloco afrocultural Descid\u00e3o dos Quilombolas, projeto que alia protesto contra a discrimina\u00e7\u00e3o racial e a preserva\u00e7\u00e3o da rica heran\u00e7a cultural africana, se apresenta nesta ter\u00e7a-feira, 19 de novembro, em uma celebra\u00e7\u00e3o antecipada pelo Dia da Consci\u00eancia Negra. A iniciativa, que acontece em parceria com o RioMar Aracaju, busca ressaltar a relev\u00e2ncia da cultura afro-brasileira e promover a integra\u00e7\u00e3o entre os visitantes do mall.<\/p>\n<div id=\"attachment_145137\" style=\"width: 610px\" class=\"wp-caption aligncenter\"><a href=\"https:\/\/senoticias.com.br\/se\/wp-content\/uploads\/2024\/11\/Consciencia-Negra-SE-Noticias.jpg\"><img loading=\"lazy\" decoding=\"async\" aria-describedby=\"caption-attachment-145137\" class=\"size-full wp-image-145137\" src=\"https:\/\/senoticias.com.br\/se\/wp-content\/uploads\/2024\/11\/Consciencia-Negra-SE-Noticias.jpg\" alt=\"\" width=\"600\" height=\"399\" srcset=\"https:\/\/senoticias.com.br\/se\/wp-content\/uploads\/2024\/11\/Consciencia-Negra-SE-Noticias.jpg 600w, https:\/\/senoticias.com.br\/se\/wp-content\/uploads\/2024\/11\/Consciencia-Negra-SE-Noticias-300x200.jpg 300w, https:\/\/senoticias.com.br\/se\/wp-content\/uploads\/2024\/11\/Consciencia-Negra-SE-Noticias-90x60.jpg 90w, https:\/\/senoticias.com.br\/se\/wp-content\/uploads\/2024\/11\/Consciencia-Negra-SE-Noticias-180x120.jpg 180w, https:\/\/senoticias.com.br\/se\/wp-content\/uploads\/2024\/11\/Consciencia-Negra-SE-Noticias-95x64.jpg 95w\" sizes=\"(max-width: 600px) 100vw, 600px\" \/><\/a><p id=\"caption-attachment-145137\" class=\"wp-caption-text\"><br \/>A a\u00e7\u00e3o acontece nesta ter\u00e7a-feira (19), em parceria com o RioMar Aracaju &#8211; Foto: Arthur Soares<\/p><\/div>\n<p>A a\u00e7\u00e3o est\u00e1 marcada para \u00e0s 16h, com concentra\u00e7\u00e3o na Pra\u00e7a de Eventos Rio. A partir desse ponto, o Bloco seguir\u00e1 pelos corredores do shopping, contagiando o p\u00fablico com o som vibrante da percuss\u00e3o e criando uma atmosfera de celebra\u00e7\u00e3o e reflex\u00e3o sobre a nossa ancestralidade.<\/p>\n<p>&nbsp;<\/p>\n<p>O Descid\u00e3o dos Quilombolas tem como miss\u00e3o levar hist\u00f3ria e cultura afro-brasileira \u00e0 popula\u00e7\u00e3o do bairro Get\u00falio Vargas e regi\u00e3o central da capital sergipana, proporcionando integra\u00e7\u00e3o entre os mais diferentes povos. Atrav\u00e9s de apresenta\u00e7\u00f5es art\u00edsticas, o grupo refor\u00e7a a reflex\u00e3o sobre a import\u00e2ncia da consci\u00eancia e da resist\u00eancia negra. Para mais informa\u00e7\u00f5es sobre o projeto e suas a\u00e7\u00f5es, acesse @descidaodosquilombolas.<\/p>\n<p>Assessoria de imprensa \/ Lotti+Caldas Comunica\u00e7\u00e3o<\/p>\n<p><strong><em>Acompanhe tamb\u00e9m o SE Not\u00edcias no\u00a0<a href=\"https:\/\/www.instagram.com\/senoticias\/\" target=\"_blank\" rel=\"noreferrer noopener\">Instagram<\/a><\/em><\/strong>,\u00a0<strong><em>\u00a0<a href=\"https:\/\/www.facebook.com\/senoticias1\" target=\"_blank\" rel=\"noreferrer noopener\">Facebook<\/a>\u00a0e\u00a0no<\/em>\u00a0<em><a href=\"https:\/\/twitter.com\/Senoticias\">X<\/a><\/em><\/strong><\/p>\n<p>&nbsp;<\/p>\n","protected":false},"excerpt":{"rendered":"<p>O Bloco afrocultural Descid\u00e3o dos Quilombolas, projeto que alia protesto contra a discrimina\u00e7\u00e3o racial e a preserva\u00e7\u00e3o da rica heran\u00e7a cultural africana, se apresenta nesta ter\u00e7a-feira, 19 de novembro, em uma celebra\u00e7\u00e3o antecipada pelo Dia da Consci\u00eancia Negra. A iniciativa, que acontece em parceria com o RioMar Aracaju, busca ressaltar a relev\u00e2ncia da cultura afro-brasileira [&hellip;]<\/p>\n","protected":false},"author":6557,"featured_media":145137,"comment_status":"closed","ping_status":"closed","sticky":false,"template":"","format":"standard","meta":{"footnotes":""},"categories":[15,6],"tags":[42651,1604],"class_list":{"0":"post-145136","1":"post","2":"type-post","3":"status-publish","4":"format-standard","5":"has-post-thumbnail","7":"category-destaques","8":"category-politica","9":"tag-bloco-descidao-dos-quilombolas","10":"tag-dia-da-consciencia-negra"},"_links":{"self":[{"href":"https:\/\/senoticias.com.br\/se\/wp-json\/wp\/v2\/posts\/145136"}],"collection":[{"href":"https:\/\/senoticias.com.br\/se\/wp-json\/wp\/v2\/posts"}],"about":[{"href":"https:\/\/senoticias.com.br\/se\/wp-json\/wp\/v2\/types\/post"}],"author":[{"embeddable":true,"href":"https:\/\/senoticias.com.br\/se\/wp-json\/wp\/v2\/users\/6557"}],"replies":[{"embeddable":true,"href":"https:\/\/senoticias.com.br\/se\/wp-json\/wp\/v2\/comments?post=145136"}],"version-history":[{"count":0,"href":"https:\/\/senoticias.com.br\/se\/wp-json\/wp\/v2\/posts\/145136\/revisions"}],"wp:featuredmedia":[{"embeddable":true,"href":"https:\/\/senoticias.com.br\/se\/wp-json\/wp\/v2\/media\/145137"}],"wp:attachment":[{"href":"https:\/\/senoticias.com.br\/se\/wp-json\/wp\/v2\/media?parent=145136"}],"wp:term":[{"taxonomy":"category","embeddable":true,"href":"https:\/\/senoticias.com.br\/se\/wp-json\/wp\/v2\/categories?post=145136"},{"taxonomy":"post_tag","embeddable":true,"href":"https:\/\/senoticias.com.br\/se\/wp-json\/wp\/v2\/tags?post=145136"}],"curies":[{"name":"wp","href":"https:\/\/api.w.org\/{rel}","templated":true}]}}