{"id":145105,"date":"2024-11-18T11:24:30","date_gmt":"2024-11-18T14:24:30","guid":{"rendered":"https:\/\/senoticias.com.br\/se\/?p=145105"},"modified":"2024-11-18T21:20:27","modified_gmt":"2024-11-19T00:20:27","slug":"o-ministerio-publico-do-trabalho-realiza-inspecao-no-terminal-maritimo-da-barra-dos-coqueiros","status":"publish","type":"post","link":"https:\/\/senoticias.com.br\/se\/o-ministerio-publico-do-trabalho-realiza-inspecao-no-terminal-maritimo-da-barra-dos-coqueiros\/","title":{"rendered":"Minist\u00e9rio P\u00fablico do Trabalho realiza inspe\u00e7\u00e3o no Terminal Mar\u00edtimo da Barra dos Coqueiros"},"content":{"rendered":"<p>O Minist\u00e9rio P\u00fablico do Trabalho em Sergipe (MPT-SE), atrav\u00e9s da Coordenadoria Nacional de Trabalho Portu\u00e1rio e Aquavi\u00e1rio (Conatpa), realizou uma inspe\u00e7\u00e3o no Terminal Mar\u00edtimo In\u00e1cio Barbosa (TMIB).<\/p>\n<p>A vice-procuradora-chefa do MPT-SE, Clarisse Farias Malta, coordenadora Regional da Conatpa, visitou as instala\u00e7\u00f5es do Terminal na \u00faltima quinta-feira (14), na Barra dos Coqueiros. O objetivo foi verificar o cumprimento do Termo de Ajuste de Conduta (TAC), firmado com a operadora portu\u00e1ria e administradora do terminal, VLI Multimodal. \u201cNo ano passado, ap\u00f3s a realiza\u00e7\u00e3o de uma For\u00e7a Tarefa no TMIB, a operadora portu\u00e1ria se comprometeu a cumprir obriga\u00e7\u00f5es relacionadas, essencialmente, \u00e0 sa\u00fade e seguran\u00e7a do trabalho e condi\u00e7\u00f5es nas instala\u00e7\u00f5es do terminal. Por isso, fizemos esta nova fiscaliza\u00e7\u00e3o para verificar o cumprimento do TAC\u201d, explicou a procuradora.<\/p>\n<div id=\"attachment_145107\" style=\"width: 602px\" class=\"wp-caption aligncenter\"><a href=\"https:\/\/senoticias.com.br\/se\/wp-content\/uploads\/2024\/11\/Fiscalizacao-Porto-SE-Noticias-.jpeg\"><img loading=\"lazy\" decoding=\"async\" aria-describedby=\"caption-attachment-145107\" class=\"size-full wp-image-145107\" src=\"https:\/\/senoticias.com.br\/se\/wp-content\/uploads\/2024\/11\/Fiscalizacao-Porto-SE-Noticias-.jpeg\" alt=\"\" width=\"592\" height=\"896\" srcset=\"https:\/\/senoticias.com.br\/se\/wp-content\/uploads\/2024\/11\/Fiscalizacao-Porto-SE-Noticias-.jpeg 592w, https:\/\/senoticias.com.br\/se\/wp-content\/uploads\/2024\/11\/Fiscalizacao-Porto-SE-Noticias--198x300.jpeg 198w\" sizes=\"(max-width: 592px) 100vw, 592px\" \/><\/a><p id=\"caption-attachment-145107\" class=\"wp-caption-text\">Objetivo foi verificar cumprimento de TAC e apurar den\u00fancias &#8211; Foto: ascom\/MPT\/SE<\/p><\/div>\n<p><strong>Den\u00fancias<\/strong><\/p>\n<p>Outro motivo da visita foi a apura\u00e7\u00e3o, a partir de den\u00fancias recebidas pelo MPT-SE, envolvendo quest\u00f5es estruturais e de prote\u00e7\u00e3o coletiva. Com a presen\u00e7a do analista pericial Jorge Francisco Alvarez, foram avaliados aspectos relacionados \u00e0 estrutura do terminal, bem como uso de equipamentos de prote\u00e7\u00e3o individual (EPI\u2019S), essenciais para a seguran\u00e7a dos que trabalham no local.<\/p>\n<p>De acordo com a procuradora Clarisse Farias Malta, alguns itens foram efetivamente regularizados, enquanto outros ainda est\u00e3o pendentes. Tudo foi informado \u00e0 empresa no momento da dilig\u00eancia. &#8220;O prazo para o cumprimento definitivo do TAC termina em dezembro de 2025. Ser\u00e1 elaborado um laudo e, posteriormente, realizada uma audi\u00eancia com a empresa, para discutir o procedimento onde foi firmado o TAC, bem como os demais procedimentos instaurados a partir das den\u00fancias recebidas pelo MPT em face da empresa&#8221;, finalizou a procuradora.<\/p>\n<p><strong><em>Acompanhe tamb\u00e9m o SE Not\u00edcias no\u00a0<a href=\"https:\/\/www.instagram.com\/senoticias\/\" target=\"_blank\" rel=\"noreferrer noopener\">Instagram<\/a><\/em><\/strong>,\u00a0<strong><em>\u00a0<a href=\"https:\/\/www.facebook.com\/senoticias1\" target=\"_blank\" rel=\"noreferrer noopener\">Facebook<\/a>\u00a0e\u00a0no<\/em>\u00a0<em><a href=\"https:\/\/twitter.com\/Senoticias\">X<\/a><\/em><\/strong><\/p>\n<p>Fonte: ascom\/MPT\/SE<\/p>\n","protected":false},"excerpt":{"rendered":"<p>O Minist\u00e9rio P\u00fablico do Trabalho em Sergipe (MPT-SE), atrav\u00e9s da Coordenadoria Nacional de Trabalho Portu\u00e1rio e Aquavi\u00e1rio (Conatpa), realizou uma inspe\u00e7\u00e3o no Terminal Mar\u00edtimo In\u00e1cio Barbosa (TMIB). A vice-procuradora-chefa do MPT-SE, Clarisse Farias Malta, coordenadora Regional da Conatpa, visitou as instala\u00e7\u00f5es do Terminal na \u00faltima quinta-feira (14), na Barra dos Coqueiros. O objetivo foi verificar [&hellip;]<\/p>\n","protected":false},"author":6557,"featured_media":145107,"comment_status":"closed","ping_status":"closed","sticky":false,"template":"","format":"standard","meta":{"footnotes":""},"categories":[15,6],"tags":[3141,7275,42647],"class_list":{"0":"post-145105","1":"post","2":"type-post","3":"status-publish","4":"format-standard","5":"has-post-thumbnail","7":"category-destaques","8":"category-politica","9":"tag-barra-dos-coqueiros","10":"tag-ministerio-publico-do-trabalho","11":"tag-terminal-maritimo-da-barra-dos-coqueiros"},"_links":{"self":[{"href":"https:\/\/senoticias.com.br\/se\/wp-json\/wp\/v2\/posts\/145105"}],"collection":[{"href":"https:\/\/senoticias.com.br\/se\/wp-json\/wp\/v2\/posts"}],"about":[{"href":"https:\/\/senoticias.com.br\/se\/wp-json\/wp\/v2\/types\/post"}],"author":[{"embeddable":true,"href":"https:\/\/senoticias.com.br\/se\/wp-json\/wp\/v2\/users\/6557"}],"replies":[{"embeddable":true,"href":"https:\/\/senoticias.com.br\/se\/wp-json\/wp\/v2\/comments?post=145105"}],"version-history":[{"count":0,"href":"https:\/\/senoticias.com.br\/se\/wp-json\/wp\/v2\/posts\/145105\/revisions"}],"wp:featuredmedia":[{"embeddable":true,"href":"https:\/\/senoticias.com.br\/se\/wp-json\/wp\/v2\/media\/145107"}],"wp:attachment":[{"href":"https:\/\/senoticias.com.br\/se\/wp-json\/wp\/v2\/media?parent=145105"}],"wp:term":[{"taxonomy":"category","embeddable":true,"href":"https:\/\/senoticias.com.br\/se\/wp-json\/wp\/v2\/categories?post=145105"},{"taxonomy":"post_tag","embeddable":true,"href":"https:\/\/senoticias.com.br\/se\/wp-json\/wp\/v2\/tags?post=145105"}],"curies":[{"name":"wp","href":"https:\/\/api.w.org\/{rel}","templated":true}]}}