{"id":145092,"date":"2024-11-16T21:15:17","date_gmt":"2024-11-17T00:15:17","guid":{"rendered":"https:\/\/senoticias.com.br\/se\/?p=145092"},"modified":"2024-11-17T20:33:15","modified_gmt":"2024-11-17T23:33:15","slug":"governador-fabio-mitidieri-e-hospitalizado-em-aracaju-com-quadro-de-pneumonia","status":"publish","type":"post","link":"https:\/\/senoticias.com.br\/se\/governador-fabio-mitidieri-e-hospitalizado-em-aracaju-com-quadro-de-pneumonia\/","title":{"rendered":"Governador F\u00e1bio Mitidieri \u00e9 hospitalizado em Aracaju com quadro de pneumonia"},"content":{"rendered":"<p>O governador de Sergipe, F\u00e1bio Mitidieri, foi hospitalizado com um quadro de pneumonia, em Aracaju, ap\u00f3s sentir um desconforto e buscar atendimento m\u00e9dico neste s\u00e1bado, 16.<\/p>\n<div id=\"attachment_145093\" style=\"width: 500px\" class=\"wp-caption aligncenter\"><a href=\"https:\/\/senoticias.com.br\/se\/wp-content\/uploads\/2024\/11\/Fabio-Mitidiere-SE-noticias.png\"><img loading=\"lazy\" decoding=\"async\" aria-describedby=\"caption-attachment-145093\" class=\"size-full wp-image-145093\" src=\"https:\/\/senoticias.com.br\/se\/wp-content\/uploads\/2024\/11\/Fabio-Mitidiere-SE-noticias.png\" alt=\"\" width=\"490\" height=\"590\" srcset=\"https:\/\/senoticias.com.br\/se\/wp-content\/uploads\/2024\/11\/Fabio-Mitidiere-SE-noticias.png 490w, https:\/\/senoticias.com.br\/se\/wp-content\/uploads\/2024\/11\/Fabio-Mitidiere-SE-noticias-249x300.png 249w\" sizes=\"(max-width: 490px) 100vw, 490px\" \/><\/a><p id=\"caption-attachment-145093\" class=\"wp-caption-text\">O governador de Sergipe, F\u00e1bio Mitidieri, foi hospitalizado com um quadro de pneumonia &#8211; Foto: redes sociais<\/p><\/div>\n<p>O governador de Sergipe, F\u00e1bio Mitidieri (PSD), est\u00e1 hospitalizado em Aracaju para tratar de uma pneumonia. De acordo com a assessoria do pedessista, ele se sentiu mal nessa sexta-feira, depois que cumpriu agendas oficiais em Bras\u00edlia e no Rio de Janeiro. Ao retornar a Aracaju, ele foi ao m\u00e9dico e um exame constatou a enfermidade.<\/p>\n<p>Pelas redes sociais, Mitidieri informou que dever\u00e1 receber alta m\u00e9dica nesse domingo (17): \u201cFala, meu povo! Quero agradecer a preocupa\u00e7\u00e3o com minha sa\u00fade. Estou tratando uma pneumonia e terei alta neste domingo, 17. Vou me recuperar em casa e retomo a agenda na quinta-feira! Com o cora\u00e7\u00e3o cheio de gratid\u00e3o, sigo firme trabalhando por um futuro melhor para todos!\u201d, escreveu.<\/p>\n<p><strong><em>Acompanhe tamb\u00e9m o SE Not\u00edcias no\u00a0<a href=\"https:\/\/www.instagram.com\/senoticias\/\" target=\"_blank\" rel=\"noreferrer noopener\">Instagram<\/a><\/em><\/strong>,\u00a0<strong><em>\u00a0<a href=\"https:\/\/www.facebook.com\/senoticias1\" target=\"_blank\" rel=\"noreferrer noopener\">Facebook<\/a>\u00a0e\u00a0no<\/em>\u00a0<em><a href=\"https:\/\/twitter.com\/Senoticias\">X<\/a><\/em><\/strong><\/p>\n<p>Fonte: Adiberto de Souza\/Destaque Not\u00edcias<\/p>\n","protected":false},"excerpt":{"rendered":"<p>O governador de Sergipe, F\u00e1bio Mitidieri, foi hospitalizado com um quadro de pneumonia, em Aracaju, ap\u00f3s sentir um desconforto e buscar atendimento m\u00e9dico neste s\u00e1bado, 16. O governador de Sergipe, F\u00e1bio Mitidieri (PSD), est\u00e1 hospitalizado em Aracaju para tratar de uma pneumonia. De acordo com a assessoria do pedessista, ele se sentiu mal nessa sexta-feira, [&hellip;]<\/p>\n","protected":false},"author":6557,"featured_media":145093,"comment_status":"closed","ping_status":"closed","sticky":false,"template":"","format":"standard","meta":{"footnotes":""},"categories":[6],"tags":[42638,42639,42640],"class_list":{"0":"post-145092","1":"post","2":"type-post","3":"status-publish","4":"format-standard","5":"has-post-thumbnail","7":"category-politica","8":"tag-fabio-mitidieri-e-hospitalizado","9":"tag-governador-e-hospitalizado","10":"tag-quadro-de-pneumonia"},"_links":{"self":[{"href":"https:\/\/senoticias.com.br\/se\/wp-json\/wp\/v2\/posts\/145092"}],"collection":[{"href":"https:\/\/senoticias.com.br\/se\/wp-json\/wp\/v2\/posts"}],"about":[{"href":"https:\/\/senoticias.com.br\/se\/wp-json\/wp\/v2\/types\/post"}],"author":[{"embeddable":true,"href":"https:\/\/senoticias.com.br\/se\/wp-json\/wp\/v2\/users\/6557"}],"replies":[{"embeddable":true,"href":"https:\/\/senoticias.com.br\/se\/wp-json\/wp\/v2\/comments?post=145092"}],"version-history":[{"count":0,"href":"https:\/\/senoticias.com.br\/se\/wp-json\/wp\/v2\/posts\/145092\/revisions"}],"wp:featuredmedia":[{"embeddable":true,"href":"https:\/\/senoticias.com.br\/se\/wp-json\/wp\/v2\/media\/145093"}],"wp:attachment":[{"href":"https:\/\/senoticias.com.br\/se\/wp-json\/wp\/v2\/media?parent=145092"}],"wp:term":[{"taxonomy":"category","embeddable":true,"href":"https:\/\/senoticias.com.br\/se\/wp-json\/wp\/v2\/categories?post=145092"},{"taxonomy":"post_tag","embeddable":true,"href":"https:\/\/senoticias.com.br\/se\/wp-json\/wp\/v2\/tags?post=145092"}],"curies":[{"name":"wp","href":"https:\/\/api.w.org\/{rel}","templated":true}]}}