{"id":145080,"date":"2024-11-15T15:46:20","date_gmt":"2024-11-15T18:46:20","guid":{"rendered":"https:\/\/senoticias.com.br\/se\/?p=145080"},"modified":"2024-11-15T15:48:03","modified_gmt":"2024-11-15T18:48:03","slug":"em-aracaju-policia-federal-prende-em-flagrante-dois-golpistas-que-agiam-em-caixas-eletronicos","status":"publish","type":"post","link":"https:\/\/senoticias.com.br\/se\/em-aracaju-policia-federal-prende-em-flagrante-dois-golpistas-que-agiam-em-caixas-eletronicos\/","title":{"rendered":"Em Aracaju, Pol\u00edcia Federal prende em flagrante dois golpistas que agiam em caixas eletr\u00f4nicos"},"content":{"rendered":"<p>&nbsp;<\/p>\n<p>Na manh\u00e3 desta sexta-feira (15), a Pol\u00edcia Federal prendeu em flagrante dois indiv\u00edduos oriundos do Cear\u00e1 que estavam aplicando golpes em caixas eletr\u00f4nicos de uma ag\u00eancia da Caixa Econ\u00f4mica Federal localizada no bairro Treze de Julho, em Aracaju.<\/p>\n<p>A dupla utilizava um dispositivo instalado nos terminais de autoatendimento para reter os cart\u00f5es das v\u00edtimas. Al\u00e9m disso, colocava uma falsa placa informativa com um n\u00famero 0800, supostamente de suporte t\u00e9cnico. Quando o cart\u00e3o era retido, as v\u00edtimas \u2013 geralmente idosos \u2013 eram instru\u00eddas a ligar para o n\u00famero, que era, na verdade, da pr\u00f3pria quadrilha. Durante a liga\u00e7\u00e3o, os golpistas induziam as v\u00edtimas a fornecer a senha, alegando que o cart\u00e3o j\u00e1 estaria bloqueado.<\/p>\n<div id=\"attachment_145081\" style=\"width: 501px\" class=\"wp-caption aligncenter\"><a href=\"https:\/\/senoticias.com.br\/se\/wp-content\/uploads\/2024\/11\/Golpistas-Policia-Federal-SE-Noticias.png\"><img loading=\"lazy\" decoding=\"async\" aria-describedby=\"caption-attachment-145081\" class=\"size-full wp-image-145081\" src=\"https:\/\/senoticias.com.br\/se\/wp-content\/uploads\/2024\/11\/Golpistas-Policia-Federal-SE-Noticias.png\" alt=\"\" width=\"491\" height=\"364\" srcset=\"https:\/\/senoticias.com.br\/se\/wp-content\/uploads\/2024\/11\/Golpistas-Policia-Federal-SE-Noticias.png 491w, https:\/\/senoticias.com.br\/se\/wp-content\/uploads\/2024\/11\/Golpistas-Policia-Federal-SE-Noticias-300x222.png 300w\" sizes=\"(max-width: 491px) 100vw, 491px\" \/><\/a><p id=\"caption-attachment-145081\" class=\"wp-caption-text\">A Pol\u00edcia Federal prendeu em flagrante dois indiv\u00edduos oriundos do Cear\u00e1 &#8211; Foto: ascom\/PF\/SE<\/p><\/div>\n<p>De posse da senha, os criminosos recuperavam o cart\u00e3o retido pelo dispositivo e se dirigiam a outras ag\u00eancias para realizar saques fraudulentos. Os dois foram detidos no momento em que sa\u00edam da ag\u00eancia com o cart\u00e3o de uma v\u00edtima.<\/p>\n<p>Investiga\u00e7\u00f5es preliminares apontam que a dupla j\u00e1 vinha aplicando o mesmo golpe em diversos estados. Eles responder\u00e3o pelos crimes de tentativa de furto qualificado e associa\u00e7\u00e3o criminosa, com penas que podem ultrapassar oito anos de reclus\u00e3o. As investiga\u00e7\u00f5es continuam para identificar outros integrantes da quadrilha e poss\u00edveis novas v\u00edtimas.<\/p>\n<p>A Pol\u00edcia Federal refor\u00e7a a import\u00e2ncia de n\u00e3o compartilhar senhas ou informa\u00e7\u00f5es banc\u00e1rias por telefone e orienta que, em caso de reten\u00e7\u00e3o de cart\u00e3o, a v\u00edtima entre em contato apenas com os canais oficiais da institui\u00e7\u00e3o financeira e, se necess\u00e1rio, acione as autoridades competentes.<\/p>\n<p>Da Assessoria de Comunica\u00e7\u00e3o\/Pol\u00edcia Federal\/SE<\/p>\n<p><strong><em>Acompanhe tamb\u00e9m o SE Not\u00edcias no\u00a0<a href=\"https:\/\/www.instagram.com\/senoticias\/\" target=\"_blank\" rel=\"noreferrer noopener\">Instagram<\/a><\/em><\/strong>,\u00a0<strong><em>\u00a0<a href=\"https:\/\/www.facebook.com\/senoticias1\" target=\"_blank\" rel=\"noreferrer noopener\">Facebook<\/a>\u00a0e\u00a0no<\/em>\u00a0<em><a href=\"https:\/\/twitter.com\/Senoticias\">X<\/a><\/em><\/strong><\/p>\n","protected":false},"excerpt":{"rendered":"<p>&nbsp; Na manh\u00e3 desta sexta-feira (15), a Pol\u00edcia Federal prendeu em flagrante dois indiv\u00edduos oriundos do Cear\u00e1 que estavam aplicando golpes em caixas eletr\u00f4nicos de uma ag\u00eancia da Caixa Econ\u00f4mica Federal localizada no bairro Treze de Julho, em Aracaju. A dupla utilizava um dispositivo instalado nos terminais de autoatendimento para reter os cart\u00f5es das v\u00edtimas. [&hellip;]<\/p>\n","protected":false},"author":6557,"featured_media":145081,"comment_status":"closed","ping_status":"closed","sticky":false,"template":"","format":"standard","meta":{"footnotes":""},"categories":[15,7],"tags":[6298,16331,1947],"class_list":{"0":"post-145080","1":"post","2":"type-post","3":"status-publish","4":"format-standard","5":"has-post-thumbnail","7":"category-destaques","8":"category-policia","9":"tag-caixas-eletronicos","10":"tag-golpistas","11":"tag-policia-federal"},"_links":{"self":[{"href":"https:\/\/senoticias.com.br\/se\/wp-json\/wp\/v2\/posts\/145080"}],"collection":[{"href":"https:\/\/senoticias.com.br\/se\/wp-json\/wp\/v2\/posts"}],"about":[{"href":"https:\/\/senoticias.com.br\/se\/wp-json\/wp\/v2\/types\/post"}],"author":[{"embeddable":true,"href":"https:\/\/senoticias.com.br\/se\/wp-json\/wp\/v2\/users\/6557"}],"replies":[{"embeddable":true,"href":"https:\/\/senoticias.com.br\/se\/wp-json\/wp\/v2\/comments?post=145080"}],"version-history":[{"count":0,"href":"https:\/\/senoticias.com.br\/se\/wp-json\/wp\/v2\/posts\/145080\/revisions"}],"wp:featuredmedia":[{"embeddable":true,"href":"https:\/\/senoticias.com.br\/se\/wp-json\/wp\/v2\/media\/145081"}],"wp:attachment":[{"href":"https:\/\/senoticias.com.br\/se\/wp-json\/wp\/v2\/media?parent=145080"}],"wp:term":[{"taxonomy":"category","embeddable":true,"href":"https:\/\/senoticias.com.br\/se\/wp-json\/wp\/v2\/categories?post=145080"},{"taxonomy":"post_tag","embeddable":true,"href":"https:\/\/senoticias.com.br\/se\/wp-json\/wp\/v2\/tags?post=145080"}],"curies":[{"name":"wp","href":"https:\/\/api.w.org\/{rel}","templated":true}]}}