{"id":145078,"date":"2024-11-14T20:35:40","date_gmt":"2024-11-14T23:35:40","guid":{"rendered":"https:\/\/senoticias.com.br\/se\/?p=145078"},"modified":"2024-11-14T20:35:40","modified_gmt":"2024-11-14T23:35:40","slug":"musico-sergipano-mestrinho-vence-grammy-latino","status":"publish","type":"post","link":"https:\/\/senoticias.com.br\/se\/musico-sergipano-mestrinho-vence-grammy-latino\/","title":{"rendered":"M\u00fasico sergipano Mestrinho vence Grammy Latino"},"content":{"rendered":"<p>&nbsp;<\/p>\n<p>O m\u00fasico sergipano Mestrinho ganhou o Grammy Latino 2024 na categoria \u201cMelhor \u00c1lbum de M\u00fasica de Ra\u00edzes em L\u00edngua Portuguesa\u201d junto com a cantora paulista Mariana Aydar. Os vencedores da 25\u00aa edi\u00e7\u00e3o do evento foram anunciados, nesta quinta-feira (14), em Miami, nos Estados Unidos (EUA).<\/p>\n<p>Em um post colaborativo nas redes sociais, a dupla comemorou o pr\u00eamio e agradeceu pelas parcerias ao longo do processo. \u201cEstamos felizes por representar o nosso forr\u00f3 em uma premia\u00e7\u00e3o t\u00e3o importante. Essa categoria, M\u00fasica de Ra\u00edzes em L\u00edngua Portuguesa, \u00e9 forte, simb\u00f3lica e representa muita coisa. Celebra a autenticidade e a riqueza cultural da nossa m\u00fasica, da nossa l\u00edngua e \u00e9 um reconhecimento lindo aos artistas que preservam e renovam as nossas tradi\u00e7\u00f5es\u201d, disse Mariana Aydar.<\/p>\n<div id=\"attachment_145079\" style=\"width: 503px\" class=\"wp-caption aligncenter\"><a href=\"https:\/\/senoticias.com.br\/se\/wp-content\/uploads\/2024\/11\/Mestrinho-vence-SE-Noticias.png\"><img loading=\"lazy\" decoding=\"async\" aria-describedby=\"caption-attachment-145079\" class=\"size-full wp-image-145079\" src=\"https:\/\/senoticias.com.br\/se\/wp-content\/uploads\/2024\/11\/Mestrinho-vence-SE-Noticias.png\" alt=\"\" width=\"493\" height=\"493\" srcset=\"https:\/\/senoticias.com.br\/se\/wp-content\/uploads\/2024\/11\/Mestrinho-vence-SE-Noticias.png 493w, https:\/\/senoticias.com.br\/se\/wp-content\/uploads\/2024\/11\/Mestrinho-vence-SE-Noticias-300x300.png 300w, https:\/\/senoticias.com.br\/se\/wp-content\/uploads\/2024\/11\/Mestrinho-vence-SE-Noticias-150x150.png 150w\" sizes=\"(max-width: 493px) 100vw, 493px\" \/><\/a><p id=\"caption-attachment-145079\" class=\"wp-caption-text\">Mestrinho e Mariana Aydar \u2014 Foto: Autumn Sonnichsen \/ Divulga\u00e7\u00e3o<\/p><\/div>\n<p>Mestrinho j\u00e1 recebeu outras indica\u00e7\u00f5es ao Grammy Latino, nas categorias Melhor Can\u00e7\u00e3o em L\u00edngua Portuguesa (2019) e Melhor \u00c1lbum Instrumental (2021), mas essa \u00e9 a primeira vez que o artista sergipano leva o pr\u00eamio para casa.<\/p>\n<p><strong>Filho de Itabaiana<\/strong><\/p>\n<p>Nascido na cidade de Itabaiana, Sergipe, em 1988, Erivaldo J\u00fanior Alves de Oliveira, ou Mestrinho, sempre viveu dentro de um universo musical. Neto do tocador de sanfona de \u201coito baixos\u201d Manezinho do Carira, filho do sanfoneiro Erivaldo de Carira, e tendo como irm\u00e3os a cantora Tha\u00eds Nogueira e o tamb\u00e9m sanfoneiro Erivaldinho \u2013 j\u00e1 falecido -, ele herdou um DNA musical. Come\u00e7ou a tocar sanfona na inf\u00e2ncia e desde pequeno foi influenciado pela m\u00fasica de Luiz Gonzaga, Dominguinhos, Sivuca, Oswaldinho do Acordeon, Hermeto Pascoal, Pixinguinha, Jacob do Bandolim, Gilberto Gil, Milton Nascimento e Elba Ramalho, entre outros.<\/p>\n<p>\u201cA minha rela\u00e7\u00e3o com a m\u00fasica come\u00e7ou antes de eu nascer, pois quando minha m\u00e3e estava gr\u00e1vida, ela j\u00e1 sonhava com um filho sanfoneiro. Nasci num ber\u00e7o musical, ouvindo muita sanfona, iniciando com Luiz Gonzaga. Com 5 anos ganhei meu primeiro acordeon e comecei a tocar. Asa Branca foi a primeira m\u00fasica que aprendi. Depois fui aprendendo outras can\u00e7\u00f5es. Desde ent\u00e3o, minha rela\u00e7\u00e3o com a m\u00fasica foi e continua sendo de muito carinho, valoriza\u00e7\u00e3o e respeito, pois \u00e9 uma coisa preciosa em minha vida\u201d, diz.<\/p>\n<p><strong><em>Acompanhe tamb\u00e9m o SE Not\u00edcias no\u00a0<a href=\"https:\/\/www.instagram.com\/senoticias\/\" target=\"_blank\" rel=\"noreferrer noopener\">Instagram<\/a><\/em><\/strong>,\u00a0<strong><em>\u00a0<a href=\"https:\/\/www.facebook.com\/senoticias1\" target=\"_blank\" rel=\"noreferrer noopener\">Facebook<\/a>\u00a0e\u00a0no<\/em>\u00a0<em><a href=\"https:\/\/twitter.com\/Senoticias\">X<\/a><\/em><\/strong><\/p>\n<p>Por Adiberto de Souza, com informa\u00e7\u00f5es da Unesp<\/p>\n","protected":false},"excerpt":{"rendered":"<p>&nbsp; O m\u00fasico sergipano Mestrinho ganhou o Grammy Latino 2024 na categoria \u201cMelhor \u00c1lbum de M\u00fasica de Ra\u00edzes em L\u00edngua Portuguesa\u201d junto com a cantora paulista Mariana Aydar. Os vencedores da 25\u00aa edi\u00e7\u00e3o do evento foram anunciados, nesta quinta-feira (14), em Miami, nos Estados Unidos (EUA). Em um post colaborativo nas redes sociais, a dupla [&hellip;]<\/p>\n","protected":false},"author":6557,"featured_media":145079,"comment_status":"closed","ping_status":"closed","sticky":false,"template":"","format":"standard","meta":{"footnotes":""},"categories":[21],"tags":[13104,39263,42630],"class_list":{"0":"post-145078","1":"post","2":"type-post","3":"status-publish","4":"format-standard","5":"has-post-thumbnail","7":"category-entretenimento","8":"tag-grammy-latino","9":"tag-mestrinho","10":"tag-musico-sergipano-mestrinho"},"_links":{"self":[{"href":"https:\/\/senoticias.com.br\/se\/wp-json\/wp\/v2\/posts\/145078"}],"collection":[{"href":"https:\/\/senoticias.com.br\/se\/wp-json\/wp\/v2\/posts"}],"about":[{"href":"https:\/\/senoticias.com.br\/se\/wp-json\/wp\/v2\/types\/post"}],"author":[{"embeddable":true,"href":"https:\/\/senoticias.com.br\/se\/wp-json\/wp\/v2\/users\/6557"}],"replies":[{"embeddable":true,"href":"https:\/\/senoticias.com.br\/se\/wp-json\/wp\/v2\/comments?post=145078"}],"version-history":[{"count":0,"href":"https:\/\/senoticias.com.br\/se\/wp-json\/wp\/v2\/posts\/145078\/revisions"}],"wp:featuredmedia":[{"embeddable":true,"href":"https:\/\/senoticias.com.br\/se\/wp-json\/wp\/v2\/media\/145079"}],"wp:attachment":[{"href":"https:\/\/senoticias.com.br\/se\/wp-json\/wp\/v2\/media?parent=145078"}],"wp:term":[{"taxonomy":"category","embeddable":true,"href":"https:\/\/senoticias.com.br\/se\/wp-json\/wp\/v2\/categories?post=145078"},{"taxonomy":"post_tag","embeddable":true,"href":"https:\/\/senoticias.com.br\/se\/wp-json\/wp\/v2\/tags?post=145078"}],"curies":[{"name":"wp","href":"https:\/\/api.w.org\/{rel}","templated":true}]}}