{"id":145075,"date":"2024-11-14T18:35:31","date_gmt":"2024-11-14T21:35:31","guid":{"rendered":"https:\/\/senoticias.com.br\/se\/?p=145075"},"modified":"2024-11-14T18:36:24","modified_gmt":"2024-11-14T21:36:24","slug":"presidente-do-supremo-tribunal-federal-comenta-atentado-em-brasilia-em-sessao-do-stf-precisamos-fazer-uma-reflexao-profunda","status":"publish","type":"post","link":"https:\/\/senoticias.com.br\/se\/presidente-do-supremo-tribunal-federal-comenta-atentado-em-brasilia-em-sessao-do-stf-precisamos-fazer-uma-reflexao-profunda\/","title":{"rendered":"Presidente do Supremo Tribunal Federal comenta atentado em Bras\u00edlia em sess\u00e3o do STF: &#8216;Precisamos fazer uma reflex\u00e3o profunda&#8217;"},"content":{"rendered":"<p>O presidente do Supremo Tribunal Federal (STF),\u00a0Lu\u00eds Roberto Barroso, abriu a sess\u00e3o desta quinta-feira, 14, expressando sua preocupa\u00e7\u00e3o com a possibilidade de anistia a quem comete atentados contra a democracia. Durante o discurso, o primeiro ap\u00f3s as explos\u00f5es na Pra\u00e7a dos Tr\u00eas Poderes em Bras\u00edlia na quarta-feira, 13. &#8220;Como pa\u00eds e como sociedade, n\u00f3s precisamos fazer uma reflex\u00e3o profunda sobre o que est\u00e1 acontecendo entre n\u00f3s&#8221;, disse.<\/p>\n<p>As explos\u00f5es foram provocadas por Francisco Wanderley Luiz, de 59 anos, que acionou uma s\u00e9rie de artefatos na \u00e1rea em frente ao STF e morreu ap\u00f3s ser atingido por uma das detona\u00e7\u00f5es. O corpo do homem s\u00f3 foi removido do local \u00e0s 9h desta quinta-feira.<\/p>\n<div id=\"attachment_145076\" style=\"width: 557px\" class=\"wp-caption aligncenter\"><a href=\"https:\/\/senoticias.com.br\/se\/wp-content\/uploads\/2024\/11\/Luiz-Roberto-Barroso-SE-Noticias.png\"><img loading=\"lazy\" decoding=\"async\" aria-describedby=\"caption-attachment-145076\" class=\"size-full wp-image-145076\" src=\"https:\/\/senoticias.com.br\/se\/wp-content\/uploads\/2024\/11\/Luiz-Roberto-Barroso-SE-Noticias.png\" alt=\"\" width=\"547\" height=\"372\" srcset=\"https:\/\/senoticias.com.br\/se\/wp-content\/uploads\/2024\/11\/Luiz-Roberto-Barroso-SE-Noticias.png 547w, https:\/\/senoticias.com.br\/se\/wp-content\/uploads\/2024\/11\/Luiz-Roberto-Barroso-SE-Noticias-300x204.png 300w, https:\/\/senoticias.com.br\/se\/wp-content\/uploads\/2024\/11\/Luiz-Roberto-Barroso-SE-Noticias-90x60.png 90w, https:\/\/senoticias.com.br\/se\/wp-content\/uploads\/2024\/11\/Luiz-Roberto-Barroso-SE-Noticias-95x64.png 95w\" sizes=\"(max-width: 547px) 100vw, 547px\" \/><\/a><p id=\"caption-attachment-145076\" class=\"wp-caption-text\">Presidente do STF, Lu\u00eds Roberto Barroso &#8211; Foto: Reprodu\u00e7\u00e3o\/TV Justi\u00e7a<\/p><\/div>\n<p>O presidente ainda destacou a afirma\u00e7\u00e3o do Andrei Rodrigues, Diretor-Geral da Pol\u00edcia Federal, de que o autor do mantinha uma quantidade expressiva de explosivos em uma casa alugada por ele em Ceil\u00e2ndia (DF).<\/p>\n<p>Durante sua fala, Barroso expressou preocupa\u00e7\u00e3o com o estado atual do pa\u00eds e questionou: &#8220;Onde foi que n\u00f3s perdemos a luz da nossa alma afetuosa, alegre e fraterna para a escurid\u00e3o do \u00f3dio, da agressividade e da viol\u00eancia?&#8221;.<\/p>\n<p>O ministro relembrou ataques \u00e0s institui\u00e7\u00f5es do Judici\u00e1rio, incluindo ofensas do ex-deputado Daniel Silveira e a\u00e7\u00f5es de extremistas apoiadores do ex-presidente Jair Bolsonaro (PL). Ele destacou ainda os atos golpistas de 8 de janeiro como um exemplo de discurso de \u00f3dio que culminou em viol\u00eancia.<\/p>\n<p>&#8220;Milhares de pessoas, mancomunadas via redes sociais e com grave cumplicidade de autoridades, invadiram e depredaram as sedes dos Tr\u00eas Poderes da Rep\u00fablica&#8221;, disse Barroso.<\/p>\n<p>Alexandre de Moraes, designado relator do inqu\u00e9rito sobre as explos\u00f5es, tamb\u00e9m comentou o caso, afirmando que o incidente \u00e9 reflexo do crescente \u00f3dio pol\u00edtico no Brasil.<\/p>\n<p>&#8220;O que ocorreu ontem n\u00e3o \u00e9 um fato isolado do contexto. [&#8230;] Queira Deus que seja um ato isolado, este ato. Mas o contexto \u00e9 um contexto que se iniciou l\u00e1 atr\u00e1s, quando o famoso gabinete do \u00f3dio come\u00e7ou a destilar discurso de \u00f3dio contra as institui\u00e7\u00f5es&#8221;, declarou Moraes, refor\u00e7ando que a pacifica\u00e7\u00e3o do pa\u00eds n\u00e3o deve envolver a anistia a golpistas.<\/p>\n<p>&#8220;A impunidade vai gerar mais agressividade, como gerou ontem. As pessoas acham que podem vir at\u00e9 Bras\u00edlia, tentar entrar no STF para explodir o STF&#8221;, completou.<\/p>\n<p>A ministra C\u00e1rmen L\u00facia, presidente do Tribunal Superior Eleitoral (TSE), ao abrir a sess\u00e3o desta quinta-feira, sublinhou que, apesar da preocupa\u00e7\u00e3o com o atentado, os cidad\u00e3os continuam comprometidos com a estabilidade das institui\u00e7\u00f5es.<\/p>\n<p>&#8220;Graves acontecimentos n\u00e3o comprometem o que \u00e9 mais s\u00e9rio e de nossa responsabilidade, que \u00e9 trabalhar para que a democracia brasileira se sustente&#8221;, afirmou C\u00e1rmen L\u00facia.<\/p>\n<p><strong><em>Acompanhe tamb\u00e9m o SE Not\u00edcias no\u00a0<a href=\"https:\/\/www.instagram.com\/senoticias\/\" target=\"_blank\" rel=\"noreferrer noopener\">Instagram<\/a><\/em><\/strong>,\u00a0<strong><em>\u00a0<a href=\"https:\/\/www.facebook.com\/senoticias1\" target=\"_blank\" rel=\"noreferrer noopener\">Facebook<\/a>\u00a0e\u00a0no<\/em>\u00a0<em><a href=\"https:\/\/twitter.com\/Senoticias\">X<\/a><\/em><\/strong><\/p>\n<p>Fonte: Reda\u00e7\u00e3o Terra<\/p>\n","protected":false},"excerpt":{"rendered":"<p>O presidente do Supremo Tribunal Federal (STF),\u00a0Lu\u00eds Roberto Barroso, abriu a sess\u00e3o desta quinta-feira, 14, expressando sua preocupa\u00e7\u00e3o com a possibilidade de anistia a quem comete atentados contra a democracia. Durante o discurso, o primeiro ap\u00f3s as explos\u00f5es na Pra\u00e7a dos Tr\u00eas Poderes em Bras\u00edlia na quarta-feira, 13. &#8220;Como pa\u00eds e como sociedade, n\u00f3s precisamos [&hellip;]<\/p>\n","protected":false},"author":6557,"featured_media":145076,"comment_status":"closed","ping_status":"closed","sticky":false,"template":"","format":"standard","meta":{"footnotes":""},"categories":[15,6,1],"tags":[42628,5785,549],"class_list":{"0":"post-145075","1":"post","2":"type-post","3":"status-publish","4":"format-standard","5":"has-post-thumbnail","7":"category-destaques","8":"category-politica","9":"category-sem-categoria","10":"tag-luis-roberto-barroso","11":"tag-supremo-tribunal-federal","12":"tag-tribunal-superior-eleitoral"},"_links":{"self":[{"href":"https:\/\/senoticias.com.br\/se\/wp-json\/wp\/v2\/posts\/145075"}],"collection":[{"href":"https:\/\/senoticias.com.br\/se\/wp-json\/wp\/v2\/posts"}],"about":[{"href":"https:\/\/senoticias.com.br\/se\/wp-json\/wp\/v2\/types\/post"}],"author":[{"embeddable":true,"href":"https:\/\/senoticias.com.br\/se\/wp-json\/wp\/v2\/users\/6557"}],"replies":[{"embeddable":true,"href":"https:\/\/senoticias.com.br\/se\/wp-json\/wp\/v2\/comments?post=145075"}],"version-history":[{"count":0,"href":"https:\/\/senoticias.com.br\/se\/wp-json\/wp\/v2\/posts\/145075\/revisions"}],"wp:featuredmedia":[{"embeddable":true,"href":"https:\/\/senoticias.com.br\/se\/wp-json\/wp\/v2\/media\/145076"}],"wp:attachment":[{"href":"https:\/\/senoticias.com.br\/se\/wp-json\/wp\/v2\/media?parent=145075"}],"wp:term":[{"taxonomy":"category","embeddable":true,"href":"https:\/\/senoticias.com.br\/se\/wp-json\/wp\/v2\/categories?post=145075"},{"taxonomy":"post_tag","embeddable":true,"href":"https:\/\/senoticias.com.br\/se\/wp-json\/wp\/v2\/tags?post=145075"}],"curies":[{"name":"wp","href":"https:\/\/api.w.org\/{rel}","templated":true}]}}