{"id":145034,"date":"2024-11-12T13:12:03","date_gmt":"2024-11-12T16:12:03","guid":{"rendered":"https:\/\/senoticias.com.br\/se\/?p=145034"},"modified":"2024-11-12T16:30:27","modified_gmt":"2024-11-12T19:30:27","slug":"fim-da-escala-6x1-veja-como-votou-os-deputados-sergipanos","status":"publish","type":"post","link":"https:\/\/senoticias.com.br\/se\/fim-da-escala-6x1-veja-como-votou-os-deputados-sergipanos\/","title":{"rendered":"Fim da escala 6\u00d71: veja como votaram os deputados sergipanos"},"content":{"rendered":"<p>O n\u00famero de parlamentares que assinaram a Proposta de Emenda a Constitui\u00e7\u00e3o (PEC) que quer p\u00f4r fim \u00e0 escala de trabalho 6&#215;1, at\u00e9 o momento, \u00e9 de 134, conforme divulgado pela assessoria da deputada Erika Hilton, idealizadora da proposta.<\/p>\n<p>Do total de assinaturas, 80 s\u00e3o de parlamentares do Psol e PT. Por outro lado, a proposta teve baixa ades\u00e3o em partidos de direita. O PL se posicionou em bloco contra o fim da escala 6&#215;1, mas Fernando Rodolfo (PL-PE) apoiou a medida.<\/p>\n<div id=\"attachment_145035\" style=\"width: 608px\" class=\"wp-caption aligncenter\"><a href=\"https:\/\/senoticias.com.br\/se\/wp-content\/uploads\/2024\/11\/1_erika_hilton-41599938.jpg\"><img loading=\"lazy\" decoding=\"async\" aria-describedby=\"caption-attachment-145035\" class=\"size-full wp-image-145035\" src=\"https:\/\/senoticias.com.br\/se\/wp-content\/uploads\/2024\/11\/1_erika_hilton-41599938.jpg\" alt=\"\" width=\"598\" height=\"450\" srcset=\"https:\/\/senoticias.com.br\/se\/wp-content\/uploads\/2024\/11\/1_erika_hilton-41599938.jpg 598w, https:\/\/senoticias.com.br\/se\/wp-content\/uploads\/2024\/11\/1_erika_hilton-41599938-300x226.jpg 300w, https:\/\/senoticias.com.br\/se\/wp-content\/uploads\/2024\/11\/1_erika_hilton-41599938-45x35.jpg 45w\" sizes=\"(max-width: 598px) 100vw, 598px\" \/><\/a><p id=\"caption-attachment-145035\" class=\"wp-caption-text\">A parlamentar acredita que ainda essa semana o n\u00famero m\u00ednimo, de 171 assinaturas, ser\u00e1 alcan\u00e7ado e a proposta ser\u00e1 protocolada e formalmente apresentada &#8211; Foto: Mario Agra\/C\u00e2mara dos Deputados<\/p><\/div>\n<p>A parlamentar acredita que ainda essa semana o n\u00famero m\u00ednimo, de 171 assinaturas, ser\u00e1 alcan\u00e7ado e a proposta ser\u00e1 protocolada e formalmente apresentada. Nas primeiras horas de segunda-feira (11\/11), foi registrado um salto de 71 para 100 assinaturas. O aumento \u00e9 fruto da press\u00e3o popular sobre a preposi\u00e7\u00e3o.<\/p>\n<p>Os deputados federais por Sergipe que assinaram a PEC at\u00e9 o momento s\u00e3o: Delegada Katarina (PSD), Thiago de Joaldo (PP), Yandra Moura (Uni\u00e3o) e Jo\u00e3o Daniel (PT). No entanto, outros deputados sergipanos ainda n\u00e3o se manifestaram oficialmente sobre o tema. S\u00e3o eles: Nitinho (PSD), suplente de F\u00e1bio Reis, \u00cdcaro de Valmir (PL), Rodrigo Valadares (Uni\u00e3o) e Gustinho Ribeiro (Republicanos).<\/p>\n<p><strong>O que \u00e9 a PEC do fim da jornada 6&#215;1<\/strong><\/p>\n<p>O texto apresentado pela deputada Erika Hilton (PSol-SP), foi formulado pelo movimento social Vida Al\u00e9m do Trabalho (VAT), liderado pelo vereador carioca Rick Azevedo (PSol). Seu objetivo \u00e9 acabar com a jornada 6&#215;1 onde o funcion\u00e1rio trabalha durante seis dias na semana e folga apenas um. A configura\u00e7\u00e3o \u00e9 muito comum em setores, como o com\u00e9rcio e a ind\u00fastria, mas \u00e9 considerada exaustiva e abusiva por apoiadores do projeto.<\/p>\n<p>A PEC tem o objetivo de mudar o trecho da Constitui\u00e7\u00e3o que limita a carga de trabalho a oito horas di\u00e1rias e 44 horas semanais para incluir outras possibilidades de distribui\u00e7\u00e3o do expediente, como a escala 4&#215;3, defendida pelo VAT. O texto deve mudar a Consolida\u00e7\u00e3o das Leis do Trabalho (CLT), que estabelece um dia como o per\u00edodo m\u00ednimo de descanso para o trabalhador.<\/p>\n<p><strong><em>Acompanhe tamb\u00e9m o SE Not\u00edcias no\u00a0<a href=\"https:\/\/www.instagram.com\/senoticias\/\" target=\"_blank\" rel=\"noreferrer noopener\">Instagram<\/a><\/em><\/strong>,\u00a0<strong><em>\u00a0<a href=\"https:\/\/www.facebook.com\/senoticias1\" target=\"_blank\" rel=\"noreferrer noopener\">Facebook<\/a>\u00a0e\u00a0no<\/em>\u00a0<em><a href=\"https:\/\/twitter.com\/Senoticias\">X<\/a><\/em><\/strong><\/p>\n<p>Fonte: Correio Braziliense<\/p>\n","protected":false},"excerpt":{"rendered":"<p>O n\u00famero de parlamentares que assinaram a Proposta de Emenda a Constitui\u00e7\u00e3o (PEC) que quer p\u00f4r fim \u00e0 escala de trabalho 6&#215;1, at\u00e9 o momento, \u00e9 de 134, conforme divulgado pela assessoria da deputada Erika Hilton, idealizadora da proposta. Do total de assinaturas, 80 s\u00e3o de parlamentares do Psol e PT. Por outro lado, a [&hellip;]<\/p>\n","protected":false},"author":6557,"featured_media":145035,"comment_status":"closed","ping_status":"closed","sticky":false,"template":"","format":"standard","meta":{"footnotes":""},"categories":[15,6],"tags":[42615,42614,42613,42612],"class_list":{"0":"post-145034","1":"post","2":"type-post","3":"status-publish","4":"format-standard","5":"has-post-thumbnail","7":"category-destaques","8":"category-politica","9":"tag-deputada-erika-hilton","10":"tag-escala-6x1","11":"tag-fim-da-escala-6x1","12":"tag-pec-do-fim-da-jornada-6x1"},"_links":{"self":[{"href":"https:\/\/senoticias.com.br\/se\/wp-json\/wp\/v2\/posts\/145034"}],"collection":[{"href":"https:\/\/senoticias.com.br\/se\/wp-json\/wp\/v2\/posts"}],"about":[{"href":"https:\/\/senoticias.com.br\/se\/wp-json\/wp\/v2\/types\/post"}],"author":[{"embeddable":true,"href":"https:\/\/senoticias.com.br\/se\/wp-json\/wp\/v2\/users\/6557"}],"replies":[{"embeddable":true,"href":"https:\/\/senoticias.com.br\/se\/wp-json\/wp\/v2\/comments?post=145034"}],"version-history":[{"count":0,"href":"https:\/\/senoticias.com.br\/se\/wp-json\/wp\/v2\/posts\/145034\/revisions"}],"wp:featuredmedia":[{"embeddable":true,"href":"https:\/\/senoticias.com.br\/se\/wp-json\/wp\/v2\/media\/145035"}],"wp:attachment":[{"href":"https:\/\/senoticias.com.br\/se\/wp-json\/wp\/v2\/media?parent=145034"}],"wp:term":[{"taxonomy":"category","embeddable":true,"href":"https:\/\/senoticias.com.br\/se\/wp-json\/wp\/v2\/categories?post=145034"},{"taxonomy":"post_tag","embeddable":true,"href":"https:\/\/senoticias.com.br\/se\/wp-json\/wp\/v2\/tags?post=145034"}],"curies":[{"name":"wp","href":"https:\/\/api.w.org\/{rel}","templated":true}]}}