{"id":144995,"date":"2024-11-11T10:48:14","date_gmt":"2024-11-11T13:48:14","guid":{"rendered":"https:\/\/senoticias.com.br\/se\/?p=144995"},"modified":"2024-11-11T10:51:09","modified_gmt":"2024-11-11T13:51:09","slug":"onibus-de-turismo-que-saiu-de-aracaju-capota-e-deixa-4-mortos-e-15-feridos-na-bahia","status":"publish","type":"post","link":"https:\/\/senoticias.com.br\/se\/onibus-de-turismo-que-saiu-de-aracaju-capota-e-deixa-4-mortos-e-15-feridos-na-bahia\/","title":{"rendered":"\u00d4nibus de turismo que saiu de Aracaju capota e deixa 4 mortos e 15 feridos na Bahia"},"content":{"rendered":"<p>Pelo menos quatro pessoas morreram e 15 ficaram feridas em um acidente de \u00f4nibus na BR-110, na zona rural de Catu, cidade da Regi\u00e3o Metropolitana de Salvador, na madrugada de segunda-feira (11).<\/p>\n<p>De acordo com informa\u00e7\u00f5es apuradas pela TV Bahia, o \u00f4nibus saiu de Aracaju, em Sergipe, e tinha como destino a cidade baiana de Madre de Deus, localizada na regi\u00e3o metropolitana. O local onde ocorreu o acidente \u00e9 conhecido como &#8220;curva dos 40&#8221; e fica a cerca de 1h20 do destino final dos passageiros.<\/p>\n<div id=\"attachment_144996\" style=\"width: 604px\" class=\"wp-caption aligncenter\"><a href=\"https:\/\/senoticias.com.br\/se\/wp-content\/uploads\/2024\/11\/Acidente-em-Madre-de-Deus-Se-Noticias.jpg\"><img loading=\"lazy\" decoding=\"async\" aria-describedby=\"caption-attachment-144996\" class=\"size-full wp-image-144996\" src=\"https:\/\/senoticias.com.br\/se\/wp-content\/uploads\/2024\/11\/Acidente-em-Madre-de-Deus-Se-Noticias.jpg\" alt=\"\" width=\"594\" height=\"524\" srcset=\"https:\/\/senoticias.com.br\/se\/wp-content\/uploads\/2024\/11\/Acidente-em-Madre-de-Deus-Se-Noticias.jpg 594w, https:\/\/senoticias.com.br\/se\/wp-content\/uploads\/2024\/11\/Acidente-em-Madre-de-Deus-Se-Noticias-300x265.jpg 300w\" sizes=\"(max-width: 594px) 100vw, 594px\" \/><\/a><p id=\"caption-attachment-144996\" class=\"wp-caption-text\"><br \/>Conforme a Pol\u00edcia Rodovi\u00e1ria Federal, o acidente ocorreu ap\u00f3s o motorista perder o controle do ve\u00edculo &#8211; Foto: redes sociais<\/p><\/div>\n<p>De acordo com a Pol\u00edcia Civil, dentro do \u00f4nibus havia cerca de 40 pessoas. A Secretaria de Sa\u00fade da Bahia\u00a0 informou que 11 v\u00edtimas foram levadas para o Hospital Regional Dantas Bi\u00e3o, em Alagoinhas, cidade que fica a 29 km de dist\u00e2ncia de Catu. Os estados de sa\u00fade das v\u00edtimas n\u00e3o foram detalhados.<\/p>\n<p>A Secretaria de Sa\u00fade de Catu informou que quatro feridos foram encaminhados para o Hospital Municipal de Catu. Todos eles est\u00e3o est\u00e1veis .<\/p>\n<p>N\u00e3o h\u00e1 informa\u00e7\u00f5es sobre outros feridos e os nomes dos mortos no acidente tamb\u00e9m n\u00e3o foram divulgados at\u00e9 o momento.<\/p>\n<p>Fonte: <a href=\"https:\/\/g1.globo.com\/ba\/bahia\/noticia\/2024\/11\/11\/acidente-onibus-na-bahia.ghtml\"><strong>G1\/Bahia<\/strong><\/a><\/p>\n","protected":false},"excerpt":{"rendered":"<p>Pelo menos quatro pessoas morreram e 15 ficaram feridas em um acidente de \u00f4nibus na BR-110, na zona rural de Catu, cidade da Regi\u00e3o Metropolitana de Salvador, na madrugada de segunda-feira (11). De acordo com informa\u00e7\u00f5es apuradas pela TV Bahia, o \u00f4nibus saiu de Aracaju, em Sergipe, e tinha como destino a cidade baiana de [&hellip;]<\/p>\n","protected":false},"author":6557,"featured_media":0,"comment_status":"closed","ping_status":"closed","sticky":false,"template":"","format":"standard","meta":{"footnotes":""},"categories":[15,2961],"tags":[42597,42595,42596,9863],"class_list":{"0":"post-144995","1":"post","2":"type-post","3":"status-publish","4":"format-standard","6":"category-destaques","7":"category-nacional","8":"tag-15-feridos-na-bahia","9":"tag-4-mortos","10":"tag-aline-turismo","11":"tag-onibus-de-turismo"},"_links":{"self":[{"href":"https:\/\/senoticias.com.br\/se\/wp-json\/wp\/v2\/posts\/144995"}],"collection":[{"href":"https:\/\/senoticias.com.br\/se\/wp-json\/wp\/v2\/posts"}],"about":[{"href":"https:\/\/senoticias.com.br\/se\/wp-json\/wp\/v2\/types\/post"}],"author":[{"embeddable":true,"href":"https:\/\/senoticias.com.br\/se\/wp-json\/wp\/v2\/users\/6557"}],"replies":[{"embeddable":true,"href":"https:\/\/senoticias.com.br\/se\/wp-json\/wp\/v2\/comments?post=144995"}],"version-history":[{"count":0,"href":"https:\/\/senoticias.com.br\/se\/wp-json\/wp\/v2\/posts\/144995\/revisions"}],"wp:attachment":[{"href":"https:\/\/senoticias.com.br\/se\/wp-json\/wp\/v2\/media?parent=144995"}],"wp:term":[{"taxonomy":"category","embeddable":true,"href":"https:\/\/senoticias.com.br\/se\/wp-json\/wp\/v2\/categories?post=144995"},{"taxonomy":"post_tag","embeddable":true,"href":"https:\/\/senoticias.com.br\/se\/wp-json\/wp\/v2\/tags?post=144995"}],"curies":[{"name":"wp","href":"https:\/\/api.w.org\/{rel}","templated":true}]}}