{"id":144993,"date":"2024-11-11T09:09:30","date_gmt":"2024-11-11T12:09:30","guid":{"rendered":"https:\/\/senoticias.com.br\/se\/?p=144993"},"modified":"2024-11-11T09:10:05","modified_gmt":"2024-11-11T12:10:05","slug":"batalhao-de-policia-rodoviaria-apreende-48-celulares-e-quatro-relogios-roubados-durante-o-pre-caju","status":"publish","type":"post","link":"https:\/\/senoticias.com.br\/se\/batalhao-de-policia-rodoviaria-apreende-48-celulares-e-quatro-relogios-roubados-durante-o-pre-caju\/","title":{"rendered":"Batalh\u00e3o de Pol\u00edcia Rodovi\u00e1ria apreende 48 celulares e quatro rel\u00f3gios roubados durante o Pr\u00e9-Caju"},"content":{"rendered":"<p>Durante o \u00faltimo fim de semana, o Batalh\u00e3o de Pol\u00edcia Rodovi\u00e1ria (BPRv) intensificou a fiscaliza\u00e7\u00e3o nas rodovias estaduais com foco na seguran\u00e7a dos condutores e na preven\u00e7\u00e3o de sinistros de tr\u00e2nsito. A\u00e7\u00f5es de monitoramento e opera\u00e7\u00f5es estrat\u00e9gicas, como a \u201cOpera\u00e7\u00e3o Satura\u00e7\u00e3o Pr\u00e9-Caju\u201d, \u201cOpera\u00e7\u00e3o Prud\u00eancia pela Vida\u201d, \u201cOpera\u00e7\u00e3o Pr\u00e9-Caju\u201d buscaram n\u00e3o apenas controlar o tr\u00e1fego, mas tamb\u00e9m coibir pr\u00e1ticas il\u00edcitas e promover um tr\u00e2nsito mais seguro para a popula\u00e7\u00e3o sergipana. O resumo das ocorr\u00eancias foi divulgado nesta segunda-feira, 11.<\/p>\n<div id=\"attachment_144994\" style=\"width: 604px\" class=\"wp-caption aligncenter\"><a href=\"https:\/\/senoticias.com.br\/se\/wp-content\/uploads\/2024\/11\/d7f01bdf-257b-43d6-9c86-1b6a2e83506b.jpg\"><img loading=\"lazy\" decoding=\"async\" aria-describedby=\"caption-attachment-144994\" class=\"size-full wp-image-144994\" src=\"https:\/\/senoticias.com.br\/se\/wp-content\/uploads\/2024\/11\/d7f01bdf-257b-43d6-9c86-1b6a2e83506b.jpg\" alt=\"\" width=\"594\" height=\"411\" srcset=\"https:\/\/senoticias.com.br\/se\/wp-content\/uploads\/2024\/11\/d7f01bdf-257b-43d6-9c86-1b6a2e83506b.jpg 594w, https:\/\/senoticias.com.br\/se\/wp-content\/uploads\/2024\/11\/d7f01bdf-257b-43d6-9c86-1b6a2e83506b-300x208.jpg 300w\" sizes=\"(max-width: 594px) 100vw, 594px\" \/><\/a><p id=\"caption-attachment-144994\" class=\"wp-caption-text\">A BPRv apreendeu encontrados 48 celulares, 14 cart\u00f5es em nomes de terceiros &#8211; Foto: ascom\/divulga\u00e7\u00e3o<\/p><\/div>\n<p>No domingo, 10, ocorreu uma a\u00e7\u00e3o integrada entre o BPRv e o Batalh\u00e3o de Pol\u00edcia de A\u00e7\u00f5es T\u00e1ticas do Interior (BPati). Na a\u00e7\u00e3o, um ve\u00edculo com destino a Salvador foi abordado. Com os ocupantes, foram encontrados 48 celulares, 14 cart\u00f5es em nomes de terceiros, quatro rel\u00f3gios, uma pulseira dourada, 11 d\u00f3lares e uma c\u00e9dula de 100 cruzados. Os suspeitos e os objetos apreendidos foram encaminhados \u00e0 Delegacia Plantonista de Est\u00e2ncia para as provid\u00eancias legais.<\/p>\n<p>Na sexta-feira, 8, ocorreu um sinistro de tr\u00e2nsito na rodovia SE-220, no povoado Saco das Varas, em Muribeca. No caso, um ve\u00edculo de modelo Punto saiu da pista. O condutor foi atendido pelo Samu e estava consciente, sem aparentes les\u00f5es graves.<\/p>\n<p>Ainda n\u00e3o sexta-feira, ocorreu um sinistro envolvendo o atropelamento de um animal na rodovia SE-050, em Aracaju. O condutor e a passageira de uma motocicleta colidiram com o animal que estava na pista.<\/p>\n<p>Tamb\u00e9m na sexta-feira, ocorreu uma colis\u00e3o frontal na SE-220, povoado Umbuzeiro, sentido Nossa Senhora da Gl\u00f3ria. Um caminh\u00e3o e uma motocicleta colidiram na localidade. O condutor da motocicleta veio a \u00f3bito no local, enquanto o condutor do caminh\u00e3o n\u00e3o teve les\u00f5es. O condutor da motocicleta, em uma curva para a direita, perdeu o controle e invadiu a pista oposta, colidindo frontalmente com o caminh\u00e3o. O teste de alcoolemia no condutor do caminh\u00e3o indicou 0,00 mg\/L.<\/p>\n<p>No s\u00e1bado, 9, ocorreu uma colis\u00e3o lateral na rodovia SE-230, no trevo de Santa Rosa do Erm\u00edrio, Po\u00e7o Redondo. No caso, dois carros colidiram ap\u00f3s um deles fazer uma convers\u00e3o \u00e0 esquerda. Ap\u00f3s a colis\u00e3o, o condutor do ve\u00edculo que provocou a colis\u00e3o fugiu do local. Uma passageira veio a \u00f3bito.<\/p>\n<p>Ainda no s\u00e1bado, na rodovia SE-170, no povoado Bras\u00edlia, em Lagarto, dois ve\u00edculos colidiram ap\u00f3s uma manobra na rodovia. O condutor de um dos ve\u00edculos precisou de atendimento m\u00e9dico.<\/p>\n<p><strong><em>Acompanhe tamb\u00e9m o SE Not\u00edcias no <a href=\"https:\/\/www.instagram.com\/senoticias\/\" target=\"_blank\" rel=\"noreferrer noopener\">Instagram<\/a><\/em><\/strong>,\u00a0<strong><em>\u00a0<a href=\"https:\/\/www.facebook.com\/senoticias1\" target=\"_blank\" rel=\"noreferrer noopener\">Facebook<\/a>\u00a0e\u00a0no<\/em>\u00a0<em><a href=\"https:\/\/twitter.com\/Senoticias\">X<\/a><\/em><\/strong><\/p>\n<p>Fonte: SSP\/SE<\/p>\n","protected":false},"excerpt":{"rendered":"<p>Durante o \u00faltimo fim de semana, o Batalh\u00e3o de Pol\u00edcia Rodovi\u00e1ria (BPRv) intensificou a fiscaliza\u00e7\u00e3o nas rodovias estaduais com foco na seguran\u00e7a dos condutores e na preven\u00e7\u00e3o de sinistros de tr\u00e2nsito. A\u00e7\u00f5es de monitoramento e opera\u00e7\u00f5es estrat\u00e9gicas, como a \u201cOpera\u00e7\u00e3o Satura\u00e7\u00e3o Pr\u00e9-Caju\u201d, \u201cOpera\u00e7\u00e3o Prud\u00eancia pela Vida\u201d, \u201cOpera\u00e7\u00e3o Pr\u00e9-Caju\u201d buscaram n\u00e3o apenas controlar o tr\u00e1fego, mas [&hellip;]<\/p>\n","protected":false},"author":6557,"featured_media":144994,"comment_status":"closed","ping_status":"closed","sticky":false,"template":"","format":"standard","meta":{"footnotes":""},"categories":[15,7],"tags":[16506,2036,42592,42594,42593],"class_list":{"0":"post-144993","1":"post","2":"type-post","3":"status-publish","4":"format-standard","5":"has-post-thumbnail","7":"category-destaques","8":"category-policia","9":"tag-batalhao-de-policia-rodoviaria","10":"tag-bprv","11":"tag-operacao-pre-caju","12":"tag-operacao-prudencia-pela-vida","13":"tag-operacao-saturacao-pre-caju"},"_links":{"self":[{"href":"https:\/\/senoticias.com.br\/se\/wp-json\/wp\/v2\/posts\/144993"}],"collection":[{"href":"https:\/\/senoticias.com.br\/se\/wp-json\/wp\/v2\/posts"}],"about":[{"href":"https:\/\/senoticias.com.br\/se\/wp-json\/wp\/v2\/types\/post"}],"author":[{"embeddable":true,"href":"https:\/\/senoticias.com.br\/se\/wp-json\/wp\/v2\/users\/6557"}],"replies":[{"embeddable":true,"href":"https:\/\/senoticias.com.br\/se\/wp-json\/wp\/v2\/comments?post=144993"}],"version-history":[{"count":0,"href":"https:\/\/senoticias.com.br\/se\/wp-json\/wp\/v2\/posts\/144993\/revisions"}],"wp:featuredmedia":[{"embeddable":true,"href":"https:\/\/senoticias.com.br\/se\/wp-json\/wp\/v2\/media\/144994"}],"wp:attachment":[{"href":"https:\/\/senoticias.com.br\/se\/wp-json\/wp\/v2\/media?parent=144993"}],"wp:term":[{"taxonomy":"category","embeddable":true,"href":"https:\/\/senoticias.com.br\/se\/wp-json\/wp\/v2\/categories?post=144993"},{"taxonomy":"post_tag","embeddable":true,"href":"https:\/\/senoticias.com.br\/se\/wp-json\/wp\/v2\/tags?post=144993"}],"curies":[{"name":"wp","href":"https:\/\/api.w.org\/{rel}","templated":true}]}}