{"id":144984,"date":"2024-11-09T08:07:25","date_gmt":"2024-11-09T11:07:25","guid":{"rendered":"https:\/\/senoticias.com.br\/se\/?p=144984"},"modified":"2024-11-09T08:12:22","modified_gmt":"2024-11-09T11:12:22","slug":"justica-determina-que-municipio-de-aracaju-forneca-tratamento-multidisciplinar-aos-pacientes-com-autismo-em-ate-90-dias","status":"publish","type":"post","link":"https:\/\/senoticias.com.br\/se\/justica-determina-que-municipio-de-aracaju-forneca-tratamento-multidisciplinar-aos-pacientes-com-autismo-em-ate-90-dias\/","title":{"rendered":"Justi\u00e7a determina que Munic\u00edpio de Aracaju forne\u00e7a tratamento multidisciplinar aos pacientes com autismo em at\u00e9 90 dias"},"content":{"rendered":"<p>O Minist\u00e9rio P\u00fablico de Sergipe, por meio da 2\u00aa Promotoria de Justi\u00e7a dos Direitos do Cidad\u00e3o de Aracaju, especializada nos Direitos \u00e0 Sa\u00fade, ajuizou uma A\u00e7\u00e3o Civil P\u00fablica e obteve decis\u00e3o liminar do Poder Judici\u00e1rio, determinando que o Estado de Sergipe e o Munic\u00edpio de Aracaju, no prazo de <strong>at\u00e9 90 dias<\/strong>, inicie o tratamento de todas as crian\u00e7as e adolescentes que tenham o diagn\u00f3stico do Transtorno do Espectro Autista (TEA) e a necessidade de acompanhamento multidisciplinar, conforme indica\u00e7\u00e3o m\u00e9dica.<\/p>\n<div class=\"mceTemp\">\n<div id=\"attachment_144986\" style=\"width: 560px\" class=\"wp-caption aligncenter\"><a href=\"https:\/\/senoticias.com.br\/se\/wp-content\/uploads\/2024\/11\/MPSE-SE-Noticias.jpg\"><img loading=\"lazy\" decoding=\"async\" aria-describedby=\"caption-attachment-144986\" class=\"size-full wp-image-144986\" src=\"https:\/\/senoticias.com.br\/se\/wp-content\/uploads\/2024\/11\/MPSE-SE-Noticias.jpg\" alt=\"\" width=\"550\" height=\"375\" srcset=\"https:\/\/senoticias.com.br\/se\/wp-content\/uploads\/2024\/11\/MPSE-SE-Noticias.jpg 550w, https:\/\/senoticias.com.br\/se\/wp-content\/uploads\/2024\/11\/MPSE-SE-Noticias-300x205.jpg 300w, https:\/\/senoticias.com.br\/se\/wp-content\/uploads\/2024\/11\/MPSE-SE-Noticias-90x60.jpg 90w, https:\/\/senoticias.com.br\/se\/wp-content\/uploads\/2024\/11\/MPSE-SE-Noticias-95x64.jpg 95w\" sizes=\"(max-width: 550px) 100vw, 550px\" \/><\/a><p id=\"caption-attachment-144986\" class=\"wp-caption-text\">Em levantamento recente do MPE, foi verificado que h\u00e1 um total de 1.112 pessoas esperando pelo in\u00edcio do tratamento multidisciplinar &#8211; Foto: arquivo\/MPSE<\/p><\/div>\n<p>Na decis\u00e3o, o Poder Judici\u00e1rio determinou que o Estado e o Munic\u00edpio adotem as medidas necess\u00e1rias, de forma emergencial, para amplia\u00e7\u00e3o e contrata\u00e7\u00e3o do n\u00famero de profissionais ou especialidades que devem integrar as equipes multidisciplinares respons\u00e1veis \u2013 de forma a garantir o fluxo de atendimento aos pacientes que est\u00e3o na fila de espera para o tratamento. Em levantamento recente do MP sergipano, foi verificado que h\u00e1 um total de 1.112 pessoas esperando pelo in\u00edcio do tratamento multidisciplinar. A inform\u00e7\u00e3o foi divulgada para a imprensa nesta sexta-feira, 8\/11.<\/p>\n<p>A A\u00e7\u00e3o Civil P\u00fablica ajuizada pelo MPSE pleiteia que o tratamento multidisciplinar conste um quadro profissional que contemple Assistente Social, Enfermeiro, Auxiliar e\/ou T\u00e9cnico de enfermagem, Fisioterapeutas, Fonoaudi\u00f3logo, m\u00e9dicos Ortopedista e\/ou Fisiatra, Neurologista e\/ou Psiquiatra, Nutricionista, Psic\u00f3logos, Terapeutas Ocupacionais, dentre outros profissionais. A falta da assist\u00eancia para os pacientes com autismo, de acordo com avalia\u00e7\u00f5es m\u00e9dicas, pode ocasionar danos irrepar\u00e1veis no desenvolvimento, comprometendo de maneira grave a sa\u00fade de todos os usu\u00e1rios que est\u00e3o na fila de espera do tratamento ofertado pelo poder p\u00fablico.<\/p>\n<p>O MP de Sergipe vem intensificando os procedimentos e audi\u00eancias com objetivo de estabelecer um fluxo para o tratamento multidisciplinar de crian\u00e7as com o diagn\u00f3stico do Transtorno do Espectro Autista (TEA) na rede p\u00fablica de sa\u00fade em Sergipe. Atualmente h\u00e1 procedimentos em andamento para garantir a assist\u00eancia multiprofissional a pacientes com quadro de urg\u00eancia, e discuss\u00f5es com as Secretarias para que as crian\u00e7as com TEA, regularmente, tenham acesso aos tratamentos de maneira mais breve.<\/p>\n<p>Conforme den\u00fancias registradas pela institui\u00e7\u00e3o ministerial, alguns pacientes chegam a aguardar 300 dias para ter acesso ao tratamento.<\/p>\n<p><strong><em>Acompanhe tamb\u00e9m o SE Not\u00edcias no\u00a0<a href=\"https:\/\/www.instagram.com\/senoticias\/\" target=\"_blank\" rel=\"noreferrer noopener\">Instagram<\/a><\/em><\/strong>,\u00a0<strong><em>\u00a0<a href=\"https:\/\/www.facebook.com\/senoticias1\" target=\"_blank\" rel=\"noreferrer noopener\">Facebook<\/a>\u00a0e\u00a0no<\/em>\u00a0<em><a href=\"https:\/\/twitter.com\/Senoticias\">X<\/a><\/em><\/strong><\/p>\n<p>N\u00facleo de Comunica\u00e7\u00e3o<br \/>\nMinist\u00e9rio P\u00fablico de Sergipe<\/p>\n<p>&nbsp;<\/p>\n","protected":false},"excerpt":{"rendered":"<p>O Minist\u00e9rio P\u00fablico de Sergipe, por meio da 2\u00aa Promotoria de Justi\u00e7a dos Direitos do Cidad\u00e3o de Aracaju, especializada nos Direitos \u00e0 Sa\u00fade, ajuizou uma A\u00e7\u00e3o Civil P\u00fablica e obteve decis\u00e3o liminar do Poder Judici\u00e1rio, determinando que o Estado de Sergipe e o Munic\u00edpio de Aracaju, no prazo de at\u00e9 90 dias, inicie o tratamento [&hellip;]<\/p>\n","protected":false},"author":6557,"featured_media":144986,"comment_status":"closed","ping_status":"closed","sticky":false,"template":"","format":"standard","meta":{"footnotes":""},"categories":[15,20],"tags":[8214,15345,41965,34212],"class_list":{"0":"post-144984","1":"post","2":"type-post","3":"status-publish","4":"format-standard","5":"has-post-thumbnail","7":"category-destaques","8":"category-saude","9":"tag-mpse","10":"tag-municipio-de-aracaju","11":"tag-tea","12":"tag-transtorno-do-espectro-autista"},"_links":{"self":[{"href":"https:\/\/senoticias.com.br\/se\/wp-json\/wp\/v2\/posts\/144984"}],"collection":[{"href":"https:\/\/senoticias.com.br\/se\/wp-json\/wp\/v2\/posts"}],"about":[{"href":"https:\/\/senoticias.com.br\/se\/wp-json\/wp\/v2\/types\/post"}],"author":[{"embeddable":true,"href":"https:\/\/senoticias.com.br\/se\/wp-json\/wp\/v2\/users\/6557"}],"replies":[{"embeddable":true,"href":"https:\/\/senoticias.com.br\/se\/wp-json\/wp\/v2\/comments?post=144984"}],"version-history":[{"count":0,"href":"https:\/\/senoticias.com.br\/se\/wp-json\/wp\/v2\/posts\/144984\/revisions"}],"wp:featuredmedia":[{"embeddable":true,"href":"https:\/\/senoticias.com.br\/se\/wp-json\/wp\/v2\/media\/144986"}],"wp:attachment":[{"href":"https:\/\/senoticias.com.br\/se\/wp-json\/wp\/v2\/media?parent=144984"}],"wp:term":[{"taxonomy":"category","embeddable":true,"href":"https:\/\/senoticias.com.br\/se\/wp-json\/wp\/v2\/categories?post=144984"},{"taxonomy":"post_tag","embeddable":true,"href":"https:\/\/senoticias.com.br\/se\/wp-json\/wp\/v2\/tags?post=144984"}],"curies":[{"name":"wp","href":"https:\/\/api.w.org\/{rel}","templated":true}]}}