{"id":144959,"date":"2024-11-07T17:24:03","date_gmt":"2024-11-07T20:24:03","guid":{"rendered":"https:\/\/senoticias.com.br\/se\/?p=144959"},"modified":"2024-11-07T17:24:03","modified_gmt":"2024-11-07T20:24:03","slug":"proprietario-de-clinica-odontologica-no-centro-de-aracaju-e-preso-por-furto-de-energia","status":"publish","type":"post","link":"https:\/\/senoticias.com.br\/se\/proprietario-de-clinica-odontologica-no-centro-de-aracaju-e-preso-por-furto-de-energia\/","title":{"rendered":"Propriet\u00e1rio de Cl\u00ednica Od\u00f3ntologica no Centro de Aracaju \u00e9 preso por furto de energia"},"content":{"rendered":"<p>Em uma a\u00e7\u00e3o conjunta entre a Pol\u00edcia Cient\u00edfica de Sergipe e a Delegacia Especializada de Repress\u00e3o a Crimes Contra Concession\u00e1rias de Servi\u00e7o P\u00fablico (DRCSP) foi preso nessa quarta-feira, 6, o propriet\u00e1rio de uma cl\u00ednica de odontologia no centro comercial da capital. O empres\u00e1rio foi autuado em flagrante, acusado de envolvimento em uma liga\u00e7\u00e3o clandestina de energia el\u00e9trica, popularmente conhecida como &#8220;gato&#8221;.<\/p>\n<p>As investiga\u00e7\u00f5es, coordenadas pelo delegado Rafael Brito de Oliveira, foram deflagradas ap\u00f3s a DRCSP receber den\u00fancias an\u00f4nimas indicando suspeitas de consumo ilegal de energia el\u00e9trica em estabelecimentos comerciais da regi\u00e3o. Em resposta, a equipe da DRCSP mobilizou agentes para verificar os fatos no local indicado, onde, ao encontrarem evid\u00eancias da liga\u00e7\u00e3o irregular, conduziram o propriet\u00e1rio da cl\u00ednica para a delegacia.<\/p>\n<div id=\"attachment_141728\" style=\"width: 599px\" class=\"wp-caption aligncenter\"><a href=\"https:\/\/senoticias.com.br\/se\/wp-content\/uploads\/2024\/03\/POLICIA-CIVIL-SENOTICIAS-2.jpg\"><img loading=\"lazy\" decoding=\"async\" aria-describedby=\"caption-attachment-141728\" class=\"size-full wp-image-141728\" src=\"https:\/\/senoticias.com.br\/se\/wp-content\/uploads\/2024\/03\/POLICIA-CIVIL-SENOTICIAS-2.jpg\" alt=\"\" width=\"589\" height=\"446\" srcset=\"https:\/\/senoticias.com.br\/se\/wp-content\/uploads\/2024\/03\/POLICIA-CIVIL-SENOTICIAS-2.jpg 589w, https:\/\/senoticias.com.br\/se\/wp-content\/uploads\/2024\/03\/POLICIA-CIVIL-SENOTICIAS-2-300x227.jpg 300w, https:\/\/senoticias.com.br\/se\/wp-content\/uploads\/2024\/03\/POLICIA-CIVIL-SENOTICIAS-2-45x35.jpg 45w\" sizes=\"(max-width: 589px) 100vw, 589px\" \/><\/a><p id=\"caption-attachment-141728\" class=\"wp-caption-text\">O caso foi investigado ap\u00f3s o recebimento de den\u00fancias an\u00f4nimas &#8211; Foto: arquivo\/SSP\/SE<\/p><\/div>\n<p>A Pol\u00edcia Civil destaca a relev\u00e2ncia das den\u00fancias an\u00f4nimas no combate a crimes contra concession\u00e1rias de servi\u00e7os p\u00fablicos, refor\u00e7ando a import\u00e2ncia da coopera\u00e7\u00e3o entre a Pol\u00edcia Civil e a Pol\u00edcia Cient\u00edfica para a efic\u00e1cia das opera\u00e7\u00f5es. Segundo o delegado, esse tipo de pr\u00e1tica criminosa compromete a seguran\u00e7a e a qualidade dos servi\u00e7os oferecidos \u00e0 popula\u00e7\u00e3o, gerando preju\u00edzos para a popula\u00e7\u00e3o sergipana.<\/p>\n<p><strong><em>Acompanhe tamb\u00e9m o SE Not\u00edcias no\u00a0<a href=\"https:\/\/www.instagram.com\/senoticias\/\" target=\"_blank\" rel=\"noreferrer noopener\">Instagram<\/a><\/em><\/strong>,\u00a0<strong><em>\u00a0<a href=\"https:\/\/www.facebook.com\/senoticias1\" target=\"_blank\" rel=\"noreferrer noopener\">Facebook<\/a>\u00a0e\u00a0no<\/em>\u00a0<em><a href=\"https:\/\/twitter.com\/Senoticias\">X<\/a><\/em><\/strong><\/p>\n<p>Fonte: Ascom\/SSP\/SE<\/p>\n","protected":false},"excerpt":{"rendered":"<p>Em uma a\u00e7\u00e3o conjunta entre a Pol\u00edcia Cient\u00edfica de Sergipe e a Delegacia Especializada de Repress\u00e3o a Crimes Contra Concession\u00e1rias de Servi\u00e7o P\u00fablico (DRCSP) foi preso nessa quarta-feira, 6, o propriet\u00e1rio de uma cl\u00ednica de odontologia no centro comercial da capital. O empres\u00e1rio foi autuado em flagrante, acusado de envolvimento em uma liga\u00e7\u00e3o clandestina de [&hellip;]<\/p>\n","protected":false},"author":6557,"featured_media":143771,"comment_status":"closed","ping_status":"closed","sticky":false,"template":"","format":"standard","meta":{"footnotes":""},"categories":[15,7],"tags":[42576,78,42577],"class_list":{"0":"post-144959","1":"post","2":"type-post","3":"status-publish","4":"format-standard","5":"has-post-thumbnail","7":"category-destaques","8":"category-policia","9":"tag-clinica-de-odontologica","10":"tag-policia-civil","11":"tag-proprietario-de-clinica"},"_links":{"self":[{"href":"https:\/\/senoticias.com.br\/se\/wp-json\/wp\/v2\/posts\/144959"}],"collection":[{"href":"https:\/\/senoticias.com.br\/se\/wp-json\/wp\/v2\/posts"}],"about":[{"href":"https:\/\/senoticias.com.br\/se\/wp-json\/wp\/v2\/types\/post"}],"author":[{"embeddable":true,"href":"https:\/\/senoticias.com.br\/se\/wp-json\/wp\/v2\/users\/6557"}],"replies":[{"embeddable":true,"href":"https:\/\/senoticias.com.br\/se\/wp-json\/wp\/v2\/comments?post=144959"}],"version-history":[{"count":0,"href":"https:\/\/senoticias.com.br\/se\/wp-json\/wp\/v2\/posts\/144959\/revisions"}],"wp:featuredmedia":[{"embeddable":true,"href":"https:\/\/senoticias.com.br\/se\/wp-json\/wp\/v2\/media\/143771"}],"wp:attachment":[{"href":"https:\/\/senoticias.com.br\/se\/wp-json\/wp\/v2\/media?parent=144959"}],"wp:term":[{"taxonomy":"category","embeddable":true,"href":"https:\/\/senoticias.com.br\/se\/wp-json\/wp\/v2\/categories?post=144959"},{"taxonomy":"post_tag","embeddable":true,"href":"https:\/\/senoticias.com.br\/se\/wp-json\/wp\/v2\/tags?post=144959"}],"curies":[{"name":"wp","href":"https:\/\/api.w.org\/{rel}","templated":true}]}}