{"id":144944,"date":"2024-11-07T10:41:30","date_gmt":"2024-11-07T13:41:30","guid":{"rendered":"https:\/\/senoticias.com.br\/se\/?p=144944"},"modified":"2024-11-07T15:15:41","modified_gmt":"2024-11-07T18:15:41","slug":"operacao-da-policia-militar-localiza-grupo-criminoso-investigado-por-trafico-de-drogas-e-posse-ilegal-de-arma-em-nossa-senhora-das-dores","status":"publish","type":"post","link":"https:\/\/senoticias.com.br\/se\/operacao-da-policia-militar-localiza-grupo-criminoso-investigado-por-trafico-de-drogas-e-posse-ilegal-de-arma-em-nossa-senhora-das-dores\/","title":{"rendered":"Batalh\u00e3o da Caatinga localiza grupo criminoso investigado por tr\u00e1fico de drogas e posse ilegal de arma; dois suspeitos morrem em confronto"},"content":{"rendered":"<p class=\"p1\"><span class=\"s1\">Equipes do Batalh\u00e3o de Pol\u00edcia da Caatinga (BPCaatinga) localizou um grupo criminoso suspeito de tr\u00e1fico de drogas e posse ilegal de armas em uma opera\u00e7\u00e3o na Rota do Sert\u00e3o, em Sergipe. A a\u00e7\u00e3o, planejada ap\u00f3s a coleta de informa\u00e7\u00f5es sobre o deslocamento do grupo, foi realizada em cumprimento a mandados de pris\u00e3o expedidos pela Delegacia Regional de Nossa Senhora das Dores. A a\u00e7\u00e3o policial ocorreu nessa quarta-feira, 6.<\/span><\/p>\n<div id=\"attachment_144945\" style=\"width: 609px\" class=\"wp-caption aligncenter\"><a href=\"https:\/\/senoticias.com.br\/se\/wp-content\/uploads\/2024\/11\/IMG_0353-e1730986832985.jpeg\"><img loading=\"lazy\" decoding=\"async\" aria-describedby=\"caption-attachment-144945\" class=\"size-full wp-image-144945\" src=\"https:\/\/senoticias.com.br\/se\/wp-content\/uploads\/2024\/11\/IMG_0353-e1730986832985.jpeg\" alt=\"\" width=\"599\" height=\"638\" \/><\/a><p id=\"caption-attachment-144945\" class=\"wp-caption-text\">A opera\u00e7\u00e3o resultou na apreens\u00e3o de tr\u00eas armas de fogo, uma com cada suspeito &#8211; Foto: SSP\/SE<\/p><\/div>\n<p class=\"p1\"><span class=\"s1\">Segundo as informa\u00e7\u00f5es policiais, por volta das 22h dessa quarta-feira, os policiais identificaram o ve\u00edculo onde estavam os suspeitos. Ao tentarem a abordagem, os policiais foram surpreendidos quando os ocupantes do carro abandonaram o ve\u00edculo e come\u00e7aram a atirar contra os militares.\u00a0<\/span><\/p>\n<p class=\"p1\"><span class=\"s1\">Em confronto, dois suspeitos foram atingidos, socorridos ao hospital, mas n\u00e3o resistiram aos ferimentos e vieram a \u00f3bito.\u00a0<\/span><\/p>\n<p class=\"p1\"><span class=\"s1\">Durante o atendimento m\u00e9dico dos suspeitos feridos, os policiais receberam novas informa\u00e7\u00f5es indicando que um terceiro integrante do grupo estava tentando roubar um ve\u00edculo para fugir. O homem foi localizado, mas tamb\u00e9m reagiu \u00e0 abordagem, foi atingido, socorro, mas n\u00e3o resistiu.\u00a0<\/span><\/p>\n<p class=\"p1\"><span class=\"s1\">A opera\u00e7\u00e3o resultou na apreens\u00e3o de tr\u00eas armas de fogo, uma com cada suspeito, e na descoberta de um tablete de aproximadamente um quilo de maconha no interior do ve\u00edculo de modelo Virtus, utilizado pelo grupo criminoso.<\/span><\/p>\n<p class=\"p1\"><span class=\"s1\">Ainda segundo as informa\u00e7\u00f5es policiais, as investiga\u00e7\u00f5es apontam que o grupo estava em deslocamento com o material para atividades il\u00edcitas na regi\u00e3o. Todo o material apreendido foi encaminhado \u00e0 Delegacia Regional de Nossa Senhora das Dores para a continuidade das investiga\u00e7\u00f5es, que buscam esclarecer a extens\u00e3o das atividades criminosas e identificar outros poss\u00edveis envolvidos.\u00a0<\/span><\/p>\n<p><strong><em>Acompanhe tamb\u00e9m o SE Not\u00edcias no\u00a0<a href=\"https:\/\/www.instagram.com\/senoticias\/\" target=\"_blank\" rel=\"noreferrer noopener\">Instagram<\/a><\/em><\/strong>,\u00a0<strong><em>\u00a0<a href=\"https:\/\/www.facebook.com\/senoticias1\" target=\"_blank\" rel=\"noreferrer noopener\">Facebook<\/a>\u00a0e\u00a0no<\/em>\u00a0<em><a href=\"https:\/\/twitter.com\/Senoticias\">X<\/a><\/em><\/strong><\/p>\n<p>Fonte: SSP \/ SE<\/p>\n","protected":false},"excerpt":{"rendered":"<p>Equipes do Batalh\u00e3o de Pol\u00edcia da Caatinga (BPCaatinga) localizou um grupo criminoso suspeito de tr\u00e1fico de drogas e posse ilegal de armas em uma opera\u00e7\u00e3o na Rota do Sert\u00e3o, em Sergipe. A a\u00e7\u00e3o, planejada ap\u00f3s a coleta de informa\u00e7\u00f5es sobre o deslocamento do grupo, foi realizada em cumprimento a mandados de pris\u00e3o expedidos pela Delegacia [&hellip;]<\/p>\n","protected":false},"author":6557,"featured_media":144945,"comment_status":"closed","ping_status":"closed","sticky":false,"template":"","format":"standard","meta":{"footnotes":""},"categories":[15,7],"tags":[38106,86,3175],"class_list":{"0":"post-144944","1":"post","2":"type-post","3":"status-publish","4":"format-standard","5":"has-post-thumbnail","7":"category-destaques","8":"category-policia","9":"tag-bpcaatinga","10":"tag-policia-militar","11":"tag-trafico-de-drogas"},"_links":{"self":[{"href":"https:\/\/senoticias.com.br\/se\/wp-json\/wp\/v2\/posts\/144944"}],"collection":[{"href":"https:\/\/senoticias.com.br\/se\/wp-json\/wp\/v2\/posts"}],"about":[{"href":"https:\/\/senoticias.com.br\/se\/wp-json\/wp\/v2\/types\/post"}],"author":[{"embeddable":true,"href":"https:\/\/senoticias.com.br\/se\/wp-json\/wp\/v2\/users\/6557"}],"replies":[{"embeddable":true,"href":"https:\/\/senoticias.com.br\/se\/wp-json\/wp\/v2\/comments?post=144944"}],"version-history":[{"count":0,"href":"https:\/\/senoticias.com.br\/se\/wp-json\/wp\/v2\/posts\/144944\/revisions"}],"wp:featuredmedia":[{"embeddable":true,"href":"https:\/\/senoticias.com.br\/se\/wp-json\/wp\/v2\/media\/144945"}],"wp:attachment":[{"href":"https:\/\/senoticias.com.br\/se\/wp-json\/wp\/v2\/media?parent=144944"}],"wp:term":[{"taxonomy":"category","embeddable":true,"href":"https:\/\/senoticias.com.br\/se\/wp-json\/wp\/v2\/categories?post=144944"},{"taxonomy":"post_tag","embeddable":true,"href":"https:\/\/senoticias.com.br\/se\/wp-json\/wp\/v2\/tags?post=144944"}],"curies":[{"name":"wp","href":"https:\/\/api.w.org\/{rel}","templated":true}]}}