{"id":144940,"date":"2024-11-07T10:13:11","date_gmt":"2024-11-07T13:13:11","guid":{"rendered":"https:\/\/senoticias.com.br\/se\/?p=144940"},"modified":"2024-11-07T18:51:43","modified_gmt":"2024-11-07T21:51:43","slug":"diabetes-tipo-2-tratamentos-complementares-podem-auxiliar-na-remissao-da-doenca","status":"publish","type":"post","link":"https:\/\/senoticias.com.br\/se\/diabetes-tipo-2-tratamentos-complementares-podem-auxiliar-na-remissao-da-doenca\/","title":{"rendered":"Diabetes Tipo 2: tratamentos complementares podem auxiliar na remiss\u00e3o da doen\u00e7a"},"content":{"rendered":"<p>Novembro \u00e9 um m\u00eas importante para campanhas de preven\u00e7\u00e3o e conscientiza\u00e7\u00e3o sobre problemas de sa\u00fade, entre eles a diabetes, que tem se destacado como um problema de sa\u00fade p\u00fablica. De acordo com o Atlas do Diabetes da Federa\u00e7\u00e3o Internacional de Diabetes (IDF), o Brasil \u00e9 o 5\u00ba pa\u00eds em incid\u00eancia da doen\u00e7a, com 16,8 milh\u00f5es de adultos diagnosticados, atr\u00e1s apenas de China, \u00cdndia, Estados Unidos e Paquist\u00e3o. Estima-se que, at\u00e9 2030, esse n\u00famero possa chegar a 21,5 milh\u00f5es. Esse aumento \u00e9 amplamente atribu\u00eddo ao diabetes tipo 2, impulsionado por fatores como obesidade, dietas inadequadas e falta de atividade f\u00edsica.<\/p>\n<div id=\"attachment_144941\" style=\"width: 550px\" class=\"wp-caption aligncenter\"><a href=\"https:\/\/senoticias.com.br\/se\/wp-content\/uploads\/2024\/11\/IMG_0351.jpeg\"><img loading=\"lazy\" decoding=\"async\" aria-describedby=\"caption-attachment-144941\" class=\"size-full wp-image-144941\" src=\"https:\/\/senoticias.com.br\/se\/wp-content\/uploads\/2024\/11\/IMG_0351.jpeg\" alt=\"\" width=\"540\" height=\"360\" srcset=\"https:\/\/senoticias.com.br\/se\/wp-content\/uploads\/2024\/11\/IMG_0351.jpeg 540w, https:\/\/senoticias.com.br\/se\/wp-content\/uploads\/2024\/11\/IMG_0351-300x200.jpeg 300w, https:\/\/senoticias.com.br\/se\/wp-content\/uploads\/2024\/11\/IMG_0351-90x60.jpeg 90w, https:\/\/senoticias.com.br\/se\/wp-content\/uploads\/2024\/11\/IMG_0351-180x120.jpeg 180w, https:\/\/senoticias.com.br\/se\/wp-content\/uploads\/2024\/11\/IMG_0351-95x64.jpeg 95w\" sizes=\"(max-width: 540px) 100vw, 540px\" \/><\/a><p id=\"caption-attachment-144941\" class=\"wp-caption-text\">Dr. Matheus Almeida, biom\u00e9dico da unidade de Aracaju da cl\u00ednica Dr. DM2 Diabetes &#8211; Foto: ascom\/divulga\u00e7\u00e3o<\/p><\/div>\n<p>O diabetes tipo 2 \u00e9 a forma mais comum da doen\u00e7a, caracterizada por altos n\u00edveis de glicose no sangue ou hiperglicemia. Essa condi\u00e7\u00e3o ocorre devido \u00e0 resist\u00eancia do corpo \u00e0 insulina ou \u00e0 produ\u00e7\u00e3o insuficiente do horm\u00f4nio pelo p\u00e2ncreas. Embora muitos especialistas considerem essa doen\u00e7a incur\u00e1vel, novas pesquisas indicam que mudan\u00e7as de h\u00e1bitos, dentre outros, podem ajudar a reverter a condi\u00e7\u00e3o em algumas pessoas.<\/p>\n<p>Com base em estudos recentes, v\u00e1rias cl\u00ednicas, como a Dr. DM2 Diabetes, est\u00e3o oferecendo tratamentos que visam a revers\u00e3o do diabetes tipo 2 e a normaliza\u00e7\u00e3o dos n\u00edveis de glicemia. Essas abordagens incluem uma equipe multidisciplinar terapias integrativas e um acompanhamento minucioso semanal, que envolve an\u00e1lise de exames laboratoriais e cl\u00ednicos, al\u00e9m de monitoramento da evolu\u00e7\u00e3o por meio de testes de Volume de Oxig\u00eanio M\u00e1ximo (VO2).<\/p>\n<p>\u201cA revers\u00e3o da diabetes \u00e9 documentada h\u00e1 bastante tempo, com ampla refer\u00eancia em livros, estudos e artigos cient\u00edficos. Todo o trabalho que realizamos \u00e9 fundamentado em pesquisas cient\u00edficas e na literatura m\u00e9dica\u201d, explica o Dr. Matheus Almeida, biom\u00e9dico da unidade de Aracaju da cl\u00ednica Dr. DM2 Diabetes, que se especializa no tratamento de diabetes tipo 2 e pr\u00e9-diabetes.<\/p>\n<p>Tratamento<\/p>\n<p>Na cl\u00ednica Dr. DM2 Diabetes, a principal meta do tratamento \u00e9 a remiss\u00e3o da doen\u00e7a. Os protocolos t\u00eam uma dura\u00e7\u00e3o m\u00e9dia de 12 semanas e incluem para procedimentos para desinflama\u00e7\u00e3o, aumento da imunidade, da oxigena\u00e7\u00e3o e circula\u00e7\u00e3o sangu\u00ednea, entre outros. Durante esse per\u00edodo, os pacientes recebem acompanhamento semanal e orienta\u00e7\u00f5es sobre a melhor alimenta\u00e7\u00e3o para recuperar a sa\u00fade metab\u00f3lica e manter o controle da glicemia.<\/p>\n<p>\u201cA revers\u00e3o \u00e9 monitorada por exames espec\u00edficos ao longo de 90 dias. Antes de iniciar o tratamento, realizamos exames de sangue detalhados para personalizar o protocolo. Ao longo do tratamento, fazemos uma avalia\u00e7\u00e3o inicial, uma avalia\u00e7\u00e3o intermedi\u00e1ria para ajustar conforme a resposta do organismo e, ao final, um exame para confirmar a revers\u00e3o\u201d, detalha Almeida.<\/p>\n<p>Ele destaca que o tratamento oferecido na cl\u00ednica complementa o tratamento m\u00e9dico tradicional, com foco na reeduca\u00e7\u00e3o alimentar e mudan\u00e7as de h\u00e1bitos. \u201cAo iniciar o tratamento, o paciente recebe um acompanhamento cuidadoso, essencial para o controle da diabetes tipo 2. \u00c0 medida que o metabolismo se restabelece e as taxas se normalizam, o m\u00e9dico pode reavaliar a necessidade de manuten\u00e7\u00e3o da medica\u00e7\u00e3o\u201d, conclui.<\/p>\n<p>Sobre a Dr. DM2 Diabetes<\/p>\n<p>A Dr. DM2 Diabetes \u00e9 uma rede especializada no tratamento de diabetes tipo 2 e pr\u00e9-diabetes 2, que tem como prop\u00f3sito devolver qualidade de vida e esperan\u00e7a aos portadores da doen\u00e7a. A cl\u00ednica tem como miss\u00e3o ser fonte de esperan\u00e7a para o diab\u00e9tico, prestar um atendimento com excel\u00eancia e melhorar a qualidade de vida dos clientes por meio de recursos humanos, cient\u00edficos e pr\u00e1ticas integrativas.<\/p>\n<p>A rede de franquias est\u00e1 presente em 10 estados do Brasil e \u00e9 refer\u00eancia nesse segmento, com uma abordagem que visa n\u00e3o s\u00f3 controlar a doen\u00e7a, mas alcan\u00e7ar a remiss\u00e3o em muitos casos, sem o uso de medicamentos, apenas com terapias naturais e orienta\u00e7\u00f5es alimentares personalizadas. Comandada pelos empres\u00e1rios Anderson Ara\u00fajo e Viviane Lins, a unidade Aracaju \u00e9 a primeira em uma capital no nordeste e est\u00e1 localizada na Rua Arau\u00e1, n\u00b0 882, bairro S\u00e3o Jos\u00e9. Mais informa\u00e7\u00f5es podem ser obtidas pelo site doutordm2diabetes.com.br e no perfil da unidade Aracaju nas redes sociais (@doutordm2diabetesaracaju).<\/p>\n<p><strong><em>Acompanhe tamb\u00e9m o SE Not\u00edcias no\u00a0<a href=\"https:\/\/www.instagram.com\/senoticias\/\" target=\"_blank\" rel=\"noreferrer noopener\">Instagram<\/a><\/em><\/strong>,\u00a0<strong><em>\u00a0<a href=\"https:\/\/www.facebook.com\/senoticias1\" target=\"_blank\" rel=\"noreferrer noopener\">Facebook<\/a>\u00a0e\u00a0no<\/em>\u00a0<em><a href=\"https:\/\/twitter.com\/Senoticias\">X<\/a><\/em><\/strong><\/p>\n<p>&nbsp;<\/p>\n<p>Da Assessoria de Imprensa<\/p>\n","protected":false},"excerpt":{"rendered":"<p>Novembro \u00e9 um m\u00eas importante para campanhas de preven\u00e7\u00e3o e conscientiza\u00e7\u00e3o sobre problemas de sa\u00fade, entre eles a diabetes, que tem se destacado como um problema de sa\u00fade p\u00fablica. De acordo com o Atlas do Diabetes da Federa\u00e7\u00e3o Internacional de Diabetes (IDF), o Brasil \u00e9 o 5\u00ba pa\u00eds em incid\u00eancia da doen\u00e7a, com 16,8 milh\u00f5es [&hellip;]<\/p>\n","protected":false},"author":6557,"featured_media":0,"comment_status":"closed","ping_status":"closed","sticky":false,"template":"","format":"standard","meta":{"footnotes":""},"categories":[15,20],"tags":[3631,42578],"class_list":{"0":"post-144940","1":"post","2":"type-post","3":"status-publish","4":"format-standard","6":"category-destaques","7":"category-saude","8":"tag-diabetes","9":"tag-diabetes-tipo-2"},"_links":{"self":[{"href":"https:\/\/senoticias.com.br\/se\/wp-json\/wp\/v2\/posts\/144940"}],"collection":[{"href":"https:\/\/senoticias.com.br\/se\/wp-json\/wp\/v2\/posts"}],"about":[{"href":"https:\/\/senoticias.com.br\/se\/wp-json\/wp\/v2\/types\/post"}],"author":[{"embeddable":true,"href":"https:\/\/senoticias.com.br\/se\/wp-json\/wp\/v2\/users\/6557"}],"replies":[{"embeddable":true,"href":"https:\/\/senoticias.com.br\/se\/wp-json\/wp\/v2\/comments?post=144940"}],"version-history":[{"count":0,"href":"https:\/\/senoticias.com.br\/se\/wp-json\/wp\/v2\/posts\/144940\/revisions"}],"wp:attachment":[{"href":"https:\/\/senoticias.com.br\/se\/wp-json\/wp\/v2\/media?parent=144940"}],"wp:term":[{"taxonomy":"category","embeddable":true,"href":"https:\/\/senoticias.com.br\/se\/wp-json\/wp\/v2\/categories?post=144940"},{"taxonomy":"post_tag","embeddable":true,"href":"https:\/\/senoticias.com.br\/se\/wp-json\/wp\/v2\/tags?post=144940"}],"curies":[{"name":"wp","href":"https:\/\/api.w.org\/{rel}","templated":true}]}}