{"id":144931,"date":"2024-11-06T17:37:37","date_gmt":"2024-11-06T20:37:37","guid":{"rendered":"https:\/\/senoticias.com.br\/se\/?p=144931"},"modified":"2024-11-06T17:48:50","modified_gmt":"2024-11-06T20:48:50","slug":"presidente-lula-sanciona-lei-que-indeniza-agentes-de-saude-por-uso-de-transporte-proprio-para-trabalho","status":"publish","type":"post","link":"https:\/\/senoticias.com.br\/se\/presidente-lula-sanciona-lei-que-indeniza-agentes-de-saude-por-uso-de-transporte-proprio-para-trabalho\/","title":{"rendered":"Presidente Lula sanciona lei que indeniza agentes de sa\u00fade por uso de transporte pr\u00f3prio para trabalho"},"content":{"rendered":"<p>O presidente Luiz In\u00e1cio Lula da Silva sancionou nesta quarta-feira (6\/11) a lei que prev\u00ea indeniza\u00e7\u00e3o a agentes comunit\u00e1rios de sa\u00fade e de combate a endemias que usam ve\u00edculo pr\u00f3prio para trabalho. O texto, cuja tramita\u00e7\u00e3o no Congresso Nacional foi conclu\u00edda no in\u00edcio de julho, foi sancionado sem vetos pelo petista. A cerim\u00f4nia no Pal\u00e1cio do Planalto contou com a presen\u00e7a dos ministros N\u00edsia Trindade (Sa\u00fade), Alexandre Padilha (Rela\u00e7\u00f5es Institucionais) e M\u00e1rcio Mac\u00eado (Secretaria-Geral), al\u00e9m de parlamentares, prefeitos e profissionais da sa\u00fade.<\/p>\n<div id=\"attachment_144932\" style=\"width: 482px\" class=\"wp-caption aligncenter\"><a href=\"https:\/\/senoticias.com.br\/se\/wp-content\/uploads\/2024\/11\/Presidente-Lula-SE-Noticias.png\"><img loading=\"lazy\" decoding=\"async\" aria-describedby=\"caption-attachment-144932\" class=\"size-full wp-image-144932\" src=\"https:\/\/senoticias.com.br\/se\/wp-content\/uploads\/2024\/11\/Presidente-Lula-SE-Noticias.png\" alt=\"\" width=\"472\" height=\"294\" srcset=\"https:\/\/senoticias.com.br\/se\/wp-content\/uploads\/2024\/11\/Presidente-Lula-SE-Noticias.png 472w, https:\/\/senoticias.com.br\/se\/wp-content\/uploads\/2024\/11\/Presidente-Lula-SE-Noticias-300x187.png 300w, https:\/\/senoticias.com.br\/se\/wp-content\/uploads\/2024\/11\/Presidente-Lula-SE-Noticias-120x76.png 120w, https:\/\/senoticias.com.br\/se\/wp-content\/uploads\/2024\/11\/Presidente-Lula-SE-Noticias-308x192.png 308w\" sizes=\"(max-width: 472px) 100vw, 472px\" \/><\/a><p id=\"caption-attachment-144932\" class=\"wp-caption-text\">Lula assinou texto em cerim\u00f4nia no Planalto &#8211; Foto: Ricardo Stuckert\/Presid\u00eancia da Rep\u00fablica<\/p><\/div>\n<p>A lei, de 2019, altera uma legisla\u00e7\u00e3o de 2006, que j\u00e1 garantia o pagamento do transporte do servidor em servi\u00e7o pelos entes federativos. O texto, no entanto, n\u00e3o citava a possibilidade de indeniza\u00e7\u00e3o pelo uso de ve\u00edculo pr\u00f3prio, situa\u00e7\u00e3o inclu\u00edda pela nova lei.<\/p>\n<p>A \u00faltima an\u00e1lise do texto foi feita pela C\u00e2mara dos Deputados, onde o projeto tramitou em car\u00e1ter conclusivo nas comiss\u00f5es de Seguridade Social e Fam\u00edlia; de Finan\u00e7as e Tributa\u00e7\u00e3o; e de Constitui\u00e7\u00e3o e Justi\u00e7a e de Cidadania. A proposta recebeu o aval do Senado em 2021.<\/p>\n<p>Os agentes comunit\u00e1rios de sa\u00fade visitam resid\u00eancias e comunidades e atuam na preven\u00e7\u00e3o de doen\u00e7as. Eles fazem busca ativa por cidad\u00e3os com sinais ou sintomas de doen\u00e7as agudas ou cr\u00f4nicas, segundo as determina\u00e7\u00f5es do SUS (Sistema \u00danico de Sa\u00fade).<\/p>\n<p>Os agentes de combate a endemias trabalham na preven\u00e7\u00e3o, vigil\u00e2ncia e controle de enfermidades. Esses profissionais constroem a\u00e7\u00f5es educativas, apontam casos suspeitos, divulgam informa\u00e7\u00f5es e adotam medidas de controle dos transmissores de doen\u00e7as.<\/p>\n<p><strong><em>Acompanhe tamb\u00e9m o SE Not\u00edcias no\u00a0<a href=\"https:\/\/www.instagram.com\/senoticias\/\" target=\"_blank\" rel=\"noreferrer noopener\">Instagram<\/a><\/em><\/strong>,\u00a0<strong><em>\u00a0<a href=\"https:\/\/www.facebook.com\/senoticias1\" target=\"_blank\" rel=\"noreferrer noopener\">Facebook<\/a>\u00a0e\u00a0no<\/em>\u00a0<em><a href=\"https:\/\/twitter.com\/Senoticias\">X<\/a><\/em><\/strong><\/p>\n<p>Fonte: R7.com<\/p>\n","protected":false},"excerpt":{"rendered":"<p>O presidente Luiz In\u00e1cio Lula da Silva sancionou nesta quarta-feira (6\/11) a lei que prev\u00ea indeniza\u00e7\u00e3o a agentes comunit\u00e1rios de sa\u00fade e de combate a endemias que usam ve\u00edculo pr\u00f3prio para trabalho. O texto, cuja tramita\u00e7\u00e3o no Congresso Nacional foi conclu\u00edda no in\u00edcio de julho, foi sancionado sem vetos pelo petista. A cerim\u00f4nia no Pal\u00e1cio [&hellip;]<\/p>\n","protected":false},"author":6557,"featured_media":144932,"comment_status":"closed","ping_status":"closed","sticky":false,"template":"","format":"standard","meta":{"footnotes":""},"categories":[15,6],"tags":[418,90,38105,42567],"class_list":{"0":"post-144931","1":"post","2":"type-post","3":"status-publish","4":"format-standard","5":"has-post-thumbnail","7":"category-destaques","8":"category-politica","9":"tag-agentes-de-saude","10":"tag-lula","11":"tag-presidente-lula","12":"tag-presidente-lula-sanciona-lei"},"_links":{"self":[{"href":"https:\/\/senoticias.com.br\/se\/wp-json\/wp\/v2\/posts\/144931"}],"collection":[{"href":"https:\/\/senoticias.com.br\/se\/wp-json\/wp\/v2\/posts"}],"about":[{"href":"https:\/\/senoticias.com.br\/se\/wp-json\/wp\/v2\/types\/post"}],"author":[{"embeddable":true,"href":"https:\/\/senoticias.com.br\/se\/wp-json\/wp\/v2\/users\/6557"}],"replies":[{"embeddable":true,"href":"https:\/\/senoticias.com.br\/se\/wp-json\/wp\/v2\/comments?post=144931"}],"version-history":[{"count":0,"href":"https:\/\/senoticias.com.br\/se\/wp-json\/wp\/v2\/posts\/144931\/revisions"}],"wp:featuredmedia":[{"embeddable":true,"href":"https:\/\/senoticias.com.br\/se\/wp-json\/wp\/v2\/media\/144932"}],"wp:attachment":[{"href":"https:\/\/senoticias.com.br\/se\/wp-json\/wp\/v2\/media?parent=144931"}],"wp:term":[{"taxonomy":"category","embeddable":true,"href":"https:\/\/senoticias.com.br\/se\/wp-json\/wp\/v2\/categories?post=144931"},{"taxonomy":"post_tag","embeddable":true,"href":"https:\/\/senoticias.com.br\/se\/wp-json\/wp\/v2\/tags?post=144931"}],"curies":[{"name":"wp","href":"https:\/\/api.w.org\/{rel}","templated":true}]}}