{"id":144891,"date":"2024-11-05T11:59:03","date_gmt":"2024-11-05T14:59:03","guid":{"rendered":"https:\/\/senoticias.com.br\/se\/?p=144891"},"modified":"2024-11-05T11:59:03","modified_gmt":"2024-11-05T14:59:03","slug":"policia-civil-prende-homem-investigado-por-roubos-a-motoristas-por-aplicativo-na-grande-aracaju","status":"publish","type":"post","link":"https:\/\/senoticias.com.br\/se\/policia-civil-prende-homem-investigado-por-roubos-a-motoristas-por-aplicativo-na-grande-aracaju\/","title":{"rendered":"Pol\u00edcia Civil prende homem investigado por roubos a motoristas por aplicativo na Grande Aracaju"},"content":{"rendered":"<p>Foi deflagrada a segunda fase da Opera\u00e7\u00e3o Mangabeiras que resultou na pris\u00e3o de um homem investigado por integrar um grupo criminoso respons\u00e1vel por diversos roubos contra motoristas por aplicativos na Regi\u00e3o Metropolitana de Aracaju. A investiga\u00e7\u00e3o \u00e9 conduzida pela Divis\u00e3o de Roubos e Furtos de Ve\u00edculos (DRFV), e a a\u00e7\u00e3o policial contou com o aux\u00edlio da Divis\u00e3o de Intelig\u00eancia (Dipol), da Pol\u00edcia Civil de Sergipe, e tamb\u00e9m do Departamento de Intelig\u00eancia Policial (DIP), da Pol\u00edcia Civil da Bahia. A pris\u00e3o ocorreu nessa segunda-feira, 4, e foi divulgada nesta ter\u00e7a-feira, 5.<\/p>\n<div id=\"attachment_144892\" style=\"width: 577px\" class=\"wp-caption aligncenter\"><a href=\"https:\/\/senoticias.com.br\/se\/wp-content\/uploads\/2024\/11\/Furtos-se-noticias.jpg\"><img loading=\"lazy\" decoding=\"async\" aria-describedby=\"caption-attachment-144892\" class=\"size-full wp-image-144892\" src=\"https:\/\/senoticias.com.br\/se\/wp-content\/uploads\/2024\/11\/Furtos-se-noticias.jpg\" alt=\"\" width=\"567\" height=\"409\" srcset=\"https:\/\/senoticias.com.br\/se\/wp-content\/uploads\/2024\/11\/Furtos-se-noticias.jpg 567w, https:\/\/senoticias.com.br\/se\/wp-content\/uploads\/2024\/11\/Furtos-se-noticias-300x216.jpg 300w, https:\/\/senoticias.com.br\/se\/wp-content\/uploads\/2024\/11\/Furtos-se-noticias-278x202.jpg 278w, https:\/\/senoticias.com.br\/se\/wp-content\/uploads\/2024\/11\/Furtos-se-noticias-373x270.jpg 373w, https:\/\/senoticias.com.br\/se\/wp-content\/uploads\/2024\/11\/Furtos-se-noticias-475x342.jpg 475w\" sizes=\"(max-width: 567px) 100vw, 567px\" \/><\/a><p id=\"caption-attachment-144892\" class=\"wp-caption-text\"><br \/>Pris\u00e3o ocorreu em torno de investiga\u00e7\u00e3o que j\u00e1 resultou na pris\u00e3o de uma mulher integrante do grupo criminoso &#8211; Foto: ascom\/SSP\/SE<\/p><\/div>\n<p>De acordo com a delegada Michele Ara\u00fajo, o embarque acontecia na localidade Mangabeiras, em Nossa Senhora do Socorro, e o roubo era anunciado pelos investigados em S\u00e3o Crist\u00f3v\u00e3o. \u201cEram quatro autores, sendo dois homens e duas mulheres\u201d, contextualizou a delegada respons\u00e1vel pela investiga\u00e7\u00e3o.<\/p>\n<p>Com a apura\u00e7\u00e3o policial que mapeou a atua\u00e7\u00e3o do grupo e resultou na identifica\u00e7\u00e3o dos investigados, foi deflagrada a primeira fase da opera\u00e7\u00e3o, que aconteceu na semana passada. \u201cQuando foi presa uma mulher, identificada como participante dos roubos\u201d, especificou Michele Ara\u00fajo.<\/p>\n<p>Em continuidade \u00e0 opera\u00e7\u00e3o, um homem identificado como integrante do grupo n\u00e3o apresentou documento e informou dados de outra pessoa. \u201cAp\u00f3s a colabora\u00e7\u00e3o dos setores de intelig\u00eancia das pol\u00edcias civis de Sergipe e da Bahia, foi poss\u00edvel identific\u00e1-lo e verificarmos um mandado de pris\u00e3o em aberto na Bahia por crime de roubo em lot\u00e9rica\u201d, revelou a delegada.<\/p>\n<p>Apesar de possuir mandado de pris\u00e3o pela Bahia, o investigado identificado na opera\u00e7\u00e3o j\u00e1 estava vivendo em Sergipe h\u00e1 cerca de um ano. No momento da pris\u00e3o, foi apreendido um celular. \u201cE ele \u00e9 suspeito da pr\u00e1tica de outros roubos cometidos na regi\u00e3o da Grande Aracaju\u201d, complementou a delegada Michele Ara\u00fajo, integrante da DRFV.<\/p>\n<p>A Pol\u00edcia Civil solicita que informa\u00e7\u00f5es e den\u00fancias sobre crimes e suspeitos de a\u00e7\u00f5es criminosas sejam repassadas \u00e0 pol\u00edcia por meio do <strong>Disque-Den\u00fancia, no telefone 181<\/strong>. O sigilo do denunciante \u00e9 garantido.<\/p>\n<p><strong><em>Acompanhe tamb\u00e9m o SE Not\u00edcias no\u00a0<a href=\"https:\/\/www.instagram.com\/senoticias\/\" target=\"_blank\" rel=\"noreferrer noopener\">Instagram<\/a><\/em><\/strong>,\u00a0<strong><em>\u00a0<a href=\"https:\/\/www.facebook.com\/senoticias1\" target=\"_blank\" rel=\"noreferrer noopener\">Facebook<\/a>\u00a0e\u00a0no<\/em>\u00a0<em><a href=\"https:\/\/twitter.com\/Senoticias\">X<\/a><\/em><\/strong><\/p>\n<p>Fonte: SSP\/SE<\/p>\n<p>&nbsp;<\/p>\n","protected":false},"excerpt":{"rendered":"<p>Foi deflagrada a segunda fase da Opera\u00e7\u00e3o Mangabeiras que resultou na pris\u00e3o de um homem investigado por integrar um grupo criminoso respons\u00e1vel por diversos roubos contra motoristas por aplicativos na Regi\u00e3o Metropolitana de Aracaju. A investiga\u00e7\u00e3o \u00e9 conduzida pela Divis\u00e3o de Roubos e Furtos de Ve\u00edculos (DRFV), e a a\u00e7\u00e3o policial contou com o aux\u00edlio [&hellip;]<\/p>\n","protected":false},"author":6557,"featured_media":144892,"comment_status":"closed","ping_status":"closed","sticky":false,"template":"","format":"standard","meta":{"footnotes":""},"categories":[15,7],"tags":[7901,42555,42554,78],"class_list":{"0":"post-144891","1":"post","2":"type-post","3":"status-publish","4":"format-standard","5":"has-post-thumbnail","7":"category-destaques","8":"category-policia","9":"tag-grupo-criminoso","10":"tag-motoristas-por-aplicativo","11":"tag-operacao-mangabeiras","12":"tag-policia-civil"},"_links":{"self":[{"href":"https:\/\/senoticias.com.br\/se\/wp-json\/wp\/v2\/posts\/144891"}],"collection":[{"href":"https:\/\/senoticias.com.br\/se\/wp-json\/wp\/v2\/posts"}],"about":[{"href":"https:\/\/senoticias.com.br\/se\/wp-json\/wp\/v2\/types\/post"}],"author":[{"embeddable":true,"href":"https:\/\/senoticias.com.br\/se\/wp-json\/wp\/v2\/users\/6557"}],"replies":[{"embeddable":true,"href":"https:\/\/senoticias.com.br\/se\/wp-json\/wp\/v2\/comments?post=144891"}],"version-history":[{"count":0,"href":"https:\/\/senoticias.com.br\/se\/wp-json\/wp\/v2\/posts\/144891\/revisions"}],"wp:featuredmedia":[{"embeddable":true,"href":"https:\/\/senoticias.com.br\/se\/wp-json\/wp\/v2\/media\/144892"}],"wp:attachment":[{"href":"https:\/\/senoticias.com.br\/se\/wp-json\/wp\/v2\/media?parent=144891"}],"wp:term":[{"taxonomy":"category","embeddable":true,"href":"https:\/\/senoticias.com.br\/se\/wp-json\/wp\/v2\/categories?post=144891"},{"taxonomy":"post_tag","embeddable":true,"href":"https:\/\/senoticias.com.br\/se\/wp-json\/wp\/v2\/tags?post=144891"}],"curies":[{"name":"wp","href":"https:\/\/api.w.org\/{rel}","templated":true}]}}