{"id":144889,"date":"2024-11-05T07:35:05","date_gmt":"2024-11-05T10:35:05","guid":{"rendered":"https:\/\/senoticias.com.br\/se\/?p=144889"},"modified":"2024-11-05T07:35:31","modified_gmt":"2024-11-05T10:35:31","slug":"ufs-investiga-autodeclaracao-de-pretos-ou-pardos","status":"publish","type":"post","link":"https:\/\/senoticias.com.br\/se\/ufs-investiga-autodeclaracao-de-pretos-ou-pardos\/","title":{"rendered":"Universidade Federal de Sergipe investiga autodeclara\u00e7\u00e3o de pretos ou pardos"},"content":{"rendered":"<p>A Pr\u00f3-reitoria de Gradua\u00e7\u00e3o da Universidade Federal de Sergipe (Prograd\/UFS) divulgou um edital de convoca\u00e7\u00e3o extraordin\u00e1ria para apura\u00e7\u00e3o de den\u00fancias de poss\u00edveis irregularidades na autodeclara\u00e7\u00e3o de pretos ou pardos. Tal convoca\u00e7\u00e3o ocorreu ap\u00f3s a UFS ter recebido den\u00fancias sobre fraudes. Os convocados devem ser submetidos \u00e0 an\u00e1lise presencial da Comiss\u00e3o de Heteridentifica\u00e7\u00e3o, que efetua o procedimento complementar \u00e0 autodeclara\u00e7\u00e3o apresentada no ato da Matr\u00edcula Institucional.<\/p>\n<div id=\"attachment_139705\" style=\"width: 605px\" class=\"wp-caption aligncenter\"><a href=\"https:\/\/senoticias.com.br\/se\/wp-content\/uploads\/2023\/10\/UFS-SE-Noticias.jpg\"><img loading=\"lazy\" decoding=\"async\" aria-describedby=\"caption-attachment-139705\" class=\"size-full wp-image-139705\" src=\"https:\/\/senoticias.com.br\/se\/wp-content\/uploads\/2023\/10\/UFS-SE-Noticias.jpg\" alt=\"\" width=\"595\" height=\"432\" srcset=\"https:\/\/senoticias.com.br\/se\/wp-content\/uploads\/2023\/10\/UFS-SE-Noticias.jpg 595w, https:\/\/senoticias.com.br\/se\/wp-content\/uploads\/2023\/10\/UFS-SE-Noticias-300x218.jpg 300w, https:\/\/senoticias.com.br\/se\/wp-content\/uploads\/2023\/10\/UFS-SE-Noticias-278x202.jpg 278w, https:\/\/senoticias.com.br\/se\/wp-content\/uploads\/2023\/10\/UFS-SE-Noticias-373x270.jpg 373w\" sizes=\"(max-width: 595px) 100vw, 595px\" \/><\/a><p id=\"caption-attachment-139705\" class=\"wp-caption-text\">UFS investiga autodeclara\u00e7\u00e3o &#8211; Foto: arquivo\/SE Not\u00edcias<\/p><\/div>\n<p>Os estudantes convocados dever\u00e3o comparecer presencialmente no pr\u00f3ximo dia 21, na sala 103 da Did\u00e1tica 7 do campus de S\u00e3o Crist\u00f3v\u00e3o, para a realiza\u00e7\u00e3o do procedimento. A Comiss\u00e3o de Heteroidentifica\u00e7\u00e3o complementar considera \u00fanica e exclusivamente o crit\u00e9rio fenot\u00edpico para aferi\u00e7\u00e3o. O resultado da an\u00e1lise ser\u00e1 publicado at\u00e9 o pr\u00f3ximo dia 22. Ser\u00e1 poss\u00edvel interpor recurso uma \u00fanica vez, entre os dias 23 e 25 do mesmo m\u00eas.<\/p>\n<p>\u00c9 importante ressaltar que o resultado dos procedimentos disciplinados neste edital poder\u00e3o ensejar o cancelamento das matr\u00edculas dos(as) discentes que n\u00e3o obtiverem a valida\u00e7\u00e3o de sua autodeclara\u00e7\u00e3o, pois ser\u00e3o considerados ind\u00edcios de fraudes \u00e0s cotas raciais e encaminhados ao Minist\u00e9rio P\u00fablico Federal (PRDC\/SE) para ado\u00e7\u00e3o das provid\u00eancias cab\u00edveis (a\u00e7\u00e3o civil para anula\u00e7\u00e3o de matr\u00edcula e investiga\u00e7\u00e3o criminal, se cab\u00edveis).<\/p>\n<p><strong>Recomenda\u00e7\u00f5es aos convocados<\/strong><\/p>\n<p>\u00c9 recomendado que o(a) aluno(a) compare\u00e7a ao local com os cabelos naturais, sem a utiliza\u00e7\u00e3o de qualquer tipo de maquiagem, \u00f3culos (escuros ou de grau), adornos ou acess\u00f3rios na cabe\u00e7a, tais como bon\u00e9, chap\u00e9u, len\u00e7o, burca, gorro, turbante, tran\u00e7as, dreads ou qualquer outro adere\u00e7o; O(a) aluno(a) autodeclarado(a) preto(a) ou pardo(a) menor de 18 (dezoito) anos, quando convocado(a), dever\u00e1 se apresentar \u00e0 Comiss\u00e3o de Heteroidentifica\u00e7\u00e3o acompanhado(a) do(a) respons\u00e1vel; O(a) aluno(a) que n\u00e3o comparecer ou recusar a realiza\u00e7\u00e3o da filmagem do procedimento para fins de aferi\u00e7\u00e3o complementar da heteroidentifica\u00e7\u00e3o, ser\u00e1 objeto de inqu\u00e9rito do Minist\u00e9rio P\u00fablico Federal (PRDC\/SE) para ado\u00e7\u00e3o das provid\u00eancias cab\u00edveis (a\u00e7\u00e3o civil para anula\u00e7\u00e3o de matr\u00edcula e investiga\u00e7\u00e3o criminal, se cab\u00edveis).<\/p>\n<p><strong><em>Acompanhe tamb\u00e9m o SE Not\u00edcias no\u00a0<a href=\"https:\/\/www.instagram.com\/senoticias\/\" target=\"_blank\" rel=\"noreferrer noopener\">Instagram<\/a><\/em><\/strong>,\u00a0<strong><em>\u00a0<a href=\"https:\/\/www.facebook.com\/senoticias1\" target=\"_blank\" rel=\"noreferrer noopener\">Facebook<\/a>\u00a0e\u00a0no<\/em>\u00a0<em><a href=\"https:\/\/twitter.com\/Senoticias\">X<\/a><\/em><\/strong><\/p>\n<p>Fonte: Ascom UFS<\/p>\n<p>&nbsp;<\/p>\n","protected":false},"excerpt":{"rendered":"<p>A Pr\u00f3-reitoria de Gradua\u00e7\u00e3o da Universidade Federal de Sergipe (Prograd\/UFS) divulgou um edital de convoca\u00e7\u00e3o extraordin\u00e1ria para apura\u00e7\u00e3o de den\u00fancias de poss\u00edveis irregularidades na autodeclara\u00e7\u00e3o de pretos ou pardos. Tal convoca\u00e7\u00e3o ocorreu ap\u00f3s a UFS ter recebido den\u00fancias sobre fraudes. Os convocados devem ser submetidos \u00e0 an\u00e1lise presencial da Comiss\u00e3o de Heteridentifica\u00e7\u00e3o, que efetua o [&hellip;]<\/p>\n","protected":false},"author":6557,"featured_media":139705,"comment_status":"closed","ping_status":"closed","sticky":false,"template":"","format":"standard","meta":{"footnotes":""},"categories":[15,6],"tags":[42553,42552,2299,6719],"class_list":{"0":"post-144889","1":"post","2":"type-post","3":"status-publish","4":"format-standard","5":"has-post-thumbnail","7":"category-destaques","8":"category-politica","9":"tag-pardos","10":"tag-pretos","11":"tag-ufs","12":"tag-universidade-federal-de-sergipe"},"_links":{"self":[{"href":"https:\/\/senoticias.com.br\/se\/wp-json\/wp\/v2\/posts\/144889"}],"collection":[{"href":"https:\/\/senoticias.com.br\/se\/wp-json\/wp\/v2\/posts"}],"about":[{"href":"https:\/\/senoticias.com.br\/se\/wp-json\/wp\/v2\/types\/post"}],"author":[{"embeddable":true,"href":"https:\/\/senoticias.com.br\/se\/wp-json\/wp\/v2\/users\/6557"}],"replies":[{"embeddable":true,"href":"https:\/\/senoticias.com.br\/se\/wp-json\/wp\/v2\/comments?post=144889"}],"version-history":[{"count":0,"href":"https:\/\/senoticias.com.br\/se\/wp-json\/wp\/v2\/posts\/144889\/revisions"}],"wp:featuredmedia":[{"embeddable":true,"href":"https:\/\/senoticias.com.br\/se\/wp-json\/wp\/v2\/media\/139705"}],"wp:attachment":[{"href":"https:\/\/senoticias.com.br\/se\/wp-json\/wp\/v2\/media?parent=144889"}],"wp:term":[{"taxonomy":"category","embeddable":true,"href":"https:\/\/senoticias.com.br\/se\/wp-json\/wp\/v2\/categories?post=144889"},{"taxonomy":"post_tag","embeddable":true,"href":"https:\/\/senoticias.com.br\/se\/wp-json\/wp\/v2\/tags?post=144889"}],"curies":[{"name":"wp","href":"https:\/\/api.w.org\/{rel}","templated":true}]}}