{"id":144885,"date":"2024-11-04T20:09:24","date_gmt":"2024-11-04T23:09:24","guid":{"rendered":"https:\/\/senoticias.com.br\/se\/?p=144885"},"modified":"2024-11-04T20:30:00","modified_gmt":"2024-11-04T23:30:00","slug":"seguro-obrigatorio-para-protecao-de-vitimas-de-acidentes-de-transito-em-sergipe-sera-pago-junto-com-ipva-e-licenciamento-anual","status":"publish","type":"post","link":"https:\/\/senoticias.com.br\/se\/seguro-obrigatorio-para-protecao-de-vitimas-de-acidentes-de-transito-em-sergipe-sera-pago-junto-com-ipva-e-licenciamento-anual\/","title":{"rendered":"Seguro Obrigat\u00f3rio para Prote\u00e7\u00e3o de V\u00edtimas de Acidentes de Tr\u00e2nsito em Sergipe ser\u00e1 pago junto com IPVA e licenciamento anual"},"content":{"rendered":"<p>A partir de janeiro de 2025, propriet\u00e1rios de ve\u00edculos automotores de todo o pa\u00eds voltar\u00e3o a pagar o Seguro Obrigat\u00f3rio para Prote\u00e7\u00e3o de V\u00edtimas de Acidentes de Tr\u00e2nsito (SPVAT), anteriormente chamado de Danos Pessoais por Ve\u00edculos Automotores Terrestres (DPVAT). O seguro \u00e9 obrigat\u00f3rio e institu\u00eddo no Brasil pela Lei n\u00ba 6.194, de 19 de dezembro de 1974, para a cobertura de danos pessoais causados por ve\u00edculos automotores de vias terrestres, ou por sua carga, a pessoas transportadas ou n\u00e3o, incluindo motorista, passageiro ou pedestre. O objetivo \u00e9 amparar de forma universal as v\u00edtimas de sinistros de tr\u00e2nsito, em todo territ\u00f3rio brasileiro.<\/p>\n<div id=\"attachment_141379\" style=\"width: 609px\" class=\"wp-caption aligncenter\"><a href=\"https:\/\/senoticias.com.br\/se\/wp-content\/uploads\/2024\/03\/Joao-bebe-Agua-se-noticias-e1709559391658.jpg\"><img loading=\"lazy\" decoding=\"async\" aria-describedby=\"caption-attachment-141379\" class=\"size-full wp-image-141379\" src=\"https:\/\/senoticias.com.br\/se\/wp-content\/uploads\/2024\/03\/Joao-bebe-Agua-se-noticias-e1709559391658.jpg\" alt=\"\" width=\"599\" height=\"450\" \/><\/a><p id=\"caption-attachment-141379\" class=\"wp-caption-text\"><br \/>SPVAT em Sergipe ser\u00e1 pago junto com IPVA e licenciamento anual &#8211; Foto: arquivo\/BPTran.<\/p><\/div>\n<p>Em Sergipe, o seguro SPVAT ser\u00e1 cobrado no Documento \u00danico de arrecada\u00e7\u00e3o (DUA), juntamente com o Imposto sobre a Propriedade de Ve\u00edculos Automotores (IPVA) e taxa de licenciamento anual, seguindo o calend\u00e1rio de pagamento anual de termina\u00e7\u00e3o de placas.<\/p>\n<p>Segundo o gerente do Registro Nacional de Carteira de Habilita\u00e7\u00e3o (Renach) e Registro Nacional de Ve\u00edculos Automotores (Renavam) do Departamento Estadual de Tr\u00e2nsito de Sergipe (Detran-SE), Ricardo Ribeiro, a cobran\u00e7a do SPVAT foi extinta h\u00e1 4 anos, mas as indeniza\u00e7\u00f5es continuaram sendo pagas. \u201cMesmo com a extin\u00e7\u00e3o da cobran\u00e7a, as v\u00edtimas de acidente de tr\u00e2nsito continuaram fazendo jus \u00e0s indeniza\u00e7\u00f5es e, em novembro de 2023, o dinheiro depositado no fundo, acabou, ent\u00e3o se fez necess\u00e1rio a retomada desse imposto na condi\u00e7\u00e3o de assegurar a prote\u00e7\u00e3o \u00e0s v\u00edtimas de tr\u00e2nsito\u201d, explica.<\/p>\n<p>A Lei Complementar n\u00ba 207\/2024 aprovada no Congresso Nacional, que instituiu a retomada do pagamento do pr\u00eamio do seguro, possibilitou que os Estados firmassem conv\u00eanio com a Caixa Econ\u00f4mica Federal, gestora do SPVAT, para ser pago em conjunto com o IPVA e taxa de licenciamento dos ve\u00edculos.<\/p>\n<p>Os propriet\u00e1rios de ve\u00edculos de estados que optarem por n\u00e3o conveniar com a Caixa, ter\u00e3o que pagar pelos meios disponibilizados por aquela institui\u00e7\u00e3o e os propriet\u00e1rios de ve\u00edculos precisam ficar atentos, pois o n\u00e3o pagamento pode impedir o licenciamento anual do ve\u00edculo.<\/p>\n<p><strong>Sobre o imposto<\/strong><\/p>\n<p>O SPVAT cobre os casos de morte com indeniza\u00e7\u00e3o para os familiares da v\u00edtima, invalidez permanente, total ou parcial, despesas m\u00e9dicas, hospitalares e odontol\u00f3gicas e servi\u00e7os funcion\u00e1rios.<\/p>\n<p>Atualmente, os pedidos de indeniza\u00e7\u00e3o do seguro SPVAT devem ser feitos atrav\u00e9s do aplicativo oficial ou em uma ag\u00eancia Caixa, onde \u00e9 poss\u00edvel consultar os documentos necess\u00e1rios para a inscri\u00e7\u00e3o no SPVAT e tirar todas as d\u00favidas sobre como receber o seguro.<\/p>\n<p><strong><em>Acompanhe tamb\u00e9m o SE Not\u00edcias no\u00a0<a href=\"https:\/\/www.instagram.com\/senoticias\/\" target=\"_blank\" rel=\"noreferrer noopener\">Instagram<\/a><\/em><\/strong>,\u00a0<strong><em>\u00a0<a href=\"https:\/\/www.facebook.com\/senoticias1\" target=\"_blank\" rel=\"noreferrer noopener\">Facebook<\/a>\u00a0e\u00a0no<\/em>\u00a0<em><a href=\"https:\/\/twitter.com\/Senoticias\">X<\/a><\/em><\/strong><\/p>\n<p>Fonte: Ag\u00eancia Sergipe de Not\u00edcias<\/p>\n","protected":false},"excerpt":{"rendered":"<p>A partir de janeiro de 2025, propriet\u00e1rios de ve\u00edculos automotores de todo o pa\u00eds voltar\u00e3o a pagar o Seguro Obrigat\u00f3rio para Prote\u00e7\u00e3o de V\u00edtimas de Acidentes de Tr\u00e2nsito (SPVAT), anteriormente chamado de Danos Pessoais por Ve\u00edculos Automotores Terrestres (DPVAT). O seguro \u00e9 obrigat\u00f3rio e institu\u00eddo no Brasil pela Lei n\u00ba 6.194, de 19 de dezembro [&hellip;]<\/p>\n","protected":false},"author":6557,"featured_media":106954,"comment_status":"closed","ping_status":"closed","sticky":false,"template":"","format":"standard","meta":{"footnotes":""},"categories":[15,38],"tags":[8283,1828,41576,42551],"class_list":{"0":"post-144885","1":"post","2":"type-post","3":"status-publish","4":"format-standard","5":"has-post-thumbnail","7":"category-destaques","8":"category-municipios","9":"tag-acidentes-de-transito","10":"tag-detran","11":"tag-seguro-obrigatorio","12":"tag-spvat"},"_links":{"self":[{"href":"https:\/\/senoticias.com.br\/se\/wp-json\/wp\/v2\/posts\/144885"}],"collection":[{"href":"https:\/\/senoticias.com.br\/se\/wp-json\/wp\/v2\/posts"}],"about":[{"href":"https:\/\/senoticias.com.br\/se\/wp-json\/wp\/v2\/types\/post"}],"author":[{"embeddable":true,"href":"https:\/\/senoticias.com.br\/se\/wp-json\/wp\/v2\/users\/6557"}],"replies":[{"embeddable":true,"href":"https:\/\/senoticias.com.br\/se\/wp-json\/wp\/v2\/comments?post=144885"}],"version-history":[{"count":0,"href":"https:\/\/senoticias.com.br\/se\/wp-json\/wp\/v2\/posts\/144885\/revisions"}],"wp:featuredmedia":[{"embeddable":true,"href":"https:\/\/senoticias.com.br\/se\/wp-json\/wp\/v2\/media\/106954"}],"wp:attachment":[{"href":"https:\/\/senoticias.com.br\/se\/wp-json\/wp\/v2\/media?parent=144885"}],"wp:term":[{"taxonomy":"category","embeddable":true,"href":"https:\/\/senoticias.com.br\/se\/wp-json\/wp\/v2\/categories?post=144885"},{"taxonomy":"post_tag","embeddable":true,"href":"https:\/\/senoticias.com.br\/se\/wp-json\/wp\/v2\/tags?post=144885"}],"curies":[{"name":"wp","href":"https:\/\/api.w.org\/{rel}","templated":true}]}}