{"id":144883,"date":"2024-11-04T18:09:15","date_gmt":"2024-11-04T21:09:15","guid":{"rendered":"https:\/\/senoticias.com.br\/se\/?p=144883"},"modified":"2024-11-04T18:12:29","modified_gmt":"2024-11-04T21:12:29","slug":"policia-civil-prende-homem-e-mulher-suspeitos-de-subtrair-criancas-de-residencia-em-aracaju","status":"publish","type":"post","link":"https:\/\/senoticias.com.br\/se\/policia-civil-prende-homem-e-mulher-suspeitos-de-subtrair-criancas-de-residencia-em-aracaju\/","title":{"rendered":"Pol\u00edcia Civil prende homem e mulher suspeitos de subtrair crian\u00e7as de resid\u00eancia em Aracaju"},"content":{"rendered":"<p>Equipe de plant\u00e3o no Departamento de Atendimento a Grupos Vulner\u00e1veis (DAGV), com o apoio da Divis\u00e3o de Intelig\u00eancia (Dipol) prendeu um homem e uma mulher suspeitos dos crimes de subtra\u00e7\u00e3o de incapaz e tentativa de homic\u00eddio. A mulher \u00e9 m\u00e3e biol\u00f3gica de duas crian\u00e7as e as levou da resid\u00eancia da m\u00e3e adotiva. O fato ocorreu na \u00faltima sexta-feira, 1\u00ba.<\/p>\n<div id=\"attachment_141728\" style=\"width: 599px\" class=\"wp-caption aligncenter\"><a href=\"https:\/\/senoticias.com.br\/se\/wp-content\/uploads\/2024\/03\/POLICIA-CIVIL-SENOTICIAS-2.jpg\"><img loading=\"lazy\" decoding=\"async\" aria-describedby=\"caption-attachment-141728\" class=\"size-full wp-image-141728\" src=\"https:\/\/senoticias.com.br\/se\/wp-content\/uploads\/2024\/03\/POLICIA-CIVIL-SENOTICIAS-2.jpg\" alt=\"\" width=\"589\" height=\"446\" srcset=\"https:\/\/senoticias.com.br\/se\/wp-content\/uploads\/2024\/03\/POLICIA-CIVIL-SENOTICIAS-2.jpg 589w, https:\/\/senoticias.com.br\/se\/wp-content\/uploads\/2024\/03\/POLICIA-CIVIL-SENOTICIAS-2-300x227.jpg 300w, https:\/\/senoticias.com.br\/se\/wp-content\/uploads\/2024\/03\/POLICIA-CIVIL-SENOTICIAS-2-45x35.jpg 45w\" sizes=\"(max-width: 589px) 100vw, 589px\" \/><\/a><p id=\"caption-attachment-141728\" class=\"wp-caption-text\"><br \/>Mulher presa \u00e9 a m\u00e3e biol\u00f3gica, que invadiu im\u00f3vel da m\u00e3e adotiva. Presos ainda tentaram contra a vida da m\u00e3e adotiva das crian\u00e7as &#8211; Foto: arquivo\/SSP\/SE<\/p><\/div>\n<p>De acordo com as informa\u00e7\u00f5es policiais, uma mulher que \u00e9 m\u00e3e adotiva &#8211; com guarda provis\u00f3ria &#8211; de duas crian\u00e7as foi surpreendida com tr\u00eas pessoas que arrombaram o port\u00e3o da resid\u00eancia. Duas das pessoas que invadiram o im\u00f3vel estavam armadas com facas.<\/p>\n<p>Diante de amea\u00e7a e agress\u00e3o f\u00edsica que envolveu tentativa de homic\u00eddio contra a m\u00e3e adotiva das crian\u00e7as, as duas crian\u00e7as foram levadas da resid\u00eancia. A investiga\u00e7\u00e3o identificou que a mulher que entrou no im\u00f3vel e levou as crian\u00e7as \u00e9 a m\u00e3e biol\u00f3gica.<\/p>\n<p>Ap\u00f3s dilig\u00eancias, o homem e a mulher &#8211; m\u00e3e biol\u00f3gica das crian\u00e7as &#8211; suspeitos do crime foram encontrados e presos em flagrante. As duas crian\u00e7as foram encontradas e j\u00e1 foram entregues \u00e0 m\u00e3e adotiva.<\/p>\n<p><strong><em>Acompanhe tamb\u00e9m o SE Not\u00edcias no\u00a0<a href=\"https:\/\/www.instagram.com\/senoticias\/\" target=\"_blank\" rel=\"noreferrer noopener\">Instagram<\/a><\/em><\/strong>,\u00a0<strong><em>\u00a0<a href=\"https:\/\/www.facebook.com\/senoticias1\" target=\"_blank\" rel=\"noreferrer noopener\">Facebook<\/a>\u00a0e\u00a0no<\/em>\u00a0<em><a href=\"https:\/\/twitter.com\/Senoticias\">X<\/a><\/em><\/strong><\/p>\n<p>Fonte: SSP\/SE<\/p>\n","protected":false},"excerpt":{"rendered":"<p>Equipe de plant\u00e3o no Departamento de Atendimento a Grupos Vulner\u00e1veis (DAGV), com o apoio da Divis\u00e3o de Intelig\u00eancia (Dipol) prendeu um homem e uma mulher suspeitos dos crimes de subtra\u00e7\u00e3o de incapaz e tentativa de homic\u00eddio. A mulher \u00e9 m\u00e3e biol\u00f3gica de duas crian\u00e7as e as levou da resid\u00eancia da m\u00e3e adotiva. O fato ocorreu [&hellip;]<\/p>\n","protected":false},"author":6557,"featured_media":141728,"comment_status":"closed","ping_status":"closed","sticky":false,"template":"","format":"standard","meta":{"footnotes":""},"categories":[15,7,1],"tags":[],"class_list":{"0":"post-144883","1":"post","2":"type-post","3":"status-publish","4":"format-standard","5":"has-post-thumbnail","7":"category-destaques","8":"category-policia","9":"category-sem-categoria"},"_links":{"self":[{"href":"https:\/\/senoticias.com.br\/se\/wp-json\/wp\/v2\/posts\/144883"}],"collection":[{"href":"https:\/\/senoticias.com.br\/se\/wp-json\/wp\/v2\/posts"}],"about":[{"href":"https:\/\/senoticias.com.br\/se\/wp-json\/wp\/v2\/types\/post"}],"author":[{"embeddable":true,"href":"https:\/\/senoticias.com.br\/se\/wp-json\/wp\/v2\/users\/6557"}],"replies":[{"embeddable":true,"href":"https:\/\/senoticias.com.br\/se\/wp-json\/wp\/v2\/comments?post=144883"}],"version-history":[{"count":0,"href":"https:\/\/senoticias.com.br\/se\/wp-json\/wp\/v2\/posts\/144883\/revisions"}],"wp:featuredmedia":[{"embeddable":true,"href":"https:\/\/senoticias.com.br\/se\/wp-json\/wp\/v2\/media\/141728"}],"wp:attachment":[{"href":"https:\/\/senoticias.com.br\/se\/wp-json\/wp\/v2\/media?parent=144883"}],"wp:term":[{"taxonomy":"category","embeddable":true,"href":"https:\/\/senoticias.com.br\/se\/wp-json\/wp\/v2\/categories?post=144883"},{"taxonomy":"post_tag","embeddable":true,"href":"https:\/\/senoticias.com.br\/se\/wp-json\/wp\/v2\/tags?post=144883"}],"curies":[{"name":"wp","href":"https:\/\/api.w.org\/{rel}","templated":true}]}}