{"id":144817,"date":"2024-10-30T11:36:01","date_gmt":"2024-10-30T14:36:01","guid":{"rendered":"https:\/\/senoticias.com.br\/se\/?p=144817"},"modified":"2024-10-30T11:39:42","modified_gmt":"2024-10-30T14:39:42","slug":"deputado-paulo-junior-cobra-providencias-urgentes-para-abastecimento-de-agua-no-grande-rosa-elze","status":"publish","type":"post","link":"https:\/\/senoticias.com.br\/se\/deputado-paulo-junior-cobra-providencias-urgentes-para-abastecimento-de-agua-no-grande-rosa-elze\/","title":{"rendered":"Deputado Paulo J\u00fanior cobra provid\u00eancias urgentes para abastecimento de \u00e1gua no Grande Rosa Elze"},"content":{"rendered":"<p>Durante a sess\u00e3o plen\u00e1ria desta ter\u00e7a-feira (29) da Assembleia Legislativa o Estado de Sergipe (Alese), o deputado estadual Paulo J\u00fanior (PV), falou sobre a falta d\u2019\u00e1gua em comunidades localizadas no munic\u00edpio de S\u00e3o Crist\u00f3v\u00e3o, regi\u00e3o da Grande Aracaju.<\/p>\n<p>\u201cVenho recebendo in\u00fameras reclama\u00e7\u00f5es de moradores do bairro Eduardo Gomes, conjunto Vilas de S\u00e3o Crist\u00f3v\u00e3o, bairro Madre Paulina, bairro Tijuquinha e lotamemento Rosa do Oeste, que est\u00e3o h\u00e1 tr\u00eas semanas sofrendo com a falta de abastecimento de \u00e1gua. Solicito a Companhia de Saneamento de Sergipe (Deso) para sanar este problema\u201d, enfatizou o deputado Paulo J\u00fanior.<\/p>\n<div id=\"attachment_144818\" style=\"width: 575px\" class=\"wp-caption aligncenter\"><a href=\"https:\/\/senoticias.com.br\/se\/wp-content\/uploads\/2024\/10\/Deputado-Paulo-Junior-SE-Noticias-1.jpeg\"><img loading=\"lazy\" decoding=\"async\" aria-describedby=\"caption-attachment-144818\" class=\"size-full wp-image-144818\" src=\"https:\/\/senoticias.com.br\/se\/wp-content\/uploads\/2024\/10\/Deputado-Paulo-Junior-SE-Noticias-1.jpeg\" alt=\"\" width=\"565\" height=\"409\" srcset=\"https:\/\/senoticias.com.br\/se\/wp-content\/uploads\/2024\/10\/Deputado-Paulo-Junior-SE-Noticias-1.jpeg 565w, https:\/\/senoticias.com.br\/se\/wp-content\/uploads\/2024\/10\/Deputado-Paulo-Junior-SE-Noticias-1-300x217.jpeg 300w, https:\/\/senoticias.com.br\/se\/wp-content\/uploads\/2024\/10\/Deputado-Paulo-Junior-SE-Noticias-1-278x202.jpeg 278w, https:\/\/senoticias.com.br\/se\/wp-content\/uploads\/2024\/10\/Deputado-Paulo-Junior-SE-Noticias-1-373x270.jpeg 373w\" sizes=\"(max-width: 565px) 100vw, 565px\" \/><\/a><p id=\"caption-attachment-144818\" class=\"wp-caption-text\">Deputado Paulo J\u00fanior cobra solu\u00e7\u00f5es sobre a distribui\u00e7\u00e3o de \u00e1gua no Grande Rosa Elze &#8211; Foto: Jadilson Sim\u00f5es\/Alese<\/p><\/div>\n<p>O parlamentar destacou que a popula\u00e7\u00e3o n\u00e3o consegue obter informa\u00e7\u00f5es precisas sobre o reestabelecimento do fornecimento de \u00e1gua. \u201c A popula\u00e7\u00e3o precisa saber. S\u00e3o eles quem pagam as faturas todos os meses. Pedimos a diretoria da Deso que preste informa\u00e7\u00f5es e tamb\u00e9m resolvam esta problem\u00e1tica\u201d, falou.<\/p>\n<p>Na ocasi\u00e3o, Paulo J\u00fanior tamb\u00e9m pediu uma melhor manuten\u00e7\u00e3o da esta\u00e7\u00e3o de tratamento de \u00e1gua localizada em S\u00e3o Crist\u00f3v\u00e3o. \u201c Pe\u00e7o \u00e0 Deso, a limpeza dos Taludes, bem como, como as limpezas e conserva\u00e7\u00e3o da esta\u00e7\u00e3o de tratamento biol\u00f3gico\u201d, finalizou.<\/p>\n<p><strong><em>Acompanhe tamb\u00e9m o SE Not\u00edcias no\u00a0<a href=\"https:\/\/www.instagram.com\/senoticias\/\" target=\"_blank\" rel=\"noreferrer noopener\">Instagram<\/a><\/em><\/strong>,\u00a0<strong><em>\u00a0<a href=\"https:\/\/www.facebook.com\/senoticias1\" target=\"_blank\" rel=\"noreferrer noopener\">Facebook<\/a>\u00a0e\u00a0no<\/em>\u00a0<em><a href=\"https:\/\/twitter.com\/Senoticias\">X<\/a><\/em><\/strong><\/p>\n<p>Reda\u00e7\u00e3o, com informa\u00e7\u00f5es da Ag\u00eancia Alese de Not\u00edcias<\/p>\n","protected":false},"excerpt":{"rendered":"<p>Durante a sess\u00e3o plen\u00e1ria desta ter\u00e7a-feira (29) da Assembleia Legislativa o Estado de Sergipe (Alese), o deputado estadual Paulo J\u00fanior (PV), falou sobre a falta d\u2019\u00e1gua em comunidades localizadas no munic\u00edpio de S\u00e3o Crist\u00f3v\u00e3o, regi\u00e3o da Grande Aracaju. \u201cVenho recebendo in\u00fameras reclama\u00e7\u00f5es de moradores do bairro Eduardo Gomes, conjunto Vilas de S\u00e3o Crist\u00f3v\u00e3o, bairro Madre [&hellip;]<\/p>\n","protected":false},"author":6557,"featured_media":144818,"comment_status":"closed","ping_status":"closed","sticky":false,"template":"","format":"standard","meta":{"footnotes":""},"categories":[15,38],"tags":[6674,38152,208,42520],"class_list":{"0":"post-144817","1":"post","2":"type-post","3":"status-publish","4":"format-standard","5":"has-post-thumbnail","7":"category-destaques","8":"category-municipios","9":"tag-abastecimento-de-agua","10":"tag-deputado-paulo-junior","11":"tag-deso","12":"tag-falta-dagua"},"_links":{"self":[{"href":"https:\/\/senoticias.com.br\/se\/wp-json\/wp\/v2\/posts\/144817"}],"collection":[{"href":"https:\/\/senoticias.com.br\/se\/wp-json\/wp\/v2\/posts"}],"about":[{"href":"https:\/\/senoticias.com.br\/se\/wp-json\/wp\/v2\/types\/post"}],"author":[{"embeddable":true,"href":"https:\/\/senoticias.com.br\/se\/wp-json\/wp\/v2\/users\/6557"}],"replies":[{"embeddable":true,"href":"https:\/\/senoticias.com.br\/se\/wp-json\/wp\/v2\/comments?post=144817"}],"version-history":[{"count":0,"href":"https:\/\/senoticias.com.br\/se\/wp-json\/wp\/v2\/posts\/144817\/revisions"}],"wp:featuredmedia":[{"embeddable":true,"href":"https:\/\/senoticias.com.br\/se\/wp-json\/wp\/v2\/media\/144818"}],"wp:attachment":[{"href":"https:\/\/senoticias.com.br\/se\/wp-json\/wp\/v2\/media?parent=144817"}],"wp:term":[{"taxonomy":"category","embeddable":true,"href":"https:\/\/senoticias.com.br\/se\/wp-json\/wp\/v2\/categories?post=144817"},{"taxonomy":"post_tag","embeddable":true,"href":"https:\/\/senoticias.com.br\/se\/wp-json\/wp\/v2\/tags?post=144817"}],"curies":[{"name":"wp","href":"https:\/\/api.w.org\/{rel}","templated":true}]}}