{"id":144803,"date":"2024-10-29T15:31:29","date_gmt":"2024-10-29T18:31:29","guid":{"rendered":"https:\/\/senoticias.com.br\/se\/?p=144803"},"modified":"2024-10-29T15:31:57","modified_gmt":"2024-10-29T18:31:57","slug":"emilia-correa-retorna-a-camara-e-celebra-vitoria-como-primeira-prefeita-eleita-de-aracaju","status":"publish","type":"post","link":"https:\/\/senoticias.com.br\/se\/emilia-correa-retorna-a-camara-e-celebra-vitoria-como-primeira-prefeita-eleita-de-aracaju\/","title":{"rendered":"Em\u00edlia Corr\u00eaa retorna \u00e0 C\u00e2mara e celebra vit\u00f3ria como primeira prefeita eleita de Aracaju"},"content":{"rendered":"<p>Ap\u00f3s cerca de 70 dias de intensa campanha eleitoral, a prefeita eleita Em\u00edlia Corr\u00eaa (PL), retornou \u00e0 C\u00e2mara Municipal na manh\u00e3 desta ter\u00e7a-feira, 29, onde ir\u00e1 cumprir o mandato de vereadora at\u00e9 o fim do ano.<\/p>\n<p>Durante a sess\u00e3o, Em\u00edlia foi calorosamente recebida por eleitores, servidores e colegas, com quem fez quest\u00e3o de interagir antes de subir \u00e0 tribuna para um discurso emocionado.<\/p>\n<p>Em sua fala, Em\u00edlia refor\u00e7ou o compromisso com a representatividade que seu mandato carrega, destacando que sua vit\u00f3ria n\u00e3o \u00e9 apenas pessoal, mas representa o anseio popular de mudan\u00e7a. \u201cEu subo nessa tribuna honrada e reconhecida pelo povo, n\u00e3o foi a Em\u00edlia, foi o povo de Aracaju. Essa casa, realmente, representa muito, e voc\u00eas, colegas vereadores, saibam da import\u00e2ncia que vossas excel\u00eancias t\u00eam para uma capital, para o munic\u00edpio. Essa elei\u00e7\u00e3o, e outras que vir\u00e3o, acabaram reconhecendo o valor do trabalho feito aqui na C\u00e2mara\u201d, afirmou, ressaltando a import\u00e2ncia do trabalho legislativo para a sociedade.<\/p>\n<div id=\"attachment_144804\" style=\"width: 598px\" class=\"wp-caption aligncenter\"><a href=\"https:\/\/senoticias.com.br\/se\/wp-content\/uploads\/2024\/10\/Emeilia-na-Camara-se-noticias.jpg\"><img loading=\"lazy\" decoding=\"async\" aria-describedby=\"caption-attachment-144804\" class=\"size-full wp-image-144804\" src=\"https:\/\/senoticias.com.br\/se\/wp-content\/uploads\/2024\/10\/Emeilia-na-Camara-se-noticias.jpg\" alt=\"\" width=\"588\" height=\"392\" srcset=\"https:\/\/senoticias.com.br\/se\/wp-content\/uploads\/2024\/10\/Emeilia-na-Camara-se-noticias.jpg 588w, https:\/\/senoticias.com.br\/se\/wp-content\/uploads\/2024\/10\/Emeilia-na-Camara-se-noticias-300x200.jpg 300w, https:\/\/senoticias.com.br\/se\/wp-content\/uploads\/2024\/10\/Emeilia-na-Camara-se-noticias-90x60.jpg 90w, https:\/\/senoticias.com.br\/se\/wp-content\/uploads\/2024\/10\/Emeilia-na-Camara-se-noticias-180x120.jpg 180w, https:\/\/senoticias.com.br\/se\/wp-content\/uploads\/2024\/10\/Emeilia-na-Camara-se-noticias-95x64.jpg 95w\" sizes=\"(max-width: 588px) 100vw, 588px\" \/><\/a><p id=\"caption-attachment-144804\" class=\"wp-caption-text\">Em\u00edlia Corr\u00eaa e Ricardo Marques retornam \u00e0 C\u00e2mara &#8211; Foto: Gilton Rosas<\/p><\/div>\n<p>Em tom cr\u00edtico, a prefeita eleita tamb\u00e9m mencionou o papel das fake news na campanha, que, segundo ela, foram recha\u00e7adas pela popula\u00e7\u00e3o aracajuana. \u201cO povo n\u00e3o mais aceita esse tipo de campanha que acusa, que quer diminuir o outro. A mentira reinou e foi derrotada. Se voc\u00ea n\u00e3o construiu a sua vida de forma decente, n\u00e3o destrua a vida de quem conseguiu construir de forma decente.\u201d<\/p>\n<p>Em\u00edlia tamb\u00e9m comentou sobre a relev\u00e2ncia hist\u00f3rica de sua elei\u00e7\u00e3o. \u201cAracaju, n\u00f3s estamos construindo um novo cen\u00e1rio pol\u00edtico, novas lideran\u00e7as. A hist\u00f3ria de quase 170 anos de uma capital que hoje leva para o poder municipal uma vereadora, uma mulher\u201d, disse.<br \/>\nEla refor\u00e7ou a necessidade de um governo em harmonia e respeito com a oposi\u00e7\u00e3o, lembrando dos momentos de desrespeito que sentiu durante seu mandato. \u201cEssa casa aqui, pode ter certeza, vai ser respeitada, e a oposi\u00e7\u00e3o ser\u00e1 respeitada, o grito da oposi\u00e7\u00e3o ser\u00e1 ouvido.\u201d<\/p>\n<p>A futura prefeita alertou que, em sua gest\u00e3o, o foco ser\u00e1 no bem-estar social, e n\u00e3o em ideologias que, segundo ela, acabam por dividir em vez de unir. Em\u00edlia enfatizou que \u201cideologia, \u00e0s vezes, \u00e9 importante para a cultura, para a hist\u00f3ria, para o conhecimento, mas ela separa do foco principal que \u00e9 fazer o servi\u00e7o social chegar nas pessoas. Muitas vezes, a gente se divide porque se apega a ideologias e acaba esquecendo do principal que \u00e9 oferecer uma vida melhor para o povo.\u201d<\/p>\n<p>Ap\u00f3s o discurso, Em\u00edlia atendeu \u00e0 imprensa e falou sobre a vit\u00f3ria hist\u00f3rica nas urnas, a import\u00e2ncia de ser a primeira mulher a comandar Aracaju e as prioridades que j\u00e1 come\u00e7am a moldar sua gest\u00e3o. Al\u00e9m disso, destacou a configura\u00e7\u00e3o da C\u00e2mara Municipal, que ela espera ser de di\u00e1logo e coopera\u00e7\u00e3o. Em\u00edlia sinalizou que a transi\u00e7\u00e3o de gest\u00e3o ser\u00e1 um momento crucial para alinhar a prefeitura ao projeto de governo que prometeu aos aracajuanos.<\/p>\n<p><strong><em>Acompanhe tamb\u00e9m o SE Not\u00edcias no\u00a0<a href=\"https:\/\/www.instagram.com\/senoticias\/\" target=\"_blank\" rel=\"noreferrer noopener\">Instagram<\/a><\/em><\/strong>,\u00a0<strong><em>\u00a0<a href=\"https:\/\/www.facebook.com\/senoticias1\" target=\"_blank\" rel=\"noreferrer noopener\">Facebook<\/a>\u00a0e\u00a0no<\/em>\u00a0<em><a href=\"https:\/\/twitter.com\/Senoticias\">X<\/a><\/em><\/strong><\/p>\n<p>Da Assessoria de Imprensa<\/p>\n","protected":false},"excerpt":{"rendered":"<p>Ap\u00f3s cerca de 70 dias de intensa campanha eleitoral, a prefeita eleita Em\u00edlia Corr\u00eaa (PL), retornou \u00e0 C\u00e2mara Municipal na manh\u00e3 desta ter\u00e7a-feira, 29, onde ir\u00e1 cumprir o mandato de vereadora at\u00e9 o fim do ano. Durante a sess\u00e3o, Em\u00edlia foi calorosamente recebida por eleitores, servidores e colegas, com quem fez quest\u00e3o de interagir antes [&hellip;]<\/p>\n","protected":false},"author":6557,"featured_media":144804,"comment_status":"closed","ping_status":"closed","sticky":false,"template":"","format":"standard","meta":{"footnotes":""},"categories":[15,6],"tags":[5127,6198,42511],"class_list":{"0":"post-144803","1":"post","2":"type-post","3":"status-publish","4":"format-standard","5":"has-post-thumbnail","7":"category-destaques","8":"category-politica","9":"tag-camara-de-aracaju","10":"tag-emilia-correa","11":"tag-prefeita-eleita-de-aracaju"},"_links":{"self":[{"href":"https:\/\/senoticias.com.br\/se\/wp-json\/wp\/v2\/posts\/144803"}],"collection":[{"href":"https:\/\/senoticias.com.br\/se\/wp-json\/wp\/v2\/posts"}],"about":[{"href":"https:\/\/senoticias.com.br\/se\/wp-json\/wp\/v2\/types\/post"}],"author":[{"embeddable":true,"href":"https:\/\/senoticias.com.br\/se\/wp-json\/wp\/v2\/users\/6557"}],"replies":[{"embeddable":true,"href":"https:\/\/senoticias.com.br\/se\/wp-json\/wp\/v2\/comments?post=144803"}],"version-history":[{"count":0,"href":"https:\/\/senoticias.com.br\/se\/wp-json\/wp\/v2\/posts\/144803\/revisions"}],"wp:featuredmedia":[{"embeddable":true,"href":"https:\/\/senoticias.com.br\/se\/wp-json\/wp\/v2\/media\/144804"}],"wp:attachment":[{"href":"https:\/\/senoticias.com.br\/se\/wp-json\/wp\/v2\/media?parent=144803"}],"wp:term":[{"taxonomy":"category","embeddable":true,"href":"https:\/\/senoticias.com.br\/se\/wp-json\/wp\/v2\/categories?post=144803"},{"taxonomy":"post_tag","embeddable":true,"href":"https:\/\/senoticias.com.br\/se\/wp-json\/wp\/v2\/tags?post=144803"}],"curies":[{"name":"wp","href":"https:\/\/api.w.org\/{rel}","templated":true}]}}