{"id":144777,"date":"2024-10-28T12:08:51","date_gmt":"2024-10-28T15:08:51","guid":{"rendered":"https:\/\/senoticias.com.br\/se\/?p=144777"},"modified":"2024-10-28T12:08:51","modified_gmt":"2024-10-28T15:08:51","slug":"fabio-mitidieri-foi-o-grande-derrotado-destas-eleicoes-escreve-jornalista","status":"publish","type":"post","link":"https:\/\/senoticias.com.br\/se\/fabio-mitidieri-foi-o-grande-derrotado-destas-eleicoes-escreve-jornalista\/","title":{"rendered":"F\u00e1bio Mitidieri foi o grande derrotado destas elei\u00e7\u00f5es, escreve jornalista"},"content":{"rendered":"<p><em>Por Adiberto de Souza *<\/em><\/p>\n<p>A elei\u00e7\u00e3o de Em\u00edlia Corr\u00eaa (PL) para a Prefeitura de Aracaju significa mais uma derrota colhida nas elei\u00e7\u00f5es deste ano pelo governador de Sergipe, F\u00e1bio Mitidieri (PSD). Lideran\u00e7a fraca, o inquilino do Pal\u00e1cio de Despachos se viu for\u00e7ado a engolir tr\u00eas candidaturas de aliados, que passaram todo o 1\u00ba turno se engalfinhando e terminaram a campanha rompidos politicamente. Certamente, as feridas abertas agora n\u00e3o cicatrizar\u00e3o at\u00e9 2026, com graves consequ\u00eancias para o projeto de reelei\u00e7\u00e3o do governador.<\/p>\n<p>Ademais, a vit\u00f3ria de Em\u00edlia no principal col\u00e9gio eleitoral do estado reacendeu o desejo do aliado dela e prefeito eleito de Itabaiana, Valmir de Francisquinho (PL), de disputar o governo daqui a dois anos. S\u00f3 em pensar nessa hip\u00f3tese o pessedista deve ter calafrios, pois n\u00e3o tivesse a justi\u00e7a impedido a candidatura majorit\u00e1ria do itabaianense em 2022, a hist\u00f3ria seria outra. Ressalte-se que, al\u00e9m de Aracaju, Mitidieri perdeu as elei\u00e7\u00f5es em redutos importantes como Socorro, S\u00e3o Crist\u00f3v\u00e3o, Itabaianinha, Carm\u00f3polis, Pr\u00f3pria, Canind\u00e9, Areia Branca, Sim\u00e3o Dias, et c\u00e9tera e tal. O texto \u00e9 do jornalista Adiberto de Souza.<\/p>\n<div id=\"attachment_144778\" style=\"width: 593px\" class=\"wp-caption aligncenter\"><a href=\"https:\/\/senoticias.com.br\/se\/wp-content\/uploads\/2024\/10\/Luiz-Roberto-SE-Noticias-2.jpg\"><img loading=\"lazy\" decoding=\"async\" aria-describedby=\"caption-attachment-144778\" class=\"size-full wp-image-144778\" src=\"https:\/\/senoticias.com.br\/se\/wp-content\/uploads\/2024\/10\/Luiz-Roberto-SE-Noticias-2.jpg\" alt=\"\" width=\"583\" height=\"388\" srcset=\"https:\/\/senoticias.com.br\/se\/wp-content\/uploads\/2024\/10\/Luiz-Roberto-SE-Noticias-2.jpg 583w, https:\/\/senoticias.com.br\/se\/wp-content\/uploads\/2024\/10\/Luiz-Roberto-SE-Noticias-2-300x200.jpg 300w, https:\/\/senoticias.com.br\/se\/wp-content\/uploads\/2024\/10\/Luiz-Roberto-SE-Noticias-2-90x60.jpg 90w, https:\/\/senoticias.com.br\/se\/wp-content\/uploads\/2024\/10\/Luiz-Roberto-SE-Noticias-2-180x120.jpg 180w, https:\/\/senoticias.com.br\/se\/wp-content\/uploads\/2024\/10\/Luiz-Roberto-SE-Noticias-2-95x64.jpg 95w\" sizes=\"(max-width: 583px) 100vw, 583px\" \/><\/a><p id=\"caption-attachment-144778\" class=\"wp-caption-text\">Luiz Roberto (PDT) foi derrotado com o apoio do prefeito da capital, Edvaldo Nogueira (PDT) e do governador F\u00e1bio Mitidieri (PSD) &#8211; Foto: Ana L\u00edcia Menezes\/AAN\/arquivo<\/p><\/div>\n<p>Ainda sem grandes obras para apresentar aos sergipanos e como fama de festeiro inveterado, o governador ter\u00e1 que se virar nos trinta para que a sua candidatura \u00e0 reelei\u00e7\u00e3o seja, ao menos, competitiva. Tamb\u00e9m deve rezar para que aliados dele, como o ex-governador Belivaldo Chagas (Pode) e o senador La\u00e9rcio Oliveira (PP), n\u00e3o resolvam disputar o governo de Sergipe, dividindo o grupo da situa\u00e7\u00e3o, tal qual fizeram agora em Aracaju o prefeito Edvaldo Nogueira (PDT), Andr\u00e9 Moura (Uni\u00e3o), Alessandro Vieira (MDB) e outros menos votados!<\/p>\n<p>Mat\u00e9ria produzida pelo jornalista Adiberto de Souza e publicada\u00a0 originalmente no portal <a href=\"https:\/\/www.destaquenoticias.com.br\/mitidieri-foi-o-grande-derrotado-destas-eleicoes\/\"><strong>Destaque Not\u00edcias<\/strong><\/a><\/p>\n<p>&nbsp;<\/p>\n<p><strong><em>Acompanhe tamb\u00e9m o SE Not\u00edcias no\u00a0<a href=\"https:\/\/www.instagram.com\/senoticias\/\" target=\"_blank\" rel=\"noreferrer noopener\">Instagram<\/a><\/em><\/strong>,\u00a0<strong><em>\u00a0<a href=\"https:\/\/www.facebook.com\/senoticias1\" target=\"_blank\" rel=\"noreferrer noopener\">Facebook<\/a>\u00a0e\u00a0no<\/em>\u00a0<em><a href=\"https:\/\/twitter.com\/Senoticias\">X<\/a><\/em><\/strong><\/p>\n","protected":false},"excerpt":{"rendered":"<p>Por Adiberto de Souza * A elei\u00e7\u00e3o de Em\u00edlia Corr\u00eaa (PL) para a Prefeitura de Aracaju significa mais uma derrota colhida nas elei\u00e7\u00f5es deste ano pelo governador de Sergipe, F\u00e1bio Mitidieri (PSD). Lideran\u00e7a fraca, o inquilino do Pal\u00e1cio de Despachos se viu for\u00e7ado a engolir tr\u00eas candidaturas de aliados, que passaram todo o 1\u00ba turno [&hellip;]<\/p>\n","protected":false},"author":6557,"featured_media":144778,"comment_status":"closed","ping_status":"closed","sticky":false,"template":"","format":"standard","meta":{"footnotes":""},"categories":[15,6],"tags":[698,38426,10933,3410,213],"class_list":{"0":"post-144777","1":"post","2":"type-post","3":"status-publish","4":"format-standard","5":"has-post-thumbnail","7":"category-destaques","8":"category-politica","9":"tag-edvaldo-nogueira","10":"tag-eleicoes-2024","11":"tag-fabio-mitidiere","12":"tag-luiz-roberto","13":"tag-prefeitura-de-aracaju"},"_links":{"self":[{"href":"https:\/\/senoticias.com.br\/se\/wp-json\/wp\/v2\/posts\/144777"}],"collection":[{"href":"https:\/\/senoticias.com.br\/se\/wp-json\/wp\/v2\/posts"}],"about":[{"href":"https:\/\/senoticias.com.br\/se\/wp-json\/wp\/v2\/types\/post"}],"author":[{"embeddable":true,"href":"https:\/\/senoticias.com.br\/se\/wp-json\/wp\/v2\/users\/6557"}],"replies":[{"embeddable":true,"href":"https:\/\/senoticias.com.br\/se\/wp-json\/wp\/v2\/comments?post=144777"}],"version-history":[{"count":0,"href":"https:\/\/senoticias.com.br\/se\/wp-json\/wp\/v2\/posts\/144777\/revisions"}],"wp:featuredmedia":[{"embeddable":true,"href":"https:\/\/senoticias.com.br\/se\/wp-json\/wp\/v2\/media\/144778"}],"wp:attachment":[{"href":"https:\/\/senoticias.com.br\/se\/wp-json\/wp\/v2\/media?parent=144777"}],"wp:term":[{"taxonomy":"category","embeddable":true,"href":"https:\/\/senoticias.com.br\/se\/wp-json\/wp\/v2\/categories?post=144777"},{"taxonomy":"post_tag","embeddable":true,"href":"https:\/\/senoticias.com.br\/se\/wp-json\/wp\/v2\/tags?post=144777"}],"curies":[{"name":"wp","href":"https:\/\/api.w.org\/{rel}","templated":true}]}}