{"id":144762,"date":"2024-10-26T08:01:13","date_gmt":"2024-10-26T11:01:13","guid":{"rendered":"https:\/\/senoticias.com.br\/se\/?p=144762"},"modified":"2024-10-26T08:01:13","modified_gmt":"2024-10-26T11:01:13","slug":"emilia-correa-finaliza-agenda-de-campanha-com-duas-carreatas-neste-sabado","status":"publish","type":"post","link":"https:\/\/senoticias.com.br\/se\/emilia-correa-finaliza-agenda-de-campanha-com-duas-carreatas-neste-sabado\/","title":{"rendered":"Em\u00edlia Corr\u00eaa finaliza agenda de campanha com duas carreatas neste s\u00e1bado"},"content":{"rendered":"<p>&nbsp;<\/p>\n<p>Em\u00edlia Corr\u00eaa (PL), candidata \u00e0 Prefeitura de Aracaju, encerra sua campanha eleitoral com uma agenda repleta de atividades e agradecimentos ao povo aracajuano. A agenda do dia come\u00e7a \u00e0s 9h com uma carreata na Zona Norte, com concentra\u00e7\u00e3o na Rua Rio Grande do Sul, no bairro Novo Para\u00edso.<\/p>\n<p>\u00c0s 15h, a candidata segue para a Zona Sul, onde liderar\u00e1 outra carreata. A concentra\u00e7\u00e3o ser\u00e1 na Avenida Jo\u00e3o Amazonas, no bairro 17 de Mar\u00e7o, com destino \u00e0 Orla de Atalaia, onde a campanha ser\u00e1 oficialmente encerrada. Em\u00edlia destaca que essas carreatas s\u00e3o uma oportunidade de reafirmar seu compromisso com a cidade e de agradecer pessoalmente aos cidad\u00e3os que acreditam em sua proposta de mudan\u00e7a.<\/p>\n<div id=\"attachment_144763\" style=\"width: 602px\" class=\"wp-caption aligncenter\"><a href=\"https:\/\/senoticias.com.br\/se\/wp-content\/uploads\/2024\/10\/Emilia-Correa-SE-Noticias-1.jpeg\"><img loading=\"lazy\" decoding=\"async\" aria-describedby=\"caption-attachment-144763\" class=\"size-full wp-image-144763\" src=\"https:\/\/senoticias.com.br\/se\/wp-content\/uploads\/2024\/10\/Emilia-Correa-SE-Noticias-1.jpeg\" alt=\"\" width=\"592\" height=\"396\" srcset=\"https:\/\/senoticias.com.br\/se\/wp-content\/uploads\/2024\/10\/Emilia-Correa-SE-Noticias-1.jpeg 592w, https:\/\/senoticias.com.br\/se\/wp-content\/uploads\/2024\/10\/Emilia-Correa-SE-Noticias-1-300x201.jpeg 300w, https:\/\/senoticias.com.br\/se\/wp-content\/uploads\/2024\/10\/Emilia-Correa-SE-Noticias-1-90x60.jpeg 90w, https:\/\/senoticias.com.br\/se\/wp-content\/uploads\/2024\/10\/Emilia-Correa-SE-Noticias-1-180x120.jpeg 180w, https:\/\/senoticias.com.br\/se\/wp-content\/uploads\/2024\/10\/Emilia-Correa-SE-Noticias-1-95x64.jpeg 95w\" sizes=\"(max-width: 592px) 100vw, 592px\" \/><\/a><p id=\"caption-attachment-144763\" class=\"wp-caption-text\">Em\u00edlia Corr\u00eaa finaliza agenda de campanha com duas carreatas &#8211; Foto: ascom\/Em\u00edlia<\/p><\/div>\n<p>Durante a campanha, Em\u00edlia Corr\u00eaa teve a oportunidade de dialogar com a popula\u00e7\u00e3o e apresentar suas solu\u00e7\u00f5es para problemas cr\u00edticos da cidade, como mobilidade urbana, sa\u00fade, infraestrutura e gera\u00e7\u00e3o de empregos. &#8220;Foi um privil\u00e9gio poder ouvir cada cidad\u00e3o e discutir como podemos juntos transformar Aracaju em uma cidade melhor para todos&#8221;, afirmou.<\/p>\n<p>Para Em\u00edlia, Aracaju est\u00e1 pr\u00f3xima de registrar um momento hist\u00f3rico: a chance de eleger a primeira mulher prefeita de Aracaju \u00e9 tamb\u00e9m a chance de trazer uma nova perspectiva e solu\u00e7\u00f5es inovadoras para nossa cidade. \u201cForam momentos importantes de apoio e confian\u00e7a. Chegamos a todos os bairros poss\u00edveis nesse tempo curto de campanha, e em todos recebemos muito carinho e palavras de incentivo. E o que vimos foi um forte desejo pela mudan\u00e7a\u201d, observou a candidata.<\/p>\n<p><strong><em>Acompanhe tamb\u00e9m o SE Not\u00edcias no\u00a0<a href=\"https:\/\/www.instagram.com\/senoticias\/\" target=\"_blank\" rel=\"noreferrer noopener\">Instagram<\/a><\/em><\/strong>,\u00a0<strong><em>\u00a0<a href=\"https:\/\/www.facebook.com\/senoticias1\" target=\"_blank\" rel=\"noreferrer noopener\">Facebook<\/a>\u00a0e\u00a0no<\/em>\u00a0<em><a href=\"https:\/\/twitter.com\/Senoticias\">X<\/a><\/em><\/strong><\/p>\n<p>POR ASCOM\/COLIGA\u00c7\u00c3O \u201cPOR UMA NOVA ARACAJU\u201d<\/p>\n","protected":false},"excerpt":{"rendered":"<p>&nbsp; Em\u00edlia Corr\u00eaa (PL), candidata \u00e0 Prefeitura de Aracaju, encerra sua campanha eleitoral com uma agenda repleta de atividades e agradecimentos ao povo aracajuano. A agenda do dia come\u00e7a \u00e0s 9h com uma carreata na Zona Norte, com concentra\u00e7\u00e3o na Rua Rio Grande do Sul, no bairro Novo Para\u00edso. \u00c0s 15h, a candidata segue para [&hellip;]<\/p>\n","protected":false},"author":6557,"featured_media":144763,"comment_status":"closed","ping_status":"closed","sticky":false,"template":"","format":"standard","meta":{"footnotes":""},"categories":[6],"tags":[6198,213],"class_list":{"0":"post-144762","1":"post","2":"type-post","3":"status-publish","4":"format-standard","5":"has-post-thumbnail","7":"category-politica","8":"tag-emilia-correa","9":"tag-prefeitura-de-aracaju"},"_links":{"self":[{"href":"https:\/\/senoticias.com.br\/se\/wp-json\/wp\/v2\/posts\/144762"}],"collection":[{"href":"https:\/\/senoticias.com.br\/se\/wp-json\/wp\/v2\/posts"}],"about":[{"href":"https:\/\/senoticias.com.br\/se\/wp-json\/wp\/v2\/types\/post"}],"author":[{"embeddable":true,"href":"https:\/\/senoticias.com.br\/se\/wp-json\/wp\/v2\/users\/6557"}],"replies":[{"embeddable":true,"href":"https:\/\/senoticias.com.br\/se\/wp-json\/wp\/v2\/comments?post=144762"}],"version-history":[{"count":0,"href":"https:\/\/senoticias.com.br\/se\/wp-json\/wp\/v2\/posts\/144762\/revisions"}],"wp:featuredmedia":[{"embeddable":true,"href":"https:\/\/senoticias.com.br\/se\/wp-json\/wp\/v2\/media\/144763"}],"wp:attachment":[{"href":"https:\/\/senoticias.com.br\/se\/wp-json\/wp\/v2\/media?parent=144762"}],"wp:term":[{"taxonomy":"category","embeddable":true,"href":"https:\/\/senoticias.com.br\/se\/wp-json\/wp\/v2\/categories?post=144762"},{"taxonomy":"post_tag","embeddable":true,"href":"https:\/\/senoticias.com.br\/se\/wp-json\/wp\/v2\/tags?post=144762"}],"curies":[{"name":"wp","href":"https:\/\/api.w.org\/{rel}","templated":true}]}}