{"id":144756,"date":"2024-10-25T17:04:47","date_gmt":"2024-10-25T20:04:47","guid":{"rendered":"https:\/\/senoticias.com.br\/se\/?p=144756"},"modified":"2024-10-25T17:10:34","modified_gmt":"2024-10-25T20:10:34","slug":"emilia-correa-lidera-com-616-dos-votos-validos-aponta-pesquisa-futura","status":"publish","type":"post","link":"https:\/\/senoticias.com.br\/se\/emilia-correa-lidera-com-616-dos-votos-validos-aponta-pesquisa-futura\/","title":{"rendered":"Em\u00edlia Corr\u00eaa lidera com 61,6% dos votos v\u00e1lidos, aponta pesquisa Futura"},"content":{"rendered":"<p>&nbsp;<\/p>\n<p>A candidata Em\u00edlia Corr\u00eaa (PL) ampliou sua vantagem na corrida pela prefeitura de Aracaju, alcan\u00e7ando 61,6% dos votos v\u00e1lidos, de acordo com pesquisa Futura Intelig\u00eancia encomendada pela 100% Cidades e <strong>divulgada nesta sexta-feira, 25<\/strong>, pela <strong>revista Exame.<\/strong> O candidato Luiz Roberto (PDT) tem 38,4% dos votos v\u00e1lidos.<\/p>\n<div id=\"attachment_144757\" style=\"width: 590px\" class=\"wp-caption aligncenter\"><a href=\"https:\/\/senoticias.com.br\/se\/wp-content\/uploads\/2024\/10\/IMG_0314-e1729886563173.jpeg\"><img loading=\"lazy\" decoding=\"async\" aria-describedby=\"caption-attachment-144757\" class=\"size-full wp-image-144757\" src=\"https:\/\/senoticias.com.br\/se\/wp-content\/uploads\/2024\/10\/IMG_0314-e1729886563173.jpeg\" alt=\"\" width=\"580\" height=\"387\" \/><\/a><p id=\"caption-attachment-144757\" class=\"wp-caption-text\">Em\u00edlia Corr\u00eaa lidera com 61,6% dos votos v\u00e1lidos &#8211; Foto: ascom\/divulga\u00e7\u00e3o<\/p><\/div>\n<p>No total geral das inten\u00e7\u00f5es de voto, Em\u00edlia Corr\u00eaa soma 57,8%, enquanto Luiz Roberto aparece com 36%. Al\u00e9m disso, 4,1% dos eleitores optaram por branco, nulo ou ningu\u00e9m, e 2,1% declararam estar indecisos ou n\u00e3o responderam.<\/p>\n<p>A pesquisa foi realizada no dia 23 de outubro com 600 entrevistas por meio de CATI (entrevista telef\u00f4nica assistida por computador) e registrada no Tribunal Superior Eleitoral (TSE) com o n\u00famero SE-08389\/2024. A margem de erro \u00e9 de 4 pontos percentuais para mais ou para menos, com um n\u00edvel de confian\u00e7a de 95%.<\/p>\n<p>Resultados para o segundo turno em Aracaju:<br \/>\nVotos v\u00e1lidos:<br \/>\nEm\u00edlia Corr\u00eaa (PL): 61,6%<br \/>\nLuiz Roberto (PDT): 38,4%<\/p>\n<p>Total das inten\u00e7\u00f5es de voto:<br \/>\nEm\u00edlia Corr\u00eaa (PL): 57,8%<br \/>\nLuiz Roberto (PDT): 36%<br \/>\nNingu\u00e9m\/Branco\/Nulo: 4,1%<br \/>\nN\u00e3o sabe\/N\u00e3o respondeu\/Indeciso: 2,1%<\/p>\n<p><strong><em>Acompanhe tamb\u00e9m o SE Not\u00edcias no\u00a0<a href=\"https:\/\/www.instagram.com\/senoticias\/\" target=\"_blank\" rel=\"noreferrer noopener\">Instagram<\/a><\/em><\/strong>,\u00a0<strong><em>\u00a0<a href=\"https:\/\/www.facebook.com\/senoticias1\" target=\"_blank\" rel=\"noreferrer noopener\">Facebook<\/a>\u00a0e\u00a0no<\/em>\u00a0<em><a href=\"https:\/\/twitter.com\/Senoticias\">X<\/a><\/em><\/strong><\/p>\n<p>Da Assessoria de Imprensa\/Em\u00edlia Corr\u00eaa<\/p>\n","protected":false},"excerpt":{"rendered":"<p>&nbsp; A candidata Em\u00edlia Corr\u00eaa (PL) ampliou sua vantagem na corrida pela prefeitura de Aracaju, alcan\u00e7ando 61,6% dos votos v\u00e1lidos, de acordo com pesquisa Futura Intelig\u00eancia encomendada pela 100% Cidades e divulgada nesta sexta-feira, 25, pela revista Exame. O candidato Luiz Roberto (PDT) tem 38,4% dos votos v\u00e1lidos. No total geral das inten\u00e7\u00f5es de voto, [&hellip;]<\/p>\n","protected":false},"author":6557,"featured_media":144757,"comment_status":"closed","ping_status":"closed","sticky":false,"template":"","format":"standard","meta":{"footnotes":""},"categories":[15,6],"tags":[38426,6198,213],"class_list":{"0":"post-144756","1":"post","2":"type-post","3":"status-publish","4":"format-standard","5":"has-post-thumbnail","7":"category-destaques","8":"category-politica","9":"tag-eleicoes-2024","10":"tag-emilia-correa","11":"tag-prefeitura-de-aracaju"},"_links":{"self":[{"href":"https:\/\/senoticias.com.br\/se\/wp-json\/wp\/v2\/posts\/144756"}],"collection":[{"href":"https:\/\/senoticias.com.br\/se\/wp-json\/wp\/v2\/posts"}],"about":[{"href":"https:\/\/senoticias.com.br\/se\/wp-json\/wp\/v2\/types\/post"}],"author":[{"embeddable":true,"href":"https:\/\/senoticias.com.br\/se\/wp-json\/wp\/v2\/users\/6557"}],"replies":[{"embeddable":true,"href":"https:\/\/senoticias.com.br\/se\/wp-json\/wp\/v2\/comments?post=144756"}],"version-history":[{"count":0,"href":"https:\/\/senoticias.com.br\/se\/wp-json\/wp\/v2\/posts\/144756\/revisions"}],"wp:featuredmedia":[{"embeddable":true,"href":"https:\/\/senoticias.com.br\/se\/wp-json\/wp\/v2\/media\/144757"}],"wp:attachment":[{"href":"https:\/\/senoticias.com.br\/se\/wp-json\/wp\/v2\/media?parent=144756"}],"wp:term":[{"taxonomy":"category","embeddable":true,"href":"https:\/\/senoticias.com.br\/se\/wp-json\/wp\/v2\/categories?post=144756"},{"taxonomy":"post_tag","embeddable":true,"href":"https:\/\/senoticias.com.br\/se\/wp-json\/wp\/v2\/tags?post=144756"}],"curies":[{"name":"wp","href":"https:\/\/api.w.org\/{rel}","templated":true}]}}