{"id":144752,"date":"2024-10-25T15:23:39","date_gmt":"2024-10-25T18:23:39","guid":{"rendered":"https:\/\/senoticias.com.br\/se\/?p=144752"},"modified":"2024-10-25T15:23:39","modified_gmt":"2024-10-25T18:23:39","slug":"mpt-se-recomenda-a-almaviva-garantia-de-folgas-eleitorais-aos-trabalhadores","status":"publish","type":"post","link":"https:\/\/senoticias.com.br\/se\/mpt-se-recomenda-a-almaviva-garantia-de-folgas-eleitorais-aos-trabalhadores\/","title":{"rendered":"MPT-SE recomenda \u00e0 AlmavivA garantia de folgas eleitorais aos trabalhadores"},"content":{"rendered":"<p>O Minist\u00e9rio P\u00fablico do Trabalho em Sergipe (MPT-SE) expediu recomenda\u00e7\u00e3o \u00e0 empresa AlmavivA do Brasil S.A., para que garanta o direito \u00e0s folgas compensat\u00f3rias aos trabalhadores requisitados pela Justi\u00e7a Eleitoral para atuar como mes\u00e1rios, apoio log\u00edstico e demais atividades auxiliares.<\/p>\n<p>Funcion\u00e1rios denunciaram ao MPT-SE que foram informados pela empresa que n\u00e3o receberiam as folgas, ainda que prestassem servi\u00e7os solicitados pela Justi\u00e7a Eleitoral. Com a proximidade do segundo turno das Elei\u00e7\u00f5es em Aracaju, o procurador-chefe do MPT-SE, M\u00e1rcio Amazonas, expediu a recomenda\u00e7\u00e3o nesta quinta-feira (24).<\/p>\n<div id=\"attachment_144753\" style=\"width: 605px\" class=\"wp-caption aligncenter\"><a href=\"https:\/\/senoticias.com.br\/se\/wp-content\/uploads\/2024\/10\/Alma-Viva-se-noticias.jpg\"><img loading=\"lazy\" decoding=\"async\" aria-describedby=\"caption-attachment-144753\" class=\"size-full wp-image-144753\" src=\"https:\/\/senoticias.com.br\/se\/wp-content\/uploads\/2024\/10\/Alma-Viva-se-noticias.jpg\" alt=\"\" width=\"595\" height=\"289\" srcset=\"https:\/\/senoticias.com.br\/se\/wp-content\/uploads\/2024\/10\/Alma-Viva-se-noticias.jpg 595w, https:\/\/senoticias.com.br\/se\/wp-content\/uploads\/2024\/10\/Alma-Viva-se-noticias-300x146.jpg 300w\" sizes=\"(max-width: 595px) 100vw, 595px\" \/><\/a><p id=\"caption-attachment-144753\" class=\"wp-caption-text\">Medida ocorre ap\u00f3s den\u00fancias dos funcion\u00e1rios da empresa &#8211; Foto: arquivo\/AlmavivA<\/p><\/div>\n<p>O documento informa que a empresa deve garantir nestas e nas pr\u00f3ximas Elei\u00e7\u00f5es a folga compensat\u00f3ria pelo dobro dos dias de convoca\u00e7\u00e3o, aos empregados requisitados pela Justi\u00e7a Eleitoral, conforme prev\u00ea o artigo 98 da Lei n\u00ba 9.504\/1997. A empresa tamb\u00e9m deve liberar os funcion\u00e1rios que precisarem prestar servi\u00e7o nos dias dos pleitos, mesmo os que tiverem treinamentos presenciais, garantindo que tenham tempo suficiente para exercer o direito ao voto.<\/p>\n<p>A AlmavivA tem o prazo de 24h para divulgar esclarecimento aos trabalhadores sobre o direito \u00e0s folgas eleitorais e sobre a conduta ilegal de n\u00e3o liberar os funcion\u00e1rios para a presta\u00e7\u00e3o de servi\u00e7os eleitorais. Caso a recomenda\u00e7\u00e3o n\u00e3o seja cumprida, o MPT-SE adotar\u00e1 as medidas administrativas e judiciais cab\u00edveis, sem preju\u00edzo da apura\u00e7\u00e3o da responsabilidade criminal e de atos de improbidade pelos \u00f3rg\u00e3os competentes.<\/p>\n<p><strong><em>Acompanhe tamb\u00e9m o SE Not\u00edcias no\u00a0<a href=\"https:\/\/www.instagram.com\/senoticias\/\" target=\"_blank\" rel=\"noreferrer noopener\">Instagram<\/a><\/em><\/strong>,\u00a0<strong><em>\u00a0<a href=\"https:\/\/www.facebook.com\/senoticias1\" target=\"_blank\" rel=\"noreferrer noopener\">Facebook<\/a>\u00a0e\u00a0no<\/em>\u00a0<em><a href=\"https:\/\/twitter.com\/Senoticias\">X<\/a><\/em><\/strong><\/p>\n<p>Fonte: ascom\/MPT-SE<\/p>\n","protected":false},"excerpt":{"rendered":"<p>O Minist\u00e9rio P\u00fablico do Trabalho em Sergipe (MPT-SE) expediu recomenda\u00e7\u00e3o \u00e0 empresa AlmavivA do Brasil S.A., para que garanta o direito \u00e0s folgas compensat\u00f3rias aos trabalhadores requisitados pela Justi\u00e7a Eleitoral para atuar como mes\u00e1rios, apoio log\u00edstico e demais atividades auxiliares. Funcion\u00e1rios denunciaram ao MPT-SE que foram informados pela empresa que n\u00e3o receberiam as folgas, ainda [&hellip;]<\/p>\n","protected":false},"author":6557,"featured_media":144753,"comment_status":"closed","ping_status":"closed","sticky":false,"template":"","format":"standard","meta":{"footnotes":""},"categories":[15,38],"tags":[14277,10350,7275,13119],"class_list":{"0":"post-144752","1":"post","2":"type-post","3":"status-publish","4":"format-standard","5":"has-post-thumbnail","7":"category-destaques","8":"category-municipios","9":"tag-almaviva","10":"tag-justica-eleitoral","11":"tag-ministerio-publico-do-trabalho","12":"tag-mpt-se"},"_links":{"self":[{"href":"https:\/\/senoticias.com.br\/se\/wp-json\/wp\/v2\/posts\/144752"}],"collection":[{"href":"https:\/\/senoticias.com.br\/se\/wp-json\/wp\/v2\/posts"}],"about":[{"href":"https:\/\/senoticias.com.br\/se\/wp-json\/wp\/v2\/types\/post"}],"author":[{"embeddable":true,"href":"https:\/\/senoticias.com.br\/se\/wp-json\/wp\/v2\/users\/6557"}],"replies":[{"embeddable":true,"href":"https:\/\/senoticias.com.br\/se\/wp-json\/wp\/v2\/comments?post=144752"}],"version-history":[{"count":0,"href":"https:\/\/senoticias.com.br\/se\/wp-json\/wp\/v2\/posts\/144752\/revisions"}],"wp:featuredmedia":[{"embeddable":true,"href":"https:\/\/senoticias.com.br\/se\/wp-json\/wp\/v2\/media\/144753"}],"wp:attachment":[{"href":"https:\/\/senoticias.com.br\/se\/wp-json\/wp\/v2\/media?parent=144752"}],"wp:term":[{"taxonomy":"category","embeddable":true,"href":"https:\/\/senoticias.com.br\/se\/wp-json\/wp\/v2\/categories?post=144752"},{"taxonomy":"post_tag","embeddable":true,"href":"https:\/\/senoticias.com.br\/se\/wp-json\/wp\/v2\/tags?post=144752"}],"curies":[{"name":"wp","href":"https:\/\/api.w.org\/{rel}","templated":true}]}}