{"id":144737,"date":"2024-10-24T14:21:10","date_gmt":"2024-10-24T17:21:10","guid":{"rendered":"https:\/\/senoticias.com.br\/se\/?p=144737"},"modified":"2024-10-24T14:21:10","modified_gmt":"2024-10-24T17:21:10","slug":"menino-cai-de-toboga-inflavel-na-vila-da-crianca-na-orla-de-atalaia","status":"publish","type":"post","link":"https:\/\/senoticias.com.br\/se\/menino-cai-de-toboga-inflavel-na-vila-da-crianca-na-orla-de-atalaia\/","title":{"rendered":"Menino cai de tobog\u00e3 infl\u00e1vel na Vila da Crian\u00e7a na Orla de Atalaia"},"content":{"rendered":"<p>Um menino de quatro anos ficou ferido ap\u00f3s cair de um tobog\u00e3 infl\u00e1vel instalado na Vila da Crian\u00e7a, na Orla de Atalaia, em Aracaju. O fato ocorreu nesta ter\u00e7a-feira, 22, e o menino teve alta nesta quarta-feira, 23.<\/p>\n<p>A informa\u00e7\u00e3o \u00e9 que incidente ocorreu no momento em que o brinquedo estava sendo esvaziado. O menino foi atendido pelo Servi\u00e7o de Atendimento M\u00f3vel de Urg\u00eancia (Samu) e encaminhado a um hospital particular na capital.<\/p>\n<div id=\"attachment_144738\" style=\"width: 467px\" class=\"wp-caption aligncenter\"><a href=\"https:\/\/senoticias.com.br\/se\/wp-content\/uploads\/2024\/10\/Vila-da-Crianca-acidente-se-noticias.png\"><img loading=\"lazy\" decoding=\"async\" aria-describedby=\"caption-attachment-144738\" class=\"size-full wp-image-144738\" src=\"https:\/\/senoticias.com.br\/se\/wp-content\/uploads\/2024\/10\/Vila-da-Crianca-acidente-se-noticias.png\" alt=\"\" width=\"457\" height=\"299\" srcset=\"https:\/\/senoticias.com.br\/se\/wp-content\/uploads\/2024\/10\/Vila-da-Crianca-acidente-se-noticias.png 457w, https:\/\/senoticias.com.br\/se\/wp-content\/uploads\/2024\/10\/Vila-da-Crianca-acidente-se-noticias-300x196.png 300w, https:\/\/senoticias.com.br\/se\/wp-content\/uploads\/2024\/10\/Vila-da-Crianca-acidente-se-noticias-90x60.png 90w\" sizes=\"(max-width: 457px) 100vw, 457px\" \/><\/a><p id=\"caption-attachment-144738\" class=\"wp-caption-text\"><br \/>Segundo a fam\u00edlia, a queda aconteceu ap\u00f3s o brinquedo esvaziar e perder estabilidade &#8211; Foto: reprodu\u00e7\u00e3o\/TV Sergipe<\/p><\/div>\n<p>De acordo com o Governo de Sergipe, a equipe da Secretaria de Estado da Assist\u00eancia Social, Inclus\u00e3o e Cidadania est\u00e1 em contato com a fam\u00edlia da crian\u00e7a \u00e0 disposi\u00e7\u00e3o para prestar o suporte que for necess\u00e1rio.<\/p>\n<p>Ainda segundo o Governo, a equipe da Funcap j\u00e1 acionou a empresa contratada que forneceu os brinquedos infl\u00e1veis para apura\u00e7\u00e3o do ocorrido, al\u00e9m de que os monitores tamb\u00e9m foram orientados para preven\u00e7\u00e3o e como agir em situa\u00e7\u00f5es adversas.<\/p>\n<p>O Governo de Sergipe destacou ainda que se solidariza com a fam\u00edlia e refor\u00e7ou o seu compromisso com a seguran\u00e7a e responsabilidade na condu\u00e7\u00e3o das atividades na Vila da Crian\u00e7a.<\/p>\n<p><strong><em>Acompanhe tamb\u00e9m o SE Not\u00edcias no\u00a0<a href=\"https:\/\/www.instagram.com\/senoticias\/\" target=\"_blank\" rel=\"noreferrer noopener\">Instagram<\/a><\/em><\/strong>,\u00a0<strong><em>\u00a0<a href=\"https:\/\/www.facebook.com\/senoticias1\" target=\"_blank\" rel=\"noreferrer noopener\">Facebook<\/a>\u00a0e\u00a0no<\/em>\u00a0<em><a href=\"https:\/\/twitter.com\/Senoticias\">X<\/a><\/em><\/strong><\/p>\n<p>Por Verlane Est\u00e1cio, do portal Infonet<\/p>\n","protected":false},"excerpt":{"rendered":"<p>Um menino de quatro anos ficou ferido ap\u00f3s cair de um tobog\u00e3 infl\u00e1vel instalado na Vila da Crian\u00e7a, na Orla de Atalaia, em Aracaju. O fato ocorreu nesta ter\u00e7a-feira, 22, e o menino teve alta nesta quarta-feira, 23. A informa\u00e7\u00e3o \u00e9 que incidente ocorreu no momento em que o brinquedo estava sendo esvaziado. O menino [&hellip;]<\/p>\n","protected":false},"author":6557,"featured_media":144738,"comment_status":"closed","ping_status":"closed","sticky":false,"template":"","format":"standard","meta":{"footnotes":""},"categories":[15,7],"tags":[42488,4312,42487,42370],"class_list":{"0":"post-144737","1":"post","2":"type-post","3":"status-publish","4":"format-standard","5":"has-post-thumbnail","7":"category-destaques","8":"category-policia","9":"tag-menino-cai-de-toboga","10":"tag-orla-de-atalaia","11":"tag-toboga-inflavel","12":"tag-vila-da-crianca"},"_links":{"self":[{"href":"https:\/\/senoticias.com.br\/se\/wp-json\/wp\/v2\/posts\/144737"}],"collection":[{"href":"https:\/\/senoticias.com.br\/se\/wp-json\/wp\/v2\/posts"}],"about":[{"href":"https:\/\/senoticias.com.br\/se\/wp-json\/wp\/v2\/types\/post"}],"author":[{"embeddable":true,"href":"https:\/\/senoticias.com.br\/se\/wp-json\/wp\/v2\/users\/6557"}],"replies":[{"embeddable":true,"href":"https:\/\/senoticias.com.br\/se\/wp-json\/wp\/v2\/comments?post=144737"}],"version-history":[{"count":0,"href":"https:\/\/senoticias.com.br\/se\/wp-json\/wp\/v2\/posts\/144737\/revisions"}],"wp:featuredmedia":[{"embeddable":true,"href":"https:\/\/senoticias.com.br\/se\/wp-json\/wp\/v2\/media\/144738"}],"wp:attachment":[{"href":"https:\/\/senoticias.com.br\/se\/wp-json\/wp\/v2\/media?parent=144737"}],"wp:term":[{"taxonomy":"category","embeddable":true,"href":"https:\/\/senoticias.com.br\/se\/wp-json\/wp\/v2\/categories?post=144737"},{"taxonomy":"post_tag","embeddable":true,"href":"https:\/\/senoticias.com.br\/se\/wp-json\/wp\/v2\/tags?post=144737"}],"curies":[{"name":"wp","href":"https:\/\/api.w.org\/{rel}","templated":true}]}}