{"id":144723,"date":"2024-10-23T15:07:31","date_gmt":"2024-10-23T18:07:31","guid":{"rendered":"https:\/\/senoticias.com.br\/se\/?p=144723"},"modified":"2024-10-23T15:07:31","modified_gmt":"2024-10-23T18:07:31","slug":"justica-determina-imediata-retirada-de-propagandas-de-luiz-sobre-maternidade-das-emissoras-e-redes-sociais","status":"publish","type":"post","link":"https:\/\/senoticias.com.br\/se\/justica-determina-imediata-retirada-de-propagandas-de-luiz-sobre-maternidade-das-emissoras-e-redes-sociais\/","title":{"rendered":"Justi\u00e7a determina imediata retirada de propagandas de Luiz sobre maternidade das emissoras e redes sociais"},"content":{"rendered":"<p>Em nova decis\u00e3o, nesta quarta-feira, 23, a Justi\u00e7a Eleitoral determinou a retirada imediata de propagandas eleitorais do candidato \u00e0 prefeitura de Aracaju Luiz Roberto (PDT), referentes \u00e0 alega\u00e7\u00e3o de que a candidata Em\u00edlia Corr\u00eaa (PL), planejava extinguir a Maternidade Municipal Lourdes Nogueira.<\/p>\n<p>O caso se refere \u00e0 veicula\u00e7\u00e3o de v\u00eddeos, tanto no hor\u00e1rio eleitoral gratuito, quanto nas redes sociais do candidato, que sugeriam que Em\u00edlia teria planos de encerrar as atividades da maternidade municipal. No entanto, de acordo com o plano de governo da candidata e os esclarecimentos trazidos por sua campanha, o que est\u00e1 previsto \u00e9 a reformula\u00e7\u00e3o e amplia\u00e7\u00e3o da maternidade, com a cria\u00e7\u00e3o de um Centro de Aten\u00e7\u00e3o Materno-Infantil, preservando os servi\u00e7os atualmente prestados.<\/p>\n<div id=\"attachment_144724\" style=\"width: 603px\" class=\"wp-caption aligncenter\"><a href=\"https:\/\/senoticias.com.br\/se\/wp-content\/uploads\/2024\/10\/Luiz-Roberto-SE-noticias-1.jpg\"><img loading=\"lazy\" decoding=\"async\" aria-describedby=\"caption-attachment-144724\" class=\"size-full wp-image-144724\" src=\"https:\/\/senoticias.com.br\/se\/wp-content\/uploads\/2024\/10\/Luiz-Roberto-SE-noticias-1.jpg\" alt=\"\" width=\"593\" height=\"452\" srcset=\"https:\/\/senoticias.com.br\/se\/wp-content\/uploads\/2024\/10\/Luiz-Roberto-SE-noticias-1.jpg 593w, https:\/\/senoticias.com.br\/se\/wp-content\/uploads\/2024\/10\/Luiz-Roberto-SE-noticias-1-300x229.jpg 300w, https:\/\/senoticias.com.br\/se\/wp-content\/uploads\/2024\/10\/Luiz-Roberto-SE-noticias-1-45x35.jpg 45w\" sizes=\"(max-width: 593px) 100vw, 593px\" \/><\/a><p id=\"caption-attachment-144724\" class=\"wp-caption-text\">Justi\u00e7a Eleitoral determinou a retirada imediata de propagandas eleitorais do candidato \u00e0 prefeitura de Aracaju Luiz Roberto &#8211; Foto: ascom\/divulga\u00e7\u00e3o<\/p><\/div>\n<p>O juiz R\u00f4mulo Dantas entendeu que a propaganda veiculada \u00e9 desinformativa e descontextualizada, violando as normas eleitorais que pro\u00edbem a divulga\u00e7\u00e3o de informa\u00e7\u00f5es inver\u00eddicas que possam comprometer o equil\u00edbrio da disputa eleitoral. O juiz respons\u00e1vel destacou que, no curto per\u00edodo que antecede a elei\u00e7\u00e3o, a repeti\u00e7\u00e3o dessas informa\u00e7\u00f5es falsas, associada ao alcance nas redes sociais, poderia induzir os eleitores ao erro e prejudicar a imagem da candidata, afetando sua inten\u00e7\u00e3o de voto.<\/p>\n<p><strong>MULTA DE 50 MIL<\/strong><\/p>\n<p>Diante da gravidade dos fatos, a decis\u00e3o ordenou a suspens\u00e3o imediata das propagandas impugnadas e determinou a remo\u00e7\u00e3o das postagens no Instagram. Al\u00e9m disso, foi estipulada uma multa de R$50 mil em caso de descumprimento.<\/p>\n<p>As emissoras de r\u00e1dio e televis\u00e3o que exibiram o conte\u00fado tamb\u00e9m foram notificadas e alertadas de que, em caso de desobedi\u00eancia, poder\u00e3o ser responsabilizadas por crime eleitoral. O Instagram\/Facebook Servi\u00e7os Online do Brasil tamb\u00e9m foi intimado a retirar as publica\u00e7\u00f5es no prazo de 24 horas.<\/p>\n<p><strong><em>Acompanhe tamb\u00e9m o SE Not\u00edcias no\u00a0<a href=\"https:\/\/www.instagram.com\/senoticias\/\" target=\"_blank\" rel=\"noreferrer noopener\">Instagram<\/a><\/em><\/strong>,\u00a0<strong><em>\u00a0<a href=\"https:\/\/www.facebook.com\/senoticias1\" target=\"_blank\" rel=\"noreferrer noopener\">Facebook<\/a>\u00a0e\u00a0no<\/em>\u00a0<em><a href=\"https:\/\/twitter.com\/Senoticias\">X<\/a><\/em><\/strong><\/p>\n<p>POR ASCOM\/COLIGA\u00c7\u00c3O POR UMA NOVA ARACAJU<\/p>\n","protected":false},"excerpt":{"rendered":"<p>Em nova decis\u00e3o, nesta quarta-feira, 23, a Justi\u00e7a Eleitoral determinou a retirada imediata de propagandas eleitorais do candidato \u00e0 prefeitura de Aracaju Luiz Roberto (PDT), referentes \u00e0 alega\u00e7\u00e3o de que a candidata Em\u00edlia Corr\u00eaa (PL), planejava extinguir a Maternidade Municipal Lourdes Nogueira. O caso se refere \u00e0 veicula\u00e7\u00e3o de v\u00eddeos, tanto no hor\u00e1rio eleitoral gratuito, [&hellip;]<\/p>\n","protected":false},"author":6557,"featured_media":144724,"comment_status":"closed","ping_status":"closed","sticky":false,"template":"","format":"standard","meta":{"footnotes":""},"categories":[15,6],"tags":[6198,10350,3410,42484],"class_list":{"0":"post-144723","1":"post","2":"type-post","3":"status-publish","4":"format-standard","5":"has-post-thumbnail","7":"category-destaques","8":"category-politica","9":"tag-emilia-correa","10":"tag-justica-eleitoral","11":"tag-luiz-roberto","12":"tag-multa-de-50-mil"},"_links":{"self":[{"href":"https:\/\/senoticias.com.br\/se\/wp-json\/wp\/v2\/posts\/144723"}],"collection":[{"href":"https:\/\/senoticias.com.br\/se\/wp-json\/wp\/v2\/posts"}],"about":[{"href":"https:\/\/senoticias.com.br\/se\/wp-json\/wp\/v2\/types\/post"}],"author":[{"embeddable":true,"href":"https:\/\/senoticias.com.br\/se\/wp-json\/wp\/v2\/users\/6557"}],"replies":[{"embeddable":true,"href":"https:\/\/senoticias.com.br\/se\/wp-json\/wp\/v2\/comments?post=144723"}],"version-history":[{"count":0,"href":"https:\/\/senoticias.com.br\/se\/wp-json\/wp\/v2\/posts\/144723\/revisions"}],"wp:featuredmedia":[{"embeddable":true,"href":"https:\/\/senoticias.com.br\/se\/wp-json\/wp\/v2\/media\/144724"}],"wp:attachment":[{"href":"https:\/\/senoticias.com.br\/se\/wp-json\/wp\/v2\/media?parent=144723"}],"wp:term":[{"taxonomy":"category","embeddable":true,"href":"https:\/\/senoticias.com.br\/se\/wp-json\/wp\/v2\/categories?post=144723"},{"taxonomy":"post_tag","embeddable":true,"href":"https:\/\/senoticias.com.br\/se\/wp-json\/wp\/v2\/tags?post=144723"}],"curies":[{"name":"wp","href":"https:\/\/api.w.org\/{rel}","templated":true}]}}