{"id":144719,"date":"2024-10-23T14:26:28","date_gmt":"2024-10-23T17:26:28","guid":{"rendered":"https:\/\/senoticias.com.br\/se\/?p=144719"},"modified":"2024-10-23T14:26:28","modified_gmt":"2024-10-23T17:26:28","slug":"nana-trio-celebra-a-sergipanidade-no-cafe-da-gente","status":"publish","type":"post","link":"https:\/\/senoticias.com.br\/se\/nana-trio-celebra-a-sergipanidade-no-cafe-da-gente\/","title":{"rendered":"Nan\u00e3 Trio celebra a Sergipanidade no Caf\u00e9 da Gente"},"content":{"rendered":"<p>No s\u00e1bado, 26 de outubro, o Nan\u00e3 Trio estar\u00e1 de volta ao espa\u00e7o cultural do Caf\u00e9 da Gente para uma noite de celebra\u00e7\u00e3o \u00e0 nossa rica cultura musical. O grupo, formado por Lygia Carvalho, Gl\u00f3ria Costa e Rebecca Melo, promete reunir cl\u00e1ssicos da m\u00fasica sergipana e can\u00e7\u00f5es de novos compositores da terrinha, numa noite emocionante e repleta de sergipanidade.<\/p>\n<p><a href=\"https:\/\/senoticias.com.br\/se\/wp-content\/uploads\/2024\/10\/IMG_0305.jpeg\"><img loading=\"lazy\" decoding=\"async\" class=\"size-full wp-image-144720 aligncenter\" src=\"https:\/\/senoticias.com.br\/se\/wp-content\/uploads\/2024\/10\/IMG_0305.jpeg\" alt=\"\" width=\"500\" height=\"333\" srcset=\"https:\/\/senoticias.com.br\/se\/wp-content\/uploads\/2024\/10\/IMG_0305.jpeg 500w, https:\/\/senoticias.com.br\/se\/wp-content\/uploads\/2024\/10\/IMG_0305-300x200.jpeg 300w, https:\/\/senoticias.com.br\/se\/wp-content\/uploads\/2024\/10\/IMG_0305-90x60.jpeg 90w, https:\/\/senoticias.com.br\/se\/wp-content\/uploads\/2024\/10\/IMG_0305-180x120.jpeg 180w, https:\/\/senoticias.com.br\/se\/wp-content\/uploads\/2024\/10\/IMG_0305-95x64.jpeg 95w\" sizes=\"(max-width: 500px) 100vw, 500px\" \/><\/a><\/p>\n<p>Escolhido a dedo, o repert\u00f3rio vai de Jo\u00e9sia Ramos a Let\u00edcia Aranha, passando por cl\u00e1ssicos de Chiko Queiroga, Ant\u00f4nio Rog\u00e9rio, Ismar Barreto, Rog\u00e9rio, Patr\u00edcia Polayne, Lina Sousa, Cataluzes, dentre outros compositores, al\u00e9m de can\u00e7\u00f5es autorais. O grupo sobe ao palco muito pelo acompanhado por Denisson Cleber, al\u00e9m de receber participa\u00e7\u00f5es especiais.<\/p>\n<p>\u201cA gente tem um orgulho danado das nossas ra\u00edzes e quisemos enaltecer esse sentimento \u00fanico que \u00e9 \u2018Ser Sergipano&#8217;, nessa concep\u00e7\u00e3o enorme de se auto identificar com os sotaques e costumes da nossa gente e da nossa arte. E \u00e9 uma honra homenagear os compositores, m\u00fasicos e artistas sergipanos que tanto admiramos numa data t\u00e3o cheia de significado e representa\u00e7\u00e3o, que \u00e9 o Dia da Sergipanidade, celebrado em 24 de outubro\u201d afirma Lygia Carvalho.<\/p>\n<p>Sobre o Nan\u00e3 Trio<\/p>\n<p>Formado em 2016, o Nan\u00e3 Trio tem 8 anos de presen\u00e7a constante na cena cultural sergipana. Desde o in\u00edcio, o grupo empreendeu projetos que enaltecem a m\u00fasica popular brasileira e sergipana sob o visa da representatividade feminina. Dentre eles os shows &#8220;\u00c0 Flor da Pele \u2013 A Mulher na Obra de Chico Buarque&#8221;, &#8220;Flor de Mandacaru \u2013 A Mulher na M\u00fasica Nordestina&#8221;.<\/p>\n<p>Mais recentemente, o grupo apresentou o show &#8220;Lancinante \u2013 Um Canto para Gal&#8221;, reverenciando Gal Costa, uma das maiores vozes da m\u00fasica brasileira e uma mulher que quebrou barreiras, servindo de inspira\u00e7\u00e3o para artistas no Brasil e no mundo. Em outra vertente de trabalho, o Nan\u00e3 Trio ocupou palcos importantes do ciclo junino, como o Arrai\u00e1 do Povo e o Forr\u00f3 Caju, sempre promovendo a cultura e a m\u00fasica regional.<\/p>\n<p>Os ingressos s\u00e3o limitados e sujeitos \u00e0 lota\u00e7\u00e3o da casa. Podem ser adquiridos antecipadamente pelo Sympla (link na bio dos perfis do Instagram @nossodomproducoes e @nana.trio) ou via PIX, solicitando a chave pelo WhatsApp (79) 99854-1330.<\/p>\n<p>&nbsp;<\/p>\n<p>Data: S\u00e1bado, 26 de outubro de 2024<br \/>\nHor\u00e1rio: 20h<br \/>\nLocal: caf\u00e9 da Gente Sergipana que fica no anexo do Museu da Gente. Localizado na Av. Ivo do Prado, 398 \u2013 Centro.<\/p>\n<p>Fonte: Ascom comunica\u00e7\u00e3o<\/p>\n","protected":false},"excerpt":{"rendered":"<p>No s\u00e1bado, 26 de outubro, o Nan\u00e3 Trio estar\u00e1 de volta ao espa\u00e7o cultural do Caf\u00e9 da Gente para uma noite de celebra\u00e7\u00e3o \u00e0 nossa rica cultura musical. O grupo, formado por Lygia Carvalho, Gl\u00f3ria Costa e Rebecca Melo, promete reunir cl\u00e1ssicos da m\u00fasica sergipana e can\u00e7\u00f5es de novos compositores da terrinha, numa noite emocionante [&hellip;]<\/p>\n","protected":false},"author":6557,"featured_media":0,"comment_status":"closed","ping_status":"closed","sticky":false,"template":"","format":"standard","meta":{"footnotes":""},"categories":[15,21],"tags":[38083,11736,42483],"class_list":{"0":"post-144719","1":"post","2":"type-post","3":"status-publish","4":"format-standard","6":"category-destaques","7":"category-entretenimento","8":"tag-cafe-da-gente-sergipana","9":"tag-nana-trio","10":"tag-sergipanidade"},"_links":{"self":[{"href":"https:\/\/senoticias.com.br\/se\/wp-json\/wp\/v2\/posts\/144719"}],"collection":[{"href":"https:\/\/senoticias.com.br\/se\/wp-json\/wp\/v2\/posts"}],"about":[{"href":"https:\/\/senoticias.com.br\/se\/wp-json\/wp\/v2\/types\/post"}],"author":[{"embeddable":true,"href":"https:\/\/senoticias.com.br\/se\/wp-json\/wp\/v2\/users\/6557"}],"replies":[{"embeddable":true,"href":"https:\/\/senoticias.com.br\/se\/wp-json\/wp\/v2\/comments?post=144719"}],"version-history":[{"count":0,"href":"https:\/\/senoticias.com.br\/se\/wp-json\/wp\/v2\/posts\/144719\/revisions"}],"wp:attachment":[{"href":"https:\/\/senoticias.com.br\/se\/wp-json\/wp\/v2\/media?parent=144719"}],"wp:term":[{"taxonomy":"category","embeddable":true,"href":"https:\/\/senoticias.com.br\/se\/wp-json\/wp\/v2\/categories?post=144719"},{"taxonomy":"post_tag","embeddable":true,"href":"https:\/\/senoticias.com.br\/se\/wp-json\/wp\/v2\/tags?post=144719"}],"curies":[{"name":"wp","href":"https:\/\/api.w.org\/{rel}","templated":true}]}}