{"id":144716,"date":"2024-10-23T11:47:11","date_gmt":"2024-10-23T14:47:11","guid":{"rendered":"https:\/\/senoticias.com.br\/se\/?p=144716"},"modified":"2024-10-23T11:47:11","modified_gmt":"2024-10-23T14:47:11","slug":"nat-divulga-38-vagas-de-trabalho","status":"publish","type":"post","link":"https:\/\/senoticias.com.br\/se\/nat-divulga-38-vagas-de-trabalho\/","title":{"rendered":"NAT divulga 38 vagas de trabalho"},"content":{"rendered":"<p>A Secretaria de Estado do Trabalho, Emprego e Empreendedorismo (Seteem), por meio do N\u00facleo de Apoio ao Trabalho (NAT), anuncia 38 oportunidades de emprego dispon\u00edveis nesta quarta-feira, 23. Dentre as vagas, destacam-se oito para a fun\u00e7\u00e3o de vigia.<\/p>\n<p>Os interessados devem se dirigir \u00e0 sede do \u00f3rg\u00e3o, situada na Rua Santa Luzia, 680, no bairro S\u00e3o Jos\u00e9, em Aracaju. O atendimento ao p\u00fablico ocorre de segunda a sexta-feira, das 7h \u00e0s 13h. As oportunidades s\u00e3o direcionadas a candidatos de diferentes n\u00edveis de escolaridade, com ou sem experi\u00eancia.<\/p>\n<div id=\"attachment_144717\" style=\"width: 550px\" class=\"wp-caption aligncenter\"><a href=\"https:\/\/senoticias.com.br\/se\/wp-content\/uploads\/2024\/10\/Empregos-se-noticias.jpg\"><img loading=\"lazy\" decoding=\"async\" aria-describedby=\"caption-attachment-144717\" class=\"size-full wp-image-144717\" src=\"https:\/\/senoticias.com.br\/se\/wp-content\/uploads\/2024\/10\/Empregos-se-noticias.jpg\" alt=\"\" width=\"540\" height=\"335\" srcset=\"https:\/\/senoticias.com.br\/se\/wp-content\/uploads\/2024\/10\/Empregos-se-noticias.jpg 540w, https:\/\/senoticias.com.br\/se\/wp-content\/uploads\/2024\/10\/Empregos-se-noticias-300x186.jpg 300w, https:\/\/senoticias.com.br\/se\/wp-content\/uploads\/2024\/10\/Empregos-se-noticias-308x192.jpg 308w\" sizes=\"(max-width: 540px) 100vw, 540px\" \/><\/a><p id=\"caption-attachment-144717\" class=\"wp-caption-text\">Dentre as 38 vagas disponibilizadas hoje, duas s\u00e3o para auxiliar de confeitaria \/ Foto: Igor Matias<\/p><\/div>\n<p>Al\u00e9m disso, h\u00e1 vaga de est\u00e1gio, vaga afirmativa para mulheres e Pessoas com Defici\u00eancia (PcD). Os candidatos devem apresentar documentos pessoais (RG, CPF, carteira de trabalho, comprovante de resid\u00eancia atualizado), bem como curr\u00edculo e certificados que comprovem experi\u00eancias anteriores. Para PcD, \u00e9 necess\u00e1rio apresentar o laudo m\u00e9dico.<\/p>\n<p>Outras informa\u00e7\u00f5es pelo WhatsApp 79 99198-0027. As vagas s\u00e3o divulgadas nas redes sociais da Seteem e do NAT, no Instagram @trabalho.se e @nat_sergipe.<\/p>\n<p><strong>Confira as oportunidades:<\/strong><\/p>\n<p><strong>8 vagas para vigia<\/strong><\/p>\n<p>Requisitos: necess\u00e1rio saber ler e escrever e seis meses de experi\u00eancia na fun\u00e7\u00e3o.<\/p>\n<p><strong>3 vagas para atendente<\/strong><\/p>\n<p>Requisitos: ensino m\u00e9dio completo.<\/p>\n<p><strong>3 vagas para auxiliar de carga e descarga<\/strong><\/p>\n<p>Requisitos: ensino fundamental completo e experi\u00eancia na fun\u00e7\u00e3o.<\/p>\n<p><strong>3 vagas para zelador<\/strong><\/p>\n<p>Requisitos: necess\u00e1rio saber ler e escrever e seis meses de experi\u00eancia na fun\u00e7\u00e3o.<\/p>\n<p><strong>2 vagas para auxiliar de confeitaria<\/strong><\/p>\n<p>Requisitos: ensino m\u00e9dio completo, experi\u00eancia na fun\u00e7\u00e3o ou curso na \u00e1rea de vendas\/atendimento.<\/p>\n<p><strong>2 vagas para atendente de gelateria<\/strong><\/p>\n<p>Requisitos: ensino m\u00e9dio, experi\u00eancia na fun\u00e7\u00e3o ou curso na \u00e1rea de vendas\/atendimento.<\/p>\n<p><strong>2 vagas para auxiliar de escrit\u00f3rio<\/strong><\/p>\n<p>Requisitos: ensino m\u00e9dio completo, experi\u00eancia na fun\u00e7\u00e3o comprovada em CTPS e experi\u00eancia com atendimento ao cliente.<\/p>\n<p><strong>2 vagas para motorista de \u00f4nibus<\/strong><\/p>\n<p>Requisitos: ensino fundamental completo, experi\u00eancia na fun\u00e7\u00e3o, habilita\u00e7\u00e3o de curso de transporte de passageiros.<\/p>\n<p><strong>1 vaga para motorista<\/strong><\/p>\n<p>Requisitos: ensino m\u00e9dio completo, seis meses de experi\u00eancia comprovada em CTPS e habilita\u00e7\u00e3o B.<\/p>\n<p><strong>1 vaga para t\u00e9cnico em constru\u00e7\u00e3o civil<\/strong><\/p>\n<p>Requisitos: ensino m\u00e9dio completo, experi\u00eancia de seis meses comprovada em CTP, conhecimento em ORSE, processo licitat\u00f3rio, levantamento quantitativo de materiais.<\/p>\n<p><strong>1 vaga para auxiliar de manuten\u00e7\u00e3o<\/strong><\/p>\n<p>Requisitos: ensino m\u00e9dio completo, NR10, NR35 e no\u00e7\u00f5es de em el\u00e9trica.<\/p>\n<p><strong>1 vaga para auxiliar de servi\u00e7os gerais<\/strong><\/p>\n<p>Requisitos: ensino m\u00e9dio incompleto.<\/p>\n<p><strong>1 vaga para operador de motosserra<\/strong><\/p>\n<p>Requisitos: necess\u00e1rio saber ler e escrever e seis meses de experi\u00eancia na fun\u00e7\u00e3o.<\/p>\n<p><strong>1 vaga para cozinheira<\/strong><\/p>\n<p>Requisitos: experi\u00eancia na fun\u00e7\u00e3o comprovada em CTPS.<\/p>\n<p><strong>1 vaga para auxiliar de cozinha<\/strong><\/p>\n<p>Requisitos: experi\u00eancia na fun\u00e7\u00e3o comprovada em CTPS.<\/p>\n<p>Vaga para est\u00e1gio<\/p>\n<p><strong>4 vagas para aplicador ABA<\/strong><\/p>\n<p>Requisitos: cursando a partir do 8\u00b0 per\u00edodo de Psicologia.<\/p>\n<p>Vaga afirmativas para mulheres<\/p>\n<p><strong>1 vaga para auxiliar administrativa\/financeira<\/strong><\/p>\n<p>Requisitos: ensino m\u00e9dio completo e experi\u00eancia m\u00ednima de seis meses.<\/p>\n<p>Vaga afirmativa para PcD<\/p>\n<p><strong>1 vaga para empacotador<\/strong><\/p>\n<p>Requisitos: ensino fundamental completo.<\/p>\n<p><strong><em>Acompanhe tamb\u00e9m o SE Not\u00edcias no\u00a0<a href=\"https:\/\/www.instagram.com\/senoticias\/\" target=\"_blank\" rel=\"noreferrer noopener\">Instagram<\/a><\/em><\/strong>,\u00a0<strong><em>\u00a0<a href=\"https:\/\/www.facebook.com\/senoticias1\" target=\"_blank\" rel=\"noreferrer noopener\">Facebook<\/a>\u00a0e\u00a0no<\/em>\u00a0<em><a href=\"https:\/\/twitter.com\/Senoticias\">X<\/a><\/em><\/strong><\/p>\n<p>Fonte: Ag\u00eancia Sergipe de Not\u00edcias<\/p>\n<p>&nbsp;<\/p>\n<p>&nbsp;<\/p>\n<p>&nbsp;<\/p>\n","protected":false},"excerpt":{"rendered":"<p>A Secretaria de Estado do Trabalho, Emprego e Empreendedorismo (Seteem), por meio do N\u00facleo de Apoio ao Trabalho (NAT), anuncia 38 oportunidades de emprego dispon\u00edveis nesta quarta-feira, 23. Dentre as vagas, destacam-se oito para a fun\u00e7\u00e3o de vigia. Os interessados devem se dirigir \u00e0 sede do \u00f3rg\u00e3o, situada na Rua Santa Luzia, 680, no bairro [&hellip;]<\/p>\n","protected":false},"author":6557,"featured_media":144717,"comment_status":"closed","ping_status":"closed","sticky":false,"template":"","format":"standard","meta":{"footnotes":""},"categories":[15,6],"tags":[3254,7324,42468],"class_list":{"0":"post-144716","1":"post","2":"type-post","3":"status-publish","4":"format-standard","5":"has-post-thumbnail","7":"category-destaques","8":"category-politica","9":"tag-nat","10":"tag-nucleo-de-apoio-ao-trabalho","11":"tag-vagas-de-trabalho"},"_links":{"self":[{"href":"https:\/\/senoticias.com.br\/se\/wp-json\/wp\/v2\/posts\/144716"}],"collection":[{"href":"https:\/\/senoticias.com.br\/se\/wp-json\/wp\/v2\/posts"}],"about":[{"href":"https:\/\/senoticias.com.br\/se\/wp-json\/wp\/v2\/types\/post"}],"author":[{"embeddable":true,"href":"https:\/\/senoticias.com.br\/se\/wp-json\/wp\/v2\/users\/6557"}],"replies":[{"embeddable":true,"href":"https:\/\/senoticias.com.br\/se\/wp-json\/wp\/v2\/comments?post=144716"}],"version-history":[{"count":0,"href":"https:\/\/senoticias.com.br\/se\/wp-json\/wp\/v2\/posts\/144716\/revisions"}],"wp:featuredmedia":[{"embeddable":true,"href":"https:\/\/senoticias.com.br\/se\/wp-json\/wp\/v2\/media\/144717"}],"wp:attachment":[{"href":"https:\/\/senoticias.com.br\/se\/wp-json\/wp\/v2\/media?parent=144716"}],"wp:term":[{"taxonomy":"category","embeddable":true,"href":"https:\/\/senoticias.com.br\/se\/wp-json\/wp\/v2\/categories?post=144716"},{"taxonomy":"post_tag","embeddable":true,"href":"https:\/\/senoticias.com.br\/se\/wp-json\/wp\/v2\/tags?post=144716"}],"curies":[{"name":"wp","href":"https:\/\/api.w.org\/{rel}","templated":true}]}}