{"id":144670,"date":"2024-10-21T10:23:39","date_gmt":"2024-10-21T13:23:39","guid":{"rendered":"https:\/\/senoticias.com.br\/se\/?p=144670"},"modified":"2024-10-21T10:23:39","modified_gmt":"2024-10-21T13:23:39","slug":"mais-de-40-vagas-de-trabalho-sao-intermediadas-pelo-nat-nesta-segunda-feira-21","status":"publish","type":"post","link":"https:\/\/senoticias.com.br\/se\/mais-de-40-vagas-de-trabalho-sao-intermediadas-pelo-nat-nesta-segunda-feira-21\/","title":{"rendered":"Mais de 40 vagas de trabalho s\u00e3o intermediadas pelo NAT nesta segunda-feira, 21"},"content":{"rendered":"<p>O N\u00facleo de Apoio ao Trabalho (NAT), setor vinculado \u00e0 Secretaria de Estado do Trabalho, Emprego e Empreendedorismo (Seteem), est\u00e1 com 42 vagas de emprego abertas a partir desta segunda-feira, 21. Trabalhadores podem se inscrever presencialmente na sede do \u00f3rg\u00e3o, localizada na Rua Santa Luzia, n\u00ba 680, no bairro S\u00e3o Jos\u00e9.<\/p>\n<p>O atendimento ocorre de segunda a sexta-feira, das 7h \u00e0s 13h, e para fazer o cadastro \u00e9 necess\u00e1rio levar RG, CPF, CTPS (f\u00edsica ou digital), comprovante de resid\u00eancia atualizado, al\u00e9m de curr\u00edculo e certificados de qualifica\u00e7\u00e3o que possuir. As vagas s\u00e3o resultado da intermedia\u00e7\u00e3o de m\u00e3o de obra feita pelo NAT junto aos empregadores.<\/p>\n<div id=\"attachment_144671\" style=\"width: 604px\" class=\"wp-caption aligncenter\"><a href=\"https:\/\/senoticias.com.br\/se\/wp-content\/uploads\/2024\/10\/Empregos-Nat-Se-Noticias.jpg\"><img loading=\"lazy\" decoding=\"async\" aria-describedby=\"caption-attachment-144671\" class=\"size-full wp-image-144671\" src=\"https:\/\/senoticias.com.br\/se\/wp-content\/uploads\/2024\/10\/Empregos-Nat-Se-Noticias.jpg\" alt=\"\" width=\"594\" height=\"335\" srcset=\"https:\/\/senoticias.com.br\/se\/wp-content\/uploads\/2024\/10\/Empregos-Nat-Se-Noticias.jpg 594w, https:\/\/senoticias.com.br\/se\/wp-content\/uploads\/2024\/10\/Empregos-Nat-Se-Noticias-300x169.jpg 300w\" sizes=\"(max-width: 594px) 100vw, 594px\" \/><\/a><p id=\"caption-attachment-144671\" class=\"wp-caption-text\"><br \/>Setor vinculado \u00e0 Secretaria do Trabalho atende o p\u00fablico de segunda a sexta das 7h \u00e0s 13h &#8211; Foto: Jobson Dias\/ASN<\/p><\/div>\n<p>Outras informa\u00e7\u00f5es podem ser solicitadas pelo WhatsApp (79) 99198-0027. As oportunidades s\u00e3o divulgadas com frequ\u00eancia nos perfis do Seteem (@trabalho.se) e do NAT (@nat_sergipe) no Instagram.<\/p>\n<p>Confira mais detalhes sobre as vagas dispon\u00edveis:<\/p>\n<p>3 vagas para controlador de pragas<\/p>\n<p>Requisitos: ensino m\u00e9dio completo e habilita\u00e7\u00e3o AB.<\/p>\n<p>1 vaga para analista de departamento pessoal<\/p>\n<p>Requisitos: ensino superior completo na \u00e1rea e m\u00ednimo de seis meses de experi\u00eancia na fun\u00e7\u00e3o comprovada em CTPS.<\/p>\n<p>2 vagas para auxiliar de confeitaria<\/p>\n<p>Requisitos: ensino m\u00e9dio completo, experi\u00eancia na fun\u00e7\u00e3o ou curso na \u00e1rea de vendas\/atendimento.<\/p>\n<p>2 vagas para atendente de gelateria<\/p>\n<p>Requisitos: ensino m\u00e9dio, experi\u00eancia na fun\u00e7\u00e3o ou curso na \u00e1rea de vendas\/atendimento.<\/p>\n<p>6 vagas para cozinheiro<\/p>\n<p>Requisitos: ensino fundamental completo e experi\u00eancia comprovada em CTPS.<\/p>\n<p>10 vagas para gar\u00e7om<\/p>\n<p>Requisitos: ensino m\u00e9dio completo, experi\u00eancia em atendimento, restaurante \u00e0 la carte e servi\u00e7o de vinhos comprovada em CTPS.<\/p>\n<p>2 vagas para barman<\/p>\n<p>Requisitos: ensino m\u00e9dio completo, experi\u00eancia com coquet\u00e9is, vinhos, champanhes, habilidade com atendimento ao cliente e controle de estoque comprova\u00e7\u00e3o em CTPS.<\/p>\n<p>2 vagas para cumim<\/p>\n<p>Requisitos: ensino m\u00e9dio completo e experi\u00eancia na fun\u00e7\u00e3o com comprova\u00e7\u00e3o em CTPS.<\/p>\n<p>2 vagas para auxiliar de bar<\/p>\n<p>Requisitos: ensino m\u00e9dio completo, experi\u00eancia com coquet\u00e9is, vinhos e habilidade com atendimento ao cliente comprova\u00e7\u00e3o em CTPS.<\/p>\n<p>1 vaga para promotor de vendas<\/p>\n<p>Requisitos: ensino m\u00e9dio completo, experi\u00eancia de seis meses comprovada em CTPS, habilita\u00e7\u00e3o A.<\/p>\n<p>1 vaga para t\u00e9cnico em constru\u00e7\u00e3o civil<\/p>\n<p>Requisitos: ensino m\u00e9dio completo, experi\u00eancia de seis meses comprovada em CTP, conhecimento em ORSE, processo licitat\u00f3rio, levantamento quantitativo de materiais.<\/p>\n<p>1 vaga para eletricista<\/p>\n<p>Requisitos: ensino fundamental completo, experi\u00eancia de seis meses comprovada em CTP, curso NR10.<\/p>\n<p>2 vagas para pedreiro<\/p>\n<p>Requisitos: ensino fundamental e experi\u00eancia de seis meses comprovada em CTPS.<\/p>\n<p>4 vagas para servente<\/p>\n<p>Requisitos: n\u00edvel fundamental.<\/p>\n<p>Vagas afirmativas para mulheres<\/p>\n<p>1 vaga para cozinheira<\/p>\n<p>Requisitos: experi\u00eancia na fun\u00e7\u00e3o.<\/p>\n<p><strong><em>Acompanhe tamb\u00e9m o SE Not\u00edcias no\u00a0<a href=\"https:\/\/www.instagram.com\/senoticias\/\" target=\"_blank\" rel=\"noreferrer noopener\">Instagram<\/a><\/em><\/strong>,\u00a0<strong><em>\u00a0<a href=\"https:\/\/www.facebook.com\/senoticias1\" target=\"_blank\" rel=\"noreferrer noopener\">Facebook<\/a>\u00a0e\u00a0no<\/em>\u00a0<em><a href=\"https:\/\/twitter.com\/Senoticias\">X<\/a><\/em><\/strong><\/p>\n<p>Fonte: Ag\u00eancia Sergipe de Not\u00edcias<\/p>\n<p>&nbsp;<\/p>\n<p>&nbsp;<\/p>\n<p>&nbsp;<\/p>\n","protected":false},"excerpt":{"rendered":"<p>O N\u00facleo de Apoio ao Trabalho (NAT), setor vinculado \u00e0 Secretaria de Estado do Trabalho, Emprego e Empreendedorismo (Seteem), est\u00e1 com 42 vagas de emprego abertas a partir desta segunda-feira, 21. Trabalhadores podem se inscrever presencialmente na sede do \u00f3rg\u00e3o, localizada na Rua Santa Luzia, n\u00ba 680, no bairro S\u00e3o Jos\u00e9. O atendimento ocorre de [&hellip;]<\/p>\n","protected":false},"author":6557,"featured_media":144671,"comment_status":"closed","ping_status":"closed","sticky":false,"template":"","format":"standard","meta":{"footnotes":""},"categories":[15,10],"tags":[3254,42467,42468],"class_list":{"0":"post-144670","1":"post","2":"type-post","3":"status-publish","4":"format-standard","5":"has-post-thumbnail","7":"category-destaques","8":"category-empregos","9":"tag-nat","10":"tag-oportuidade-de-trabalho","11":"tag-vagas-de-trabalho"},"_links":{"self":[{"href":"https:\/\/senoticias.com.br\/se\/wp-json\/wp\/v2\/posts\/144670"}],"collection":[{"href":"https:\/\/senoticias.com.br\/se\/wp-json\/wp\/v2\/posts"}],"about":[{"href":"https:\/\/senoticias.com.br\/se\/wp-json\/wp\/v2\/types\/post"}],"author":[{"embeddable":true,"href":"https:\/\/senoticias.com.br\/se\/wp-json\/wp\/v2\/users\/6557"}],"replies":[{"embeddable":true,"href":"https:\/\/senoticias.com.br\/se\/wp-json\/wp\/v2\/comments?post=144670"}],"version-history":[{"count":0,"href":"https:\/\/senoticias.com.br\/se\/wp-json\/wp\/v2\/posts\/144670\/revisions"}],"wp:featuredmedia":[{"embeddable":true,"href":"https:\/\/senoticias.com.br\/se\/wp-json\/wp\/v2\/media\/144671"}],"wp:attachment":[{"href":"https:\/\/senoticias.com.br\/se\/wp-json\/wp\/v2\/media?parent=144670"}],"wp:term":[{"taxonomy":"category","embeddable":true,"href":"https:\/\/senoticias.com.br\/se\/wp-json\/wp\/v2\/categories?post=144670"},{"taxonomy":"post_tag","embeddable":true,"href":"https:\/\/senoticias.com.br\/se\/wp-json\/wp\/v2\/tags?post=144670"}],"curies":[{"name":"wp","href":"https:\/\/api.w.org\/{rel}","templated":true}]}}