{"id":144666,"date":"2024-10-20T22:17:55","date_gmt":"2024-10-21T01:17:55","guid":{"rendered":"https:\/\/senoticias.com.br\/se\/?p=144666"},"modified":"2024-10-20T22:17:55","modified_gmt":"2024-10-21T01:17:55","slug":"medico-de-lula-afirma-que-presidente-teve-traumatismo-craniano-mas-esta-bem","status":"publish","type":"post","link":"https:\/\/senoticias.com.br\/se\/medico-de-lula-afirma-que-presidente-teve-traumatismo-craniano-mas-esta-bem\/","title":{"rendered":"M\u00e9dico de Lula afirma que presidente teve traumatismo craniano, mas est\u00e1 bem"},"content":{"rendered":"<p>O m\u00e9dico pessoal de Luiz In\u00e1cio Lula da Silva (PT), Dr. Roberto Kalil Filho, que o atendeu no Hospital S\u00edrio-Liban\u00eas de Bras\u00edlia, afirmou em entrevista exclusiva \u00e0 CNN Brasil que o presidente sofreu traumatismo craniano ap\u00f3s o acidente dom\u00e9stico no Pal\u00e1cio da Alvorada, mas que est\u00e1 bem.<\/p>\n<p>\u201cEle chegou ao hospital com um traumatismo craniano, causado pela batida na parte de tr\u00e1s da cabe\u00e7a. O ferimento precisou de pontos. Fizemos tomografias e resson\u00e2ncias, que mostraram um pequeno sangramento na regi\u00e3o temporal, na frente da cabe\u00e7a. Isso ocorre porque, em quedas, o contragolpe pode lesionar a parte frontal\u201d, explicou Kalil.<\/p>\n<p>O m\u00e9dico de Lula tamb\u00e9m ressaltou que, apesar do impacto, o presidente n\u00e3o chegou a perder a consci\u00eancia.\u00a0\u201cEle n\u00e3o desmaiou, n\u00e3o escorregou, nem nada disso\u201d, explicou.<\/p>\n<div id=\"attachment_144667\" style=\"width: 573px\" class=\"wp-caption aligncenter\"><a href=\"https:\/\/senoticias.com.br\/se\/wp-content\/uploads\/2024\/10\/Presidente-Lula-SE-Noticias.jpg\"><img loading=\"lazy\" decoding=\"async\" aria-describedby=\"caption-attachment-144667\" class=\"size-full wp-image-144667\" src=\"https:\/\/senoticias.com.br\/se\/wp-content\/uploads\/2024\/10\/Presidente-Lula-SE-Noticias.jpg\" alt=\"\" width=\"563\" height=\"413\" srcset=\"https:\/\/senoticias.com.br\/se\/wp-content\/uploads\/2024\/10\/Presidente-Lula-SE-Noticias.jpg 563w, https:\/\/senoticias.com.br\/se\/wp-content\/uploads\/2024\/10\/Presidente-Lula-SE-Noticias-300x220.jpg 300w\" sizes=\"(max-width: 563px) 100vw, 563px\" \/><\/a><p id=\"caption-attachment-144667\" class=\"wp-caption-text\"><br \/>Roberto Kalil Filho tamb\u00e9m ressaltou que, apesar do impacto, Lula n\u00e3o chegou a perder a consci\u00eancia &#8211; Foto: reuters<\/p><\/div>\n<p>Kalil aconselhou que, por causa do traumatismo craniano, o presidente deve evitar viagens longas nas primeiras 24 horas ap\u00f3s a queda. \u201cOs pr\u00f3ximos dias ser\u00e3o de observa\u00e7\u00e3o, mas ele j\u00e1 pode retomar suas atividades normais. Est\u00e1 tudo bem com o presidente\u201d, acrescentou.<\/p>\n<p>O presidente continua sob os cuidados da equipe m\u00e9dica, liderada por Kalil e pela Dra. Ana Helena Germoglio.<\/p>\n<p>Devido \u00e0 orienta\u00e7\u00e3o m\u00e9dica, a Secretaria de Comunica\u00e7\u00e3o Social da Presid\u00eancia da Rep\u00fablica confirmou o cancelamento da viagem de Lula para a C\u00fapula dos Brics, em Kazan, na R\u00fassia. A partida estava prevista para \u00e0s 17h, segundo a agenda oficial do presidente.<\/p>\n<p>Lula dever\u00e1 participar das reuni\u00f5es do grupo por meio de videoconfer\u00eancia. Ainda de acordo com o Planalto, o resto da agenda de trabalho do petista em Bras\u00edlia n\u00e3o ter\u00e1 mudan\u00e7as.<\/p>\n<p><strong><em>Acompanhe tamb\u00e9m o SE Not\u00edcias no\u00a0<a href=\"https:\/\/www.instagram.com\/senoticias\/\" target=\"_blank\" rel=\"noreferrer noopener\">Instagram<\/a><\/em><\/strong>,\u00a0<strong><em>\u00a0<a href=\"https:\/\/www.facebook.com\/senoticias1\" target=\"_blank\" rel=\"noreferrer noopener\">Facebook<\/a>\u00a0e\u00a0no<\/em>\u00a0<em><a href=\"https:\/\/twitter.com\/Senoticias\">X<\/a><\/em><\/strong><\/p>\n<p>Fonte: <a href=\"https:\/\/www.terra.com.br\/noticias\/brasil\/politica\/medico-de-lula-afirma-que-presidente-teve-traumatismo-craniano-mas-esta-bem,885d4bf15b41c3902966d06137eee7d4844e5xhk.html\"><strong>Reda\u00e7\u00e3o Terra<\/strong><\/a><\/p>\n<p>&nbsp;<\/p>\n","protected":false},"excerpt":{"rendered":"<p>O m\u00e9dico pessoal de Luiz In\u00e1cio Lula da Silva (PT), Dr. Roberto Kalil Filho, que o atendeu no Hospital S\u00edrio-Liban\u00eas de Bras\u00edlia, afirmou em entrevista exclusiva \u00e0 CNN Brasil que o presidente sofreu traumatismo craniano ap\u00f3s o acidente dom\u00e9stico no Pal\u00e1cio da Alvorada, mas que est\u00e1 bem. \u201cEle chegou ao hospital com um traumatismo craniano, [&hellip;]<\/p>\n","protected":false},"author":6557,"featured_media":144667,"comment_status":"closed","ping_status":"closed","sticky":false,"template":"","format":"standard","meta":{"footnotes":""},"categories":[15,2961],"tags":[42464,16738,90,42463,42465],"class_list":{"0":"post-144666","1":"post","2":"type-post","3":"status-publish","4":"format-standard","5":"has-post-thumbnail","7":"category-destaques","8":"category-nacional","9":"tag-dr-roberto-kalil-filho","10":"tag-hospital-sirio-libanes","11":"tag-lula","12":"tag-lula-teve-traumatismo-craniano","13":"tag-queda-no-banheiro"},"_links":{"self":[{"href":"https:\/\/senoticias.com.br\/se\/wp-json\/wp\/v2\/posts\/144666"}],"collection":[{"href":"https:\/\/senoticias.com.br\/se\/wp-json\/wp\/v2\/posts"}],"about":[{"href":"https:\/\/senoticias.com.br\/se\/wp-json\/wp\/v2\/types\/post"}],"author":[{"embeddable":true,"href":"https:\/\/senoticias.com.br\/se\/wp-json\/wp\/v2\/users\/6557"}],"replies":[{"embeddable":true,"href":"https:\/\/senoticias.com.br\/se\/wp-json\/wp\/v2\/comments?post=144666"}],"version-history":[{"count":0,"href":"https:\/\/senoticias.com.br\/se\/wp-json\/wp\/v2\/posts\/144666\/revisions"}],"wp:featuredmedia":[{"embeddable":true,"href":"https:\/\/senoticias.com.br\/se\/wp-json\/wp\/v2\/media\/144667"}],"wp:attachment":[{"href":"https:\/\/senoticias.com.br\/se\/wp-json\/wp\/v2\/media?parent=144666"}],"wp:term":[{"taxonomy":"category","embeddable":true,"href":"https:\/\/senoticias.com.br\/se\/wp-json\/wp\/v2\/categories?post=144666"},{"taxonomy":"post_tag","embeddable":true,"href":"https:\/\/senoticias.com.br\/se\/wp-json\/wp\/v2\/tags?post=144666"}],"curies":[{"name":"wp","href":"https:\/\/api.w.org\/{rel}","templated":true}]}}