{"id":144616,"date":"2024-10-17T12:58:40","date_gmt":"2024-10-17T15:58:40","guid":{"rendered":"https:\/\/senoticias.com.br\/se\/?p=144616"},"modified":"2024-10-17T16:22:05","modified_gmt":"2024-10-17T19:22:05","slug":"romaria-de-divina-pastora-deve-acolher-200-mil-peregrinos","status":"publish","type":"post","link":"https:\/\/senoticias.com.br\/se\/romaria-de-divina-pastora-deve-acolher-200-mil-peregrinos\/","title":{"rendered":"Romaria \u00e0 Divina Pastora acontece neste fim de semana; confira a programa\u00e7\u00e3o"},"content":{"rendered":"<p class=\"p1\"><span class=\"s1\">Com o tema \u201cMaria, mulher de ora\u00e7\u00e3o\u201d, a Igreja Cat\u00f3lica promove, nos pr\u00f3ximos s\u00e1bado (19) e domingo (20), a 66\u00aa Peregrina\u00e7\u00e3o em louvor \u00e0 Nossa Senhora Divina Pastora, padroeira de Sergipe. Para o primeiro dia est\u00e3o previstas, missa, show musical, ros\u00e1rio e adora\u00e7\u00e3o no Santu\u00e1rio. No domingo pela manh\u00e3, a imagem da santa ser\u00e1 levada em peregrina\u00e7\u00e3o pelos fi\u00e9is da cidade de Riachuelo at\u00e9 Divina Pastora. A previs\u00e3o \u00e9 que cerca de 200 mil peregrinos prestigiem a romaria.<\/span><\/p>\n<div class=\"mceTemp\">\n<div id=\"attachment_144617\" style=\"width: 575px\" class=\"wp-caption aligncenter\"><a href=\"https:\/\/senoticias.com.br\/se\/wp-content\/uploads\/2024\/10\/IMG_0292-e1729180648127.jpeg\"><img loading=\"lazy\" decoding=\"async\" aria-describedby=\"caption-attachment-144617\" class=\"size-full wp-image-144617\" src=\"https:\/\/senoticias.com.br\/se\/wp-content\/uploads\/2024\/10\/IMG_0292-e1729180648127.jpeg\" alt=\"\" width=\"565\" height=\"376\" \/><\/a><p id=\"caption-attachment-144617\" class=\"wp-caption-text\">Igreja Cat\u00f3lica promove, nos pr\u00f3ximos s\u00e1bado (19) e domingo (20), a 66\u00aa Peregrina\u00e7\u00e3o em Divina Pastora &#8211; Foto: ascom\/divulga\u00e7\u00e3o<\/p>\n<p><\/p><\/div>\n<p class=\"p1\"><span class=\"s1\">A Missa de abertura da programa\u00e7\u00e3o religiosa vai acontecer \u00e0s 20 horas do s\u00e1bado, sob a presid\u00eancia do bispo diocesano de Est\u00e2ncia, dom Genivaldo Garcia. Logo ap\u00f3s a celebra\u00e7\u00e3o, haver\u00e1 um show musical com Flavinho. O padre Jhonatan Michael, reitor do Santu\u00e1rio da Divina Pastora, ressalta que todos os esfor\u00e7os foram empreendidos no sentido de proporcionar conforto e seguran\u00e7a para os milhares de peregrinos.<\/span><\/p>\n<p class=\"p1\"><span class=\"s1\">Para o domingo foram programadas quatro celebra\u00e7\u00f5es eucar\u00edsticas: 5 horas, missa no Santu\u00e1rio, com o padre Jhonatan Michael; Tamb\u00e9m \u00e0s 5 horas, missa e b\u00ean\u00e7\u00e3o de envio em Riachuelo, \u00e0 cargo de dom Josaf\u00e1 Menezes, arcebispo metropolitano de Aracaju: \u00c0s 8 horas, missa diante do Santu\u00e1rio, a ser celebrada por dom V\u00edtor Agnaldo, bispo de Propri\u00e1, e \u00e0s 15 horas, missa de encerramento, a cargo de dom Josaf\u00e1.<\/span><\/p>\n<p class=\"p1\"><span class=\"s1\">A cidade de Divina Pastora, na regi\u00e3o da Cotinguiba, \u00e9 o principal centro receptivo de peregrina\u00e7\u00f5es de Sergipe. Desde 1958, a pequena cidade tem recebido in\u00fameras peregrina\u00e7\u00f5es anuais, com uma diversidade de grupos, como os universit\u00e1rios da Juventude Universit\u00e1ria Cat\u00f3lica (JUC), Legi\u00e3o de Maria e Ter\u00e7o dos Homens. Desde o ano de 1971, ocorre uma grande peregrina\u00e7\u00e3o organizada pela Prov\u00edncia Eclesi\u00e1stica de Aracaju, sempre no terceiro domingo de outubro. Esse evento religioso chega a reunir mais de 200 mil peregrinos de Sergipe e de outros estados.<\/span><\/p>\n<p><strong><em>Acompanhe tamb\u00e9m o SE Not\u00edcias no\u00a0<a href=\"https:\/\/www.instagram.com\/senoticias\/\" target=\"_blank\" rel=\"noreferrer noopener\">Instagram<\/a><\/em><\/strong>,\u00a0<strong><em>\u00a0<a href=\"https:\/\/www.facebook.com\/senoticias1\" target=\"_blank\" rel=\"noreferrer noopener\">Facebook<\/a>\u00a0e\u00a0no<\/em>\u00a0<em><a href=\"https:\/\/twitter.com\/Senoticias\">X<\/a><\/em><\/strong><\/p>\n<p class=\"p1\"><span class=\"s1\">Fonte: Arquidiocese de Aracaju<\/span><\/p>\n<\/div>\n","protected":false},"excerpt":{"rendered":"<p>Com o tema \u201cMaria, mulher de ora\u00e7\u00e3o\u201d, a Igreja Cat\u00f3lica promove, nos pr\u00f3ximos s\u00e1bado (19) e domingo (20), a 66\u00aa Peregrina\u00e7\u00e3o em louvor \u00e0 Nossa Senhora Divina Pastora, padroeira de Sergipe. Para o primeiro dia est\u00e3o previstas, missa, show musical, ros\u00e1rio e adora\u00e7\u00e3o no Santu\u00e1rio. No domingo pela manh\u00e3, a imagem da santa ser\u00e1 levada [&hellip;]<\/p>\n","protected":false},"author":6557,"featured_media":144617,"comment_status":"closed","ping_status":"closed","sticky":false,"template":"","format":"standard","meta":{"footnotes":""},"categories":[15,46],"tags":[14117,42434,42433],"class_list":{"0":"post-144616","1":"post","2":"type-post","3":"status-publish","4":"format-standard","5":"has-post-thumbnail","7":"category-destaques","8":"category-religiao","9":"tag-nossa-senhora-divina-pastora","10":"tag-peregrinos","11":"tag-romaria-da-divina-pastora"},"_links":{"self":[{"href":"https:\/\/senoticias.com.br\/se\/wp-json\/wp\/v2\/posts\/144616"}],"collection":[{"href":"https:\/\/senoticias.com.br\/se\/wp-json\/wp\/v2\/posts"}],"about":[{"href":"https:\/\/senoticias.com.br\/se\/wp-json\/wp\/v2\/types\/post"}],"author":[{"embeddable":true,"href":"https:\/\/senoticias.com.br\/se\/wp-json\/wp\/v2\/users\/6557"}],"replies":[{"embeddable":true,"href":"https:\/\/senoticias.com.br\/se\/wp-json\/wp\/v2\/comments?post=144616"}],"version-history":[{"count":0,"href":"https:\/\/senoticias.com.br\/se\/wp-json\/wp\/v2\/posts\/144616\/revisions"}],"wp:featuredmedia":[{"embeddable":true,"href":"https:\/\/senoticias.com.br\/se\/wp-json\/wp\/v2\/media\/144617"}],"wp:attachment":[{"href":"https:\/\/senoticias.com.br\/se\/wp-json\/wp\/v2\/media?parent=144616"}],"wp:term":[{"taxonomy":"category","embeddable":true,"href":"https:\/\/senoticias.com.br\/se\/wp-json\/wp\/v2\/categories?post=144616"},{"taxonomy":"post_tag","embeddable":true,"href":"https:\/\/senoticias.com.br\/se\/wp-json\/wp\/v2\/tags?post=144616"}],"curies":[{"name":"wp","href":"https:\/\/api.w.org\/{rel}","templated":true}]}}